{"id":1094,"date":"2023-08-21T13:18:17","date_gmt":"2023-08-21T18:18:17","guid":{"rendered":"https:\/\/elcuyabranpost.com\/?p=1094"},"modified":"2023-08-21T13:18:56","modified_gmt":"2023-08-21T18:18:56","slug":"una-deuda-historica","status":"publish","type":"post","link":"https:\/\/elcuyabranpost.com\/index.php\/2023\/08\/21\/una-deuda-historica\/","title":{"rendered":"Una deuda hist\u00f3rica"},"content":{"rendered":"\n<div style=\"height:100px\" aria-hidden=\"true\" class=\"wp-block-spacer\"><\/div>\n\n\n\n<p style=\"font-size:22px\">Seg\u00fan el m\u00e1s reciente informe del observatorio Feminicidios Colombia a corte de junio de 2023, se han registrado 252 feminicidios en este pa\u00eds; dos en el Quind\u00edo. Estos datos exponen, una vez m\u00e1s, la urgencia de desarrollar estrategias efectivas para garantizar la integridad, la vida y el bienestar de las ni\u00f1as, j\u00f3venes y mujeres adultas de Colombia. Es claro que se deben endurecer las penas y hacer m\u00e1s eficiente el aparato judicial en materia de delitos vinculados con g\u00e9nero.<\/p>\n\n\n\n<div style=\"height:100px\" aria-hidden=\"true\" class=\"wp-block-spacer\"><\/div>\n\n\n\n<p style=\"font-size:22px\">Hace escasos tres meses fue aprobado el Plan Nacional de Desarrollo \u201cColombia, potencia mundial de la vida\u201d, y con \u00e9l, entr\u00f3 en vigencia su Art\u00edculo 342. All\u00ed se declara la <strong>emergencia por violencia de g\u00e9nero en el pa\u00eds<\/strong>, una petici\u00f3n de las mujeres colombianas que abander\u00f3 la senadora Mar\u00eda Jos\u00e9 Pizarro, respaldada por diferentes sectores, incluyendo congresistas de la oposici\u00f3n, como la senadora Paloma Valencia, del Centro Democr\u00e1tico, y que logr\u00f3 ser incluida en el documento aprobado por el Legislativo. Lo que propone este art\u00edculo es tomar acciones urgentes para superar las situaciones exacerbadas de violencia contra mujeres producto de prejuicios, estereotipos de g\u00e9nero y relaciones estructurales desiguales de poder. En ese sentido, el gobierno podr\u00e1 constituir cuerpos especiales de la fuerza p\u00fablica para brindar atenci\u00f3n focalizada en violencias basadas en g\u00e9nero; capacitar empleados gubernamentales, miembros de la rama judicial, entre otras instituciones; y priorizar recursos y capacidades t\u00e9cnicas en la prevenci\u00f3n, investigaci\u00f3n y sanci\u00f3n de las conductas violentas.<\/p>\n\n\n\n<div style=\"height:100px\" aria-hidden=\"true\" class=\"wp-block-spacer\"><\/div>\n\n\n\n<p style=\"font-size:22px\">Otros de los puntos destacados son la instalaci\u00f3n de un mecanismo articulador para el abordaje integral de las violencias por razones de sexo y g\u00e9nero, una mesa intersectorial liderada por la Consejer\u00eda Presidencial para la Equidad de las Mujeres, y la obligaci\u00f3n de desarrollar acciones para dise\u00f1ar y activar efectivamente las rutas y protocolos de atenci\u00f3n, independientemente de la instauraci\u00f3n de la denuncia. Es decir, que para que las autoridades puedan intervenir, no sea necesario que la v\u00edctima haya denunciado.<\/p>\n\n\n\n<div style=\"height:100px\" aria-hidden=\"true\" class=\"wp-block-spacer\"><\/div>\n\n\n\n<p style=\"font-size:22px\">En Colombia y en el Eje Cafetero el panorama es desalentador y algunos colectivos de investigaci\u00f3n aseguran que tiende a empeorar; por eso se espera que la instauraci\u00f3n de esta herramienta fortalezca la articulaci\u00f3n interinstitucional y mejore las iniciativas que est\u00e1n en curso en la Consejer\u00eda Presidencial para la Equidad de la Mujer, por ejemplo el ya existente Sistema Nacional de Registro, Monitoreo y Seguimiento de las Violencias Basadas en G\u00e9nero. Una de las inquietudes m\u00e1s recurrentes de quienes se han interesado por este proceso, que promete mejorar las condiciones y disminuir la cifra de violencia a partir de su intervenci\u00f3n, es la financiaci\u00f3n. Materializar estas iniciativas requiere dinero. Los anuncios sin sustento financiero se convierten en promesas vac\u00edas, como est\u00e1 pasando con el Ministerio de la Igualdad. De acuerdo con el equipo de la senadora Pizarro, estar dentro del Plan de Desarrollo evita ese riesgo, ya que este documento conlleva un principio de concurrencia, lo que obliga al gobierno a asegurar los fondos que requieren las diferentes entidades encargadas de ejecutar las iniciativas.<\/p>\n\n\n\n<div style=\"height:100px\" aria-hidden=\"true\" class=\"wp-block-spacer\"><\/div>\n\n\n\n<p style=\"font-size:22px\">Con el pa\u00eds y la regi\u00f3n en emergencia, las activistas y veedoras esperamos que finalmente la normativa haga el eco que corresponde y repercuta de manera directa en la calidad de vida de las mujeres. De lo contrario, mantendremos en voz latente, como cada 8 de marzo, cuando las calles se pintan de color violeta para honrar lo que hist\u00f3ricamente se ha conseguido, pero tambi\u00e9n para recordar las deudas que se mantienen vigentes, y que se deben subsanar, de manera definitiva, por el bienestar de todas.<\/p>\n\n\n\n<div class=\"wp-block-columns is-layout-flex wp-container-core-columns-is-layout-1 wp-block-columns-is-layout-flex\">\n<div class=\"wp-block-column is-layout-flow wp-block-column-is-layout-flow\" style=\"flex-basis:33.33%\">\n<figure class=\"wp-block-image size-full\"><img data-recalc-dims=\"1\" loading=\"lazy\" decoding=\"async\" width=\"160\" height=\"169\" src=\"https:\/\/i0.wp.com\/elcuyabranpost.com\/wp-content\/uploads\/2023\/08\/Catalina-Toro-sm.png?resize=160%2C169&#038;ssl=1\" alt=\"\" class=\"wp-image-1096\"\/><\/figure>\n<\/div>\n\n\n\n<div class=\"wp-block-column is-layout-flow wp-block-column-is-layout-flow\" style=\"flex-basis:66.66%\">\n<div style=\"height:100px\" aria-hidden=\"true\" class=\"wp-block-spacer\"><\/div>\n\n\n\n<p class=\"has-text-align-right\"><strong>Catalina Toro<\/strong><\/p>\n\n\n\n<p class=\"has-text-align-right\">Comunicadora social especialista en Econom\u00eda P\u00fablica<\/p>\n<\/div>\n<\/div>\n","protected":false},"excerpt":{"rendered":"<p>Seg\u00fan el m\u00e1s reciente informe del observatorio Feminicidios Colombia a corte de junio de 2023, se han registrado 252 feminicidios en este pa\u00eds; dos en el Quind\u00edo. Estos datos exponen, una vez m\u00e1s, la urgencia de desarrollar estrategias efectivas para garantizar la integridad, la vida y el bienestar de las ni\u00f1as, j\u00f3venes y mujeres adultas [&hellip;]<\/p>\n","protected":false},"author":1,"featured_media":1095,"comment_status":"open","ping_status":"open","sticky":false,"template":"","format":"standard","meta":{"om_disable_all_campaigns":false,"_monsterinsights_skip_tracking":false,"_monsterinsights_sitenote_active":false,"_monsterinsights_sitenote_note":"","_monsterinsights_sitenote_category":0,"_uf_show_specific_survey":0,"_uf_disable_surveys":false,"_jetpack_memberships_contains_paid_content":false,"footnotes":""},"categories":[1,40],"tags":[63,64,65,66],"class_list":["post-1094","post","type-post","status-publish","format-standard","has-post-thumbnail","hentry","category-blog","category-opinion","tag-feminicidio","tag-justicia","tag-legislativo","tag-plan-nacional-de-desarrollo"],"aioseo_notices":[],"jetpack_featured_media_url":"https:\/\/i0.wp.com\/elcuyabranpost.com\/wp-content\/uploads\/2023\/08\/6.png?fit=1920%2C1080&ssl=1","jetpack_sharing_enabled":true,"_links":{"self":[{"href":"https:\/\/elcuyabranpost.com\/index.php\/wp-json\/wp\/v2\/posts\/1094"}],"collection":[{"href":"https:\/\/elcuyabranpost.com\/index.php\/wp-json\/wp\/v2\/posts"}],"about":[{"href":"https:\/\/elcuyabranpost.com\/index.php\/wp-json\/wp\/v2\/types\/post"}],"author":[{"embeddable":true,"href":"https:\/\/elcuyabranpost.com\/index.php\/wp-json\/wp\/v2\/users\/1"}],"replies":[{"embeddable":true,"href":"https:\/\/elcuyabranpost.com\/index.php\/wp-json\/wp\/v2\/comments?post=1094"}],"version-history":[{"count":2,"href":"https:\/\/elcuyabranpost.com\/index.php\/wp-json\/wp\/v2\/posts\/1094\/revisions"}],"predecessor-version":[{"id":1102,"href":"https:\/\/elcuyabranpost.com\/index.php\/wp-json\/wp\/v2\/posts\/1094\/revisions\/1102"}],"wp:featuredmedia":[{"embeddable":true,"href":"https:\/\/elcuyabranpost.com\/index.php\/wp-json\/wp\/v2\/media\/1095"}],"wp:attachment":[{"href":"https:\/\/elcuyabranpost.com\/index.php\/wp-json\/wp\/v2\/media?parent=1094"}],"wp:term":[{"taxonomy":"category","embeddable":true,"href":"https:\/\/elcuyabranpost.com\/index.php\/wp-json\/wp\/v2\/categories?post=1094"},{"taxonomy":"post_tag","embeddable":true,"href":"https:\/\/elcuyabranpost.com\/index.php\/wp-json\/wp\/v2\/tags?post=1094"}],"curies":[{"name":"wp","href":"https:\/\/api.w.org\/{rel}","templated":true}]}}