{"id":1213,"date":"2023-09-04T11:56:20","date_gmt":"2023-09-04T16:56:20","guid":{"rendered":"https:\/\/elcuyabranpost.com\/?p=1213"},"modified":"2023-09-04T12:37:13","modified_gmt":"2023-09-04T17:37:13","slug":"soy-narciso-y-atembao-no-neurodivergente","status":"publish","type":"post","link":"https:\/\/elcuyabranpost.com\/index.php\/2023\/09\/04\/soy-narciso-y-atembao-no-neurodivergente\/","title":{"rendered":"III \u2014 Soy narciso y atembao. No neurodivergente."},"content":{"rendered":"\n<p style=\"font-size:22px\">Dicen que \u201cse atraen m\u00e1s moscas con miel que con hiel\u201d. Bueno, se atraen m\u00e1s moscas disecando un cad\u00e1ver en p\u00fablico, pero eso ser\u00eda de muy mal gusto. Prefiero cambiar de tema.<\/p>\n\n\n\n<div style=\"height:100px\" aria-hidden=\"true\" class=\"wp-block-spacer\"><\/div>\n\n\n\n<p style=\"font-size:22px\">Envejecer, m\u00e1s que madurar, es ir acumulando historias y asuntos personales que no se pueden discutir abiertamente con cualquier hijo de vecino; algunos aspectos pueden resultar indigeribles, muchas personas van a terminar vi\u00e9ndote como un monstruo (porque puede que lo seas) y aquellas discusiones quedan mejor en la reserva o en el div\u00e1n.<\/p>\n\n\n\n<div style=\"height:100px\" aria-hidden=\"true\" class=\"wp-block-spacer\"><\/div>\n\n\n\n<p style=\"font-size:22px\">La sociedad (incluyendo los profesionales y escuelas de ciencias de la salud y disciplinas afines como la psicolog\u00eda cl\u00ednica \u2018normal\u2019 y la psiquiatr\u00eda) teme y tiende a estigmatizar a las personas que lidian con aspectos de su salud mental; es un fen\u00f3meno instintivo primitivo que tiene un ancestro com\u00fan con el asco, las cuarentenas, los tubercularios y la exclusi\u00f3n de los leprosos.<\/p>\n\n\n\n<div style=\"height:100px\" aria-hidden=\"true\" class=\"wp-block-spacer\"><\/div>\n\n\n\n<p style=\"font-size:22px\">Aprovechemos esta momento de controversia incipiente generado por un rumor, por la declaraci\u00f3n de un familiar sobre la posible existencia una condici\u00f3n, digamos \u201cneurol\u00f3gica\u201d del Presidente de la Rep\u00fablica. Un \u2014como le gusta decir a los periodistas\u2014 presunto \u201cs\u00edndrome de Asperger\u201d.<\/p>\n\n\n\n<div style=\"height:100px\" aria-hidden=\"true\" class=\"wp-block-spacer\"><\/div>\n\n\n\n<p style=\"font-size:22px\">En este pa\u00eds de la ignorancia, seguramente pocas personas entienden qu\u00e9 es eso: parece que se prepara un nuevo escenario en el cual <em>perratear\u00e1n<\/em> la salud mental de todos con el prop\u00f3sito de soltar en el ambiente la idea de que Petro tiene alg\u00fan tipo de discapacidad, mientras su base m\u00e1s fan\u00e1tica dir\u00e1 que aquel diagn\u00f3stico explicar\u00eda alg\u00fan tipo de genialidad en su caudillo.<\/p>\n\n\n\n<div style=\"height:100px\" aria-hidden=\"true\" class=\"wp-block-spacer\"><\/div>\n\n\n\n<p style=\"font-size:22px\">No se imaginan la magnitud del da\u00f1o que est\u00e1n haciendo.<\/p>\n\n\n\n<div style=\"height:100px\" aria-hidden=\"true\" class=\"wp-block-spacer\"><\/div>\n\n\n\n<p style=\"font-size:22px\">El problema que tuvo que abordar el dr. Asperger y sus colegas a finales de la d\u00e9cada de 1930 sigue vigente. Las personas en el espectro autista tienen una gran diversidad de fenotipos, manifestaciones y severidad de los rasgos que presentan. El abordaje cient\u00edfico de este problema y sus implicaciones sociales han sido de una complejidad sobrecogedora: personas excluidas, incomprendidas, que no encajan en una sociedad despiadada y brutal a pesar de poseer capacidades y talentos especiales.<\/p>\n\n\n\n<div style=\"height:100px\" aria-hidden=\"true\" class=\"wp-block-spacer\"><\/div>\n\n\n\n<p style=\"font-size:22px\">Ahora relaj\u00e9monos y veamos como la mencionada sociedad ignorante, estigmatizadora y destructiva arroja al ca\u00f1o el trabajo de un siglo de trabajo en neuropediatr\u00eda.<\/p>\n\n\n\n<div class=\"wp-block-columns is-layout-flex wp-container-core-columns-is-layout-1 wp-block-columns-is-layout-flex\">\n<div class=\"wp-block-column is-layout-flow wp-block-column-is-layout-flow\" style=\"flex-basis:33.33%\">\n<figure class=\"wp-block-image size-full is-resized\"><img data-recalc-dims=\"1\" loading=\"lazy\" decoding=\"async\" src=\"https:\/\/i0.wp.com\/elcuyabranpost.com\/wp-content\/uploads\/2023\/09\/Sebastian-Ruiz.png?resize=186%2C186&#038;ssl=1\" alt=\"\" class=\"wp-image-1214\" style=\"width:186px;height:186px\" width=\"186\" height=\"186\" srcset=\"https:\/\/i0.wp.com\/elcuyabranpost.com\/wp-content\/uploads\/2023\/09\/Sebastian-Ruiz.png?w=478&amp;ssl=1 478w, https:\/\/i0.wp.com\/elcuyabranpost.com\/wp-content\/uploads\/2023\/09\/Sebastian-Ruiz.png?resize=300%2C300&amp;ssl=1 300w, https:\/\/i0.wp.com\/elcuyabranpost.com\/wp-content\/uploads\/2023\/09\/Sebastian-Ruiz.png?resize=150%2C150&amp;ssl=1 150w\" sizes=\"(max-width: 186px) 100vw, 186px\" \/><\/figure>\n<\/div>\n\n\n\n<div class=\"wp-block-column is-layout-flow wp-block-column-is-layout-flow\" style=\"flex-basis:66.66%\">\n<div style=\"height:100px\" aria-hidden=\"true\" class=\"wp-block-spacer\"><\/div>\n\n\n\n<p class=\"has-text-align-right\"><strong>Sebasti\u00e1n Ruiz<\/strong><\/p>\n\n\n\n<p class=\"has-text-align-right\">M\u00e9dico editor<\/p>\n<\/div>\n<\/div>\n","protected":false},"excerpt":{"rendered":"<p>Dicen que \u201cse atraen m\u00e1s moscas con miel que con hiel\u201d. Bueno, se atraen m\u00e1s moscas disecando un cad\u00e1ver en p\u00fablico, pero eso ser\u00eda de muy mal gusto. Prefiero cambiar de tema. Envejecer, m\u00e1s que madurar, es ir acumulando historias y asuntos personales que no se pueden discutir abiertamente con cualquier hijo de vecino; algunos [&hellip;]<\/p>\n","protected":false},"author":1,"featured_media":894,"comment_status":"open","ping_status":"open","sticky":false,"template":"","format":"standard","meta":{"om_disable_all_campaigns":false,"_monsterinsights_skip_tracking":false,"_monsterinsights_sitenote_active":false,"_monsterinsights_sitenote_note":"","_monsterinsights_sitenote_category":0,"_uf_show_specific_survey":0,"_uf_disable_surveys":false,"_jetpack_memberships_contains_paid_content":false,"footnotes":""},"categories":[40],"tags":[87,86,32],"class_list":["post-1213","post","type-post","status-publish","format-standard","has-post-thumbnail","hentry","category-opinion","tag-asperger","tag-psicologia","tag-salud-mental"],"aioseo_notices":[],"jetpack_featured_media_url":"https:\/\/i0.wp.com\/elcuyabranpost.com\/wp-content\/uploads\/2023\/08\/4.png?fit=1920%2C1080&ssl=1","jetpack_sharing_enabled":true,"_links":{"self":[{"href":"https:\/\/elcuyabranpost.com\/index.php\/wp-json\/wp\/v2\/posts\/1213"}],"collection":[{"href":"https:\/\/elcuyabranpost.com\/index.php\/wp-json\/wp\/v2\/posts"}],"about":[{"href":"https:\/\/elcuyabranpost.com\/index.php\/wp-json\/wp\/v2\/types\/post"}],"author":[{"embeddable":true,"href":"https:\/\/elcuyabranpost.com\/index.php\/wp-json\/wp\/v2\/users\/1"}],"replies":[{"embeddable":true,"href":"https:\/\/elcuyabranpost.com\/index.php\/wp-json\/wp\/v2\/comments?post=1213"}],"version-history":[{"count":1,"href":"https:\/\/elcuyabranpost.com\/index.php\/wp-json\/wp\/v2\/posts\/1213\/revisions"}],"predecessor-version":[{"id":1215,"href":"https:\/\/elcuyabranpost.com\/index.php\/wp-json\/wp\/v2\/posts\/1213\/revisions\/1215"}],"wp:featuredmedia":[{"embeddable":true,"href":"https:\/\/elcuyabranpost.com\/index.php\/wp-json\/wp\/v2\/media\/894"}],"wp:attachment":[{"href":"https:\/\/elcuyabranpost.com\/index.php\/wp-json\/wp\/v2\/media?parent=1213"}],"wp:term":[{"taxonomy":"category","embeddable":true,"href":"https:\/\/elcuyabranpost.com\/index.php\/wp-json\/wp\/v2\/categories?post=1213"},{"taxonomy":"post_tag","embeddable":true,"href":"https:\/\/elcuyabranpost.com\/index.php\/wp-json\/wp\/v2\/tags?post=1213"}],"curies":[{"name":"wp","href":"https:\/\/api.w.org\/{rel}","templated":true}]}}