{"id":1250,"date":"2023-09-15T16:21:37","date_gmt":"2023-09-15T21:21:37","guid":{"rendered":"https:\/\/elcuyabranpost.com\/?p=1250"},"modified":"2023-09-15T16:43:44","modified_gmt":"2023-09-15T21:43:44","slug":"feroz-se-asoma-al-alma-de-las-reclusas-de-villa-cristina","status":"publish","type":"post","link":"https:\/\/elcuyabranpost.com\/index.php\/2023\/09\/15\/feroz-se-asoma-al-alma-de-las-reclusas-de-villa-cristina\/","title":{"rendered":"Feroz se asoma al alma de las reclusas de Villa Cristina"},"content":{"rendered":"\n<figure class=\"wp-block-image size-large\"><img data-recalc-dims=\"1\" loading=\"lazy\" decoding=\"async\" width=\"1024\" height=\"576\" src=\"https:\/\/i0.wp.com\/elcuyabranpost.com\/wp-content\/uploads\/2023\/09\/3-1024x576.jpg?resize=1024%2C576&#038;ssl=1\" alt=\"\" class=\"wp-image-1251\" srcset=\"https:\/\/i0.wp.com\/elcuyabranpost.com\/wp-content\/uploads\/2023\/09\/3.jpg?resize=1024%2C576&amp;ssl=1 1024w, https:\/\/i0.wp.com\/elcuyabranpost.com\/wp-content\/uploads\/2023\/09\/3.jpg?resize=300%2C169&amp;ssl=1 300w, https:\/\/i0.wp.com\/elcuyabranpost.com\/wp-content\/uploads\/2023\/09\/3.jpg?resize=768%2C432&amp;ssl=1 768w, https:\/\/i0.wp.com\/elcuyabranpost.com\/wp-content\/uploads\/2023\/09\/3.jpg?resize=1536%2C864&amp;ssl=1 1536w, https:\/\/i0.wp.com\/elcuyabranpost.com\/wp-content\/uploads\/2023\/09\/3.jpg?w=1920&amp;ssl=1 1920w\" sizes=\"(max-width: 1000px) 100vw, 1000px\" \/><\/figure>\n\n\n\n<p style=\"font-size:22px\">\u00bfLa vida cambia luego de un premio Sim\u00f3n Bol\u00edvar? Para muchos esta ser\u00eda la oportunidad de buscar fama, gloria, m\u00e1s dinero. Para Feroz el haber sido reconocido como el autor de la mejor caricatura del a\u00f1o pasado lo llev\u00f3 a otro destino, uno en el que la cercan\u00eda y el di\u00e1logo con personas privadas de la libertad le brinca. Parad\u00f3jicamente, la libertad de moverse en otros g\u00e9neros period\u00edsticos m\u00e1s cercanos a lo testimonial que a la opini\u00f3n que hace diariamente en sus caricaturas de La Nueva Cr\u00f3nica. <\/p>\n\n\n\n<div style=\"height:100px\" aria-hidden=\"true\" class=\"wp-block-spacer\"><\/div>\n\n\n\n<p style=\"font-size:22px\">Hace un par de meses, luego de haberse alzado con el premio de periodismo m\u00e1s importante del pa\u00eds, recibi\u00f3 una llamada de la oficina de la Gestora Social del departamento para invitarlo a hacer parte de la publicaci\u00f3n de un libro. Su rol en el proyecto estaba claro: era la ilustraci\u00f3n. Pero no sab\u00eda con qu\u00e9 material iba a trabajar. \u201cMe dijeron que era para trabajar con las reclusas del centro penitenciario Villa Cristina. En un inicio, pens\u00e9 que era hacer unas ilustraciones relativas a este asunto, pero era m\u00e1s profundo porque buscaba mostrar los sue\u00f1os de esas internas a trav\u00e9s de unos textos y una ilustraci\u00f3n que mostrara su alma\u201d.<\/p>\n\n\n\n<figure class=\"wp-block-image size-large\"><img data-recalc-dims=\"1\" loading=\"lazy\" decoding=\"async\" width=\"1024\" height=\"576\" src=\"https:\/\/i0.wp.com\/elcuyabranpost.com\/wp-content\/uploads\/2023\/09\/1-1024x576.jpg?resize=1024%2C576&#038;ssl=1\" alt=\"\" class=\"wp-image-1252\" srcset=\"https:\/\/i0.wp.com\/elcuyabranpost.com\/wp-content\/uploads\/2023\/09\/1.jpg?resize=1024%2C576&amp;ssl=1 1024w, https:\/\/i0.wp.com\/elcuyabranpost.com\/wp-content\/uploads\/2023\/09\/1.jpg?resize=300%2C169&amp;ssl=1 300w, https:\/\/i0.wp.com\/elcuyabranpost.com\/wp-content\/uploads\/2023\/09\/1.jpg?resize=768%2C432&amp;ssl=1 768w, https:\/\/i0.wp.com\/elcuyabranpost.com\/wp-content\/uploads\/2023\/09\/1.jpg?resize=1536%2C864&amp;ssl=1 1536w, https:\/\/i0.wp.com\/elcuyabranpost.com\/wp-content\/uploads\/2023\/09\/1.jpg?w=1920&amp;ssl=1 1920w\" sizes=\"(max-width: 1000px) 100vw, 1000px\" \/><\/figure>\n\n\n\n<p style=\"font-size:22px\">La experiencia le exigi\u00f3 acercarse a ellas y dialogar. \u201c\u00bfLe echaron los perros?\u201d, le pregunto. Contesta que no, ri\u00e9ndose. \u201cEs muy diferente sacar un retrato sin haber visto sus movimientos, sin una impresi\u00f3n que esa persona genera en uno, porque uno dibuja es esa impresi\u00f3n, porque la idea es dibujar algo vivo y tratar de capturar su alma. En ese primer encuentro hice muchos bocetos muy r\u00e1pido, me qued\u00f3 doliendo la mano porque dibuj\u00e9 a la lata, y en los sucesivos perfeccione la l\u00ednea\u201d. <\/p>\n\n\n\n<div style=\"height:100px\" aria-hidden=\"true\" class=\"wp-block-spacer\"><\/div>\n\n\n\n<p style=\"font-size:22px\">De los encuentros surgieron retratos que plasman un mundo interior rico, mucho m\u00e1s amplio que el per\u00edmetro de sus celdas. \u201cA una de ellas, de las m\u00e1s extrovertidas, le pregunt\u00e9 qu\u00e9 quer\u00eda hacer cuando saliera, si montar un negocio, irse a pasear o abrazar a sus hijos. Me dijo que quer\u00eda sentir el pasto en los pies\u2026 salir a caminar descalza, porque adentro no tienen espacios as\u00ed. A otra interna, particularmente, le dicen el mono y est\u00e1 muy orgullosa de su boso. Pidi\u00f3 expresamente que se lo dejara porque le gusta su apariencia muy masculina. Les gusta verse con el cabello suelto porque mantienen con el pelo recogido\u201d, narra.<\/p>\n\n\n\n<figure class=\"wp-block-image size-large\"><img data-recalc-dims=\"1\" loading=\"lazy\" decoding=\"async\" width=\"1024\" height=\"576\" src=\"https:\/\/i0.wp.com\/elcuyabranpost.com\/wp-content\/uploads\/2023\/09\/2-1024x576.jpg?resize=1024%2C576&#038;ssl=1\" alt=\"\" class=\"wp-image-1253\" srcset=\"https:\/\/i0.wp.com\/elcuyabranpost.com\/wp-content\/uploads\/2023\/09\/2.jpg?resize=1024%2C576&amp;ssl=1 1024w, https:\/\/i0.wp.com\/elcuyabranpost.com\/wp-content\/uploads\/2023\/09\/2.jpg?resize=300%2C169&amp;ssl=1 300w, https:\/\/i0.wp.com\/elcuyabranpost.com\/wp-content\/uploads\/2023\/09\/2.jpg?resize=768%2C432&amp;ssl=1 768w, https:\/\/i0.wp.com\/elcuyabranpost.com\/wp-content\/uploads\/2023\/09\/2.jpg?resize=1536%2C864&amp;ssl=1 1536w, https:\/\/i0.wp.com\/elcuyabranpost.com\/wp-content\/uploads\/2023\/09\/2.jpg?w=1920&amp;ssl=1 1920w\" sizes=\"(max-width: 1000px) 100vw, 1000px\" \/><\/figure>\n\n\n\n<p style=\"font-size:22px\">Y aunque reconoce que el tiempo para interactuar con sus personajes fue muy corto, Feroz alcanza a reconocer patrones. \u201cUno ve mucho enga\u00f1o. Personas que confiaron en alguien y que las termin\u00f3 metiendo en un escenario con estupefacientes o con cuestiones de trata de personas. Hay muchas cuestiones de confianza y de estar en el lugar equivocado. Y aunque hay historias complejas, ocultas, en general uno no percibe maldad. Ellas est\u00e1n arrepentidas de haber confiado en quien no deb\u00edan\u201d.<\/p>\n\n\n\n<div style=\"height:100px\" aria-hidden=\"true\" class=\"wp-block-spacer\"><\/div>\n\n\n\n<p style=\"font-size:22px\">El cambio de rango (desde algo m\u00e1s humor\u00edstico a piezas m\u00e1s introspectivas) sigue siendo t\u00edmido. La l\u00ednea tradicional del caricaturista todav\u00eda se siente. Pero representa una ampliaci\u00f3n de su registro, un punto de escape, una perspectiva que lo podr\u00eda llevar a incursionar con su firma en el mercado de la ilustraci\u00f3n. Que aunque siempre lo ha sido, es una faceta m\u00e1s desconocida por ser trabajos comerciales.<\/p>\n\n\n\n<div style=\"height:100px\" aria-hidden=\"true\" class=\"wp-block-spacer\"><\/div>\n\n\n\n<p style=\"font-size:22px\">\u201cLos proyectos personales est\u00e1n en mente desde hace mucho tiempo, pero no he sido muy juicioso. Siempre est\u00e1 el trabajo y uno no administra bien el tiempo para esos trabajos personales, pero siempre est\u00e1n en mente. Son cositas de las que uno se inculpa de no haber empezado. Hay historias, animaci\u00f3n, c\u00f3mic, recopilaciones, creaci\u00f3n de personajes\u2026 mientras uno se va volviendo m\u00e1s viejo piensa que debe trabajar menos para dedicarle m\u00e1s a lo que realmente le gusta. En este momento la cuesti\u00f3n del contenido digital y los videojuegos, es una carrera muy viva, en la que podr\u00eda estar m\u00e1s presente. Cuando uno est\u00e1 peque\u00f1o le dicen que hace mamarrachos, entonces uno lo toma como un hobby y no un ejercicio profesional. Ahora uno se da cuenta de que hay futuro\u201d.<\/p>\n","protected":false},"excerpt":{"rendered":"<p>\u00bfLa vida cambia luego de un premio Sim\u00f3n Bol\u00edvar? Para muchos esta ser\u00eda la oportunidad de buscar fama, gloria, m\u00e1s dinero. Para Feroz el haber sido reconocido como el autor de la mejor caricatura del a\u00f1o pasado lo llev\u00f3 a otro destino, uno en el que la cercan\u00eda y el di\u00e1logo con personas privadas de [&hellip;]<\/p>\n","protected":false},"author":1,"featured_media":1271,"comment_status":"open","ping_status":"open","sticky":false,"template":"","format":"standard","meta":{"om_disable_all_campaigns":false,"_monsterinsights_skip_tracking":false,"_monsterinsights_sitenote_active":false,"_monsterinsights_sitenote_note":"","_monsterinsights_sitenote_category":0,"_uf_show_specific_survey":0,"_uf_disable_surveys":false,"_jetpack_memberships_contains_paid_content":false,"footnotes":""},"categories":[105],"tags":[106,64,79,108,107],"class_list":["post-1250","post","type-post","status-publish","format-standard","has-post-thumbnail","hentry","category-plataforma","tag-feroz","tag-justicia","tag-literatura","tag-reclusos","tag-resocializacion"],"aioseo_notices":[],"jetpack_featured_media_url":"https:\/\/i0.wp.com\/elcuyabranpost.com\/wp-content\/uploads\/2023\/09\/Diseno-sin-titulo-9.jpg?fit=1920%2C1080&ssl=1","jetpack_sharing_enabled":true,"_links":{"self":[{"href":"https:\/\/elcuyabranpost.com\/index.php\/wp-json\/wp\/v2\/posts\/1250"}],"collection":[{"href":"https:\/\/elcuyabranpost.com\/index.php\/wp-json\/wp\/v2\/posts"}],"about":[{"href":"https:\/\/elcuyabranpost.com\/index.php\/wp-json\/wp\/v2\/types\/post"}],"author":[{"embeddable":true,"href":"https:\/\/elcuyabranpost.com\/index.php\/wp-json\/wp\/v2\/users\/1"}],"replies":[{"embeddable":true,"href":"https:\/\/elcuyabranpost.com\/index.php\/wp-json\/wp\/v2\/comments?post=1250"}],"version-history":[{"count":1,"href":"https:\/\/elcuyabranpost.com\/index.php\/wp-json\/wp\/v2\/posts\/1250\/revisions"}],"predecessor-version":[{"id":1254,"href":"https:\/\/elcuyabranpost.com\/index.php\/wp-json\/wp\/v2\/posts\/1250\/revisions\/1254"}],"wp:featuredmedia":[{"embeddable":true,"href":"https:\/\/elcuyabranpost.com\/index.php\/wp-json\/wp\/v2\/media\/1271"}],"wp:attachment":[{"href":"https:\/\/elcuyabranpost.com\/index.php\/wp-json\/wp\/v2\/media?parent=1250"}],"wp:term":[{"taxonomy":"category","embeddable":true,"href":"https:\/\/elcuyabranpost.com\/index.php\/wp-json\/wp\/v2\/categories?post=1250"},{"taxonomy":"post_tag","embeddable":true,"href":"https:\/\/elcuyabranpost.com\/index.php\/wp-json\/wp\/v2\/tags?post=1250"}],"curies":[{"name":"wp","href":"https:\/\/api.w.org\/{rel}","templated":true}]}}