{"id":1458,"date":"2023-09-29T00:23:24","date_gmt":"2023-09-29T05:23:24","guid":{"rendered":"https:\/\/elcuyabranpost.com\/?p=1458"},"modified":"2023-09-29T07:59:32","modified_gmt":"2023-09-29T12:59:32","slug":"la-estrategia-de-parra-fue-amenazar-a-los-bomberos-y-poner-a-los-concejales-a-comprar-votos-por-perea","status":"publish","type":"post","link":"https:\/\/elcuyabranpost.com\/index.php\/2023\/09\/29\/la-estrategia-de-parra-fue-amenazar-a-los-bomberos-y-poner-a-los-concejales-a-comprar-votos-por-perea\/","title":{"rendered":"\u00bfLa estrategia de Parra fue amenazar a los bomberos y poner a los concejales a comprar votos por &#8216;Perea&#8217;?"},"content":{"rendered":"\n<p style=\"font-size:22px\"><em>Nos saltamos los protocolos y decidimos darle una presentaci\u00f3n diferente a esta columna. Primero, porque al autor le cost\u00f3 su empleo en la Nueva Cr\u00f3nica del Quind\u00edo publicar investigaciones sobre estos personajes. Y segundo, porque como pas\u00f3 en la Costa Caribe con el libro de Laura Arcila sobre el clan Char (que presion\u00f3 a Planeta para que no publicara el texto y lo retom\u00f3 Rey Naranjo para ponerlo a la venta), en El Cuyabran Post s\u00ed valoramos el periodismo serio. Para darle la bienvenida a David Salazar, ah\u00ed les va: <\/em><\/p>\n\n\n\n<p style=\"font-size:22px\">Por: David Salazar<\/p>\n\n\n\n<figure class=\"wp-block-image size-large\"><img data-recalc-dims=\"1\" loading=\"lazy\" decoding=\"async\" width=\"1024\" height=\"576\" src=\"https:\/\/i0.wp.com\/elcuyabranpost.com\/wp-content\/uploads\/2023\/09\/5-1024x576.jpg?resize=1024%2C576&#038;ssl=1\" alt=\"\" class=\"wp-image-1459\" srcset=\"https:\/\/i0.wp.com\/elcuyabranpost.com\/wp-content\/uploads\/2023\/09\/5.jpg?resize=1024%2C576&amp;ssl=1 1024w, https:\/\/i0.wp.com\/elcuyabranpost.com\/wp-content\/uploads\/2023\/09\/5.jpg?resize=300%2C169&amp;ssl=1 300w, https:\/\/i0.wp.com\/elcuyabranpost.com\/wp-content\/uploads\/2023\/09\/5.jpg?resize=768%2C432&amp;ssl=1 768w, https:\/\/i0.wp.com\/elcuyabranpost.com\/wp-content\/uploads\/2023\/09\/5.jpg?resize=1536%2C864&amp;ssl=1 1536w, https:\/\/i0.wp.com\/elcuyabranpost.com\/wp-content\/uploads\/2023\/09\/5.jpg?w=1920&amp;ssl=1 1920w\" sizes=\"(max-width: 1000px) 100vw, 1000px\" \/><figcaption class=\"wp-element-caption\"><em>Jorge Ricardo Parra, en ese entonces gerente de la campa\u00f1a a la C\u00e1mara de Representantes de John \u00c9dgar P\u00e9rez, y hoy candidato a la Gobernaci\u00f3n del Quind\u00edo.<\/em><\/figcaption><\/figure>\n\n\n\n<p style=\"font-size:22px\">La Fiscal\u00eda General de la Naci\u00f3n realiz\u00f3, en poco m\u00e1s de un a\u00f1o, dos audiencias por corrupci\u00f3n al sufragante a 2 personas por apoyar a John \u00c9dgar P\u00e9rez Rojas &#8216;Perea&#8217; en las pasadas elecciones a la c\u00e1mara de representantes de marzo de 2022.<\/p>\n\n\n\n<p style=\"font-size:22px\">Pero, \u00bfqui\u00e9n estaba detr\u00e1s de esta estrategia?<\/p>\n\n\n\n<p style=\"font-size:22px\">Jorge Ricardo Parra Sep\u00falveda, actual candidato a la gobernaci\u00f3n del Quind\u00edo y gerente de la campa\u00f1a del hoy congresista conocido como Perea, es el primer se\u00f1alado de la corruptela.<\/p>\n\n\n\n<p style=\"font-size:22px\">Y es que Parra Sep\u00falveda era el gerente de la campa\u00f1a de John \u00c9dgar P\u00e9rez Rojas, &#8216;Perea&#8217;, en las pasadas elecciones a la c\u00e1mara de representantes de marzo de 2022.<\/p>\n\n\n\n<figure class=\"wp-block-image size-large\"><img data-recalc-dims=\"1\" loading=\"lazy\" decoding=\"async\" width=\"1024\" height=\"576\" src=\"https:\/\/i0.wp.com\/elcuyabranpost.com\/wp-content\/uploads\/2023\/09\/4-1-1024x576.jpg?resize=1024%2C576&#038;ssl=1\" alt=\"\" class=\"wp-image-1460\" srcset=\"https:\/\/i0.wp.com\/elcuyabranpost.com\/wp-content\/uploads\/2023\/09\/4-1.jpg?resize=1024%2C576&amp;ssl=1 1024w, https:\/\/i0.wp.com\/elcuyabranpost.com\/wp-content\/uploads\/2023\/09\/4-1.jpg?resize=300%2C169&amp;ssl=1 300w, https:\/\/i0.wp.com\/elcuyabranpost.com\/wp-content\/uploads\/2023\/09\/4-1.jpg?resize=768%2C432&amp;ssl=1 768w, https:\/\/i0.wp.com\/elcuyabranpost.com\/wp-content\/uploads\/2023\/09\/4-1.jpg?resize=1536%2C864&amp;ssl=1 1536w, https:\/\/i0.wp.com\/elcuyabranpost.com\/wp-content\/uploads\/2023\/09\/4-1.jpg?w=1920&amp;ssl=1 1920w\" sizes=\"(max-width: 1000px) 100vw, 1000px\" \/><figcaption class=\"wp-element-caption\"><em>John \u00c9dgar P\u00e9rez, actual representante a la C\u00e1mara de Representantes por Cambio Radical.<\/em><\/figcaption><\/figure>\n\n\n\n<p style=\"font-size:22px\">Recordemos que el primer caso fue dado a conocer por el peri\u00f3dico La Nueva Cr\u00f3nica del Quind\u00edo cuando, gracias a la denuncia del comandante del cuerpo de Bomberos Voluntarios del corregimiento de Barcelona, en Calarc\u00e1, fue capturado, el d\u00eda de las votaciones al congreso, el hoy concejal Gustavo Adolfo Herrera Zapata, conocido en la Villa del Cacique como &#8216;Silicona&#8217;. La Fiscal\u00eda dijo, en audiencias, que el concejal hab\u00eda ofrecido de a 20.000 pesos a las personas que se acercaban a un colegio a votar para que su intenci\u00f3n fuera cambiada y sufragaran por el hoy congresista conocido como &#8216;Perea&#8217;.<\/p>\n\n\n\n<p style=\"font-size:22px\">Y es que la Polic\u00eda captur\u00f3 en flagrancia al concejal con 7 tarjetones y dinero que al parecer estaba destinado para comprar los votos para el entonces candidato &#8216;Perea&#8217; y cuya campa\u00f1a era gerenciada por Jorge Ricardo Parra Sep\u00falveda, actual candidato a ocupar el piso 19.<\/p>\n\n\n\n<p style=\"font-size:22px\">Pero, no contaban con mi astucia, de esa campa\u00f1a, s\u00ed, la conducida por Parra Sep\u00falveda -hoy candidato a la gobernaci\u00f3n del Quind\u00edo-, faltaba una audiencia m\u00e1s y fue la de Lina Janeth Pino S\u00e1nchez, exsecretaria del actual alcalde de Armenia, Jos\u00e9 Manuel R\u00edos Morales, y que en el cuarto piso de la alcald\u00eda de Armenia, en una oficina, se reuni\u00f3 con los bomberos oficiales de la capital quindiana, con contratistas, y les decomis\u00f3 sus celulares para decirles, de acuerdo con la Fiscal\u00eda, que ten\u00edan que conseguir votos para &#8216;Perea&#8217;, que ten\u00edan que publicar la publicidad del actual congresista en sus redes sociales y estados de WhatsApp.<\/p>\n\n\n\n<figure class=\"wp-block-image size-large\"><img data-recalc-dims=\"1\" loading=\"lazy\" decoding=\"async\" width=\"1024\" height=\"682\" src=\"https:\/\/i0.wp.com\/elcuyabranpost.com\/wp-content\/uploads\/2023\/09\/chhg.-FACHADA-DEL-CAM-3-1024x682.jpg?resize=1024%2C682&#038;ssl=1\" alt=\"\" class=\"wp-image-1461\" srcset=\"https:\/\/i0.wp.com\/elcuyabranpost.com\/wp-content\/uploads\/2023\/09\/chhg.-FACHADA-DEL-CAM-3.jpg?resize=1024%2C682&amp;ssl=1 1024w, https:\/\/i0.wp.com\/elcuyabranpost.com\/wp-content\/uploads\/2023\/09\/chhg.-FACHADA-DEL-CAM-3.jpg?resize=300%2C200&amp;ssl=1 300w, https:\/\/i0.wp.com\/elcuyabranpost.com\/wp-content\/uploads\/2023\/09\/chhg.-FACHADA-DEL-CAM-3.jpg?resize=768%2C512&amp;ssl=1 768w, https:\/\/i0.wp.com\/elcuyabranpost.com\/wp-content\/uploads\/2023\/09\/chhg.-FACHADA-DEL-CAM-3.jpg?resize=1536%2C1023&amp;ssl=1 1536w, https:\/\/i0.wp.com\/elcuyabranpost.com\/wp-content\/uploads\/2023\/09\/chhg.-FACHADA-DEL-CAM-3.jpg?w=1600&amp;ssl=1 1600w\" sizes=\"(max-width: 1000px) 100vw, 1000px\" \/><\/figure>\n\n\n\n<p style=\"font-size:22px\">S\u00ed, la Fiscal\u00eda dijo en audiencia que, la &#8216;Negra Pino&#8217;, como es tambi\u00e9n conocida, le manifest\u00f3 a los funcionarios y contratistas que deb\u00edan conseguir votos para que &#8216;Perea&#8217; fuera representante a la c\u00e1mara o de lo contrario no ser\u00edan otra vez contratados y por ende perder\u00edan sus trabajos.<\/p>\n\n\n\n<p style=\"font-size:22px\">Pero\u2026 \u00bfQui\u00e9n dio la orden?, la orden de que el concejal estuviera en Barcelona comprando votos por &#8216;Perea&#8217;; de que la &#8216;Negra Pino&#8217; le dijera a los bomberos y contratistas que deb\u00edan votar y conseguir votos por &#8216;Perea&#8217; so pena de no perder sus empleos.<\/p>\n\n\n\n<p style=\"font-size:22px\">Por ahora el se\u00f1alado es la cabeza, el gerente de la campa\u00f1a de John \u00c9dgar P\u00e9rez Rojas, &#8216;Perea&#8217;, el que dec\u00eda las estrategias para que fuera elegido como representante a la c\u00e1mara en el 2022; s\u00ed, el actual candidato a la gobernaci\u00f3n del Quind\u00edo, Jorge Ricardo Parra Sep\u00falveda.<\/p>\n\n\n\n<p style=\"font-size:22px\">\u00a1Parra!, \u00bfusted dio la orden?.<\/p>\n","protected":false},"excerpt":{"rendered":"<p>Nos saltamos los protocolos y decidimos darle una presentaci\u00f3n diferente a esta columna. Primero, porque al autor le cost\u00f3 su empleo en la Nueva Cr\u00f3nica del Quind\u00edo publicar investigaciones sobre estos personajes. Y segundo, porque como pas\u00f3 en la Costa Caribe con el libro de Laura Arcila sobre el clan Char (que presion\u00f3 a Planeta [&hellip;]<\/p>\n","protected":false},"author":1,"featured_media":1502,"comment_status":"open","ping_status":"open","sticky":false,"template":"","format":"standard","meta":{"om_disable_all_campaigns":false,"_monsterinsights_skip_tracking":false,"_monsterinsights_sitenote_active":false,"_monsterinsights_sitenote_note":"","_monsterinsights_sitenote_category":0,"_uf_show_specific_survey":0,"_uf_disable_surveys":false,"_jetpack_memberships_contains_paid_content":false,"footnotes":""},"categories":[16],"tags":[119,18,17,15],"class_list":["post-1458","post","type-post","status-publish","format-standard","has-post-thumbnail","hentry","category-elpostreporta","tag-constrenimiento","tag-elecciones","tag-politica","tag-quindio"],"aioseo_notices":[],"jetpack_featured_media_url":"https:\/\/i0.wp.com\/elcuyabranpost.com\/wp-content\/uploads\/2023\/09\/WhatsApp-Image-2023-09-29-at-7.48.24-AM.jpeg?fit=1504%2C1212&ssl=1","jetpack_sharing_enabled":true,"_links":{"self":[{"href":"https:\/\/elcuyabranpost.com\/index.php\/wp-json\/wp\/v2\/posts\/1458"}],"collection":[{"href":"https:\/\/elcuyabranpost.com\/index.php\/wp-json\/wp\/v2\/posts"}],"about":[{"href":"https:\/\/elcuyabranpost.com\/index.php\/wp-json\/wp\/v2\/types\/post"}],"author":[{"embeddable":true,"href":"https:\/\/elcuyabranpost.com\/index.php\/wp-json\/wp\/v2\/users\/1"}],"replies":[{"embeddable":true,"href":"https:\/\/elcuyabranpost.com\/index.php\/wp-json\/wp\/v2\/comments?post=1458"}],"version-history":[{"count":2,"href":"https:\/\/elcuyabranpost.com\/index.php\/wp-json\/wp\/v2\/posts\/1458\/revisions"}],"predecessor-version":[{"id":1468,"href":"https:\/\/elcuyabranpost.com\/index.php\/wp-json\/wp\/v2\/posts\/1458\/revisions\/1468"}],"wp:featuredmedia":[{"embeddable":true,"href":"https:\/\/elcuyabranpost.com\/index.php\/wp-json\/wp\/v2\/media\/1502"}],"wp:attachment":[{"href":"https:\/\/elcuyabranpost.com\/index.php\/wp-json\/wp\/v2\/media?parent=1458"}],"wp:term":[{"taxonomy":"category","embeddable":true,"href":"https:\/\/elcuyabranpost.com\/index.php\/wp-json\/wp\/v2\/categories?post=1458"},{"taxonomy":"post_tag","embeddable":true,"href":"https:\/\/elcuyabranpost.com\/index.php\/wp-json\/wp\/v2\/tags?post=1458"}],"curies":[{"name":"wp","href":"https:\/\/api.w.org\/{rel}","templated":true}]}}