{"id":1712,"date":"2023-10-22T12:20:51","date_gmt":"2023-10-22T17:20:51","guid":{"rendered":"https:\/\/elcuyabranpost.com\/?p=1712"},"modified":"2023-10-22T12:23:00","modified_gmt":"2023-10-22T17:23:00","slug":"ellos-me-atacan-por-ser-el-diferente-yo-los-ataco-por-ser-los-mismos-de-siempre-galvis","status":"publish","type":"post","link":"https:\/\/elcuyabranpost.com\/index.php\/2023\/10\/22\/ellos-me-atacan-por-ser-el-diferente-yo-los-ataco-por-ser-los-mismos-de-siempre-galvis\/","title":{"rendered":"\u201cEllos me atacan por ser el diferente. Yo los ataco por ser los mismos de siempre\u201d: Juan Miguel Galvis"},"content":{"rendered":"\n<figure class=\"wp-block-image size-large\"><img data-recalc-dims=\"1\" loading=\"lazy\" decoding=\"async\" width=\"1024\" height=\"576\" src=\"https:\/\/i0.wp.com\/elcuyabranpost.com\/wp-content\/uploads\/2023\/10\/Ellos-me-atacan-por-ser-el-1024x576.jpg?resize=1024%2C576&#038;ssl=1\" alt=\"\" class=\"wp-image-1714\" srcset=\"https:\/\/i0.wp.com\/elcuyabranpost.com\/wp-content\/uploads\/2023\/10\/Ellos-me-atacan-por-ser-el.jpg?resize=1024%2C576&amp;ssl=1 1024w, https:\/\/i0.wp.com\/elcuyabranpost.com\/wp-content\/uploads\/2023\/10\/Ellos-me-atacan-por-ser-el.jpg?resize=300%2C169&amp;ssl=1 300w, https:\/\/i0.wp.com\/elcuyabranpost.com\/wp-content\/uploads\/2023\/10\/Ellos-me-atacan-por-ser-el.jpg?resize=768%2C432&amp;ssl=1 768w, https:\/\/i0.wp.com\/elcuyabranpost.com\/wp-content\/uploads\/2023\/10\/Ellos-me-atacan-por-ser-el.jpg?resize=1536%2C864&amp;ssl=1 1536w, https:\/\/i0.wp.com\/elcuyabranpost.com\/wp-content\/uploads\/2023\/10\/Ellos-me-atacan-por-ser-el.jpg?w=1920&amp;ssl=1 1920w\" sizes=\"(max-width: 1000px) 100vw, 1000px\" \/><\/figure>\n\n\n\n<p style=\"font-size:22px\">Por poco y nos llega el d\u00eda de ir a votar sin hacer esta entrevista. Y no por falta de voluntad del entrevistado, sino porque su agenda est\u00e1 llena de reuniones con diferentes comunidades que lo quieren conocer. En las calles, en los pasillos, en los grupos m\u00e1s apol\u00edticos, el comentario se ha vuelto un lugar com\u00fan: Galvis va a ganar.<\/p>\n\n\n\n<p style=\"font-size:22px\">\u201cFuimos los \u00faltimos en entrar a esta contienda electoral porque no me quer\u00edan dejar salir, me estaban bloqueando con los avales, los estaban comprando, pero ya estamos con Creemos. Soy un convencido de que el crecimiento de mi favorabilidad se ha logrado porque la gente est\u00e1 cansada de continuar con las mismas clases pol\u00edticas y dirigentes que le han hecho tanto da\u00f1o al departamento\u201d, me comenta mir\u00e1ndome a los ojos, como cuando no hay nada que ocultar, Juan Miguel Galvis Bedoya, candidato a la gobernaci\u00f3n del Quind\u00edo.<\/p>\n\n\n\n<p style=\"font-size:22px\">-Les ha dolido a algunos de sus contrincantes el que haya subido tan r\u00e1pido- le pregunto -\u00bfC\u00f3mo lidia con tanta campa\u00f1a sucia de parte de la f\u00f3rmula PaPa?<\/p>\n\n\n\n<figure class=\"wp-block-image size-large\"><img data-recalc-dims=\"1\" loading=\"lazy\" decoding=\"async\" width=\"1024\" height=\"576\" src=\"https:\/\/i0.wp.com\/elcuyabranpost.com\/wp-content\/uploads\/2023\/10\/3-4-1024x576.jpg?resize=1024%2C576&#038;ssl=1\" alt=\"\" class=\"wp-image-1715\" srcset=\"https:\/\/i0.wp.com\/elcuyabranpost.com\/wp-content\/uploads\/2023\/10\/3-4.jpg?resize=1024%2C576&amp;ssl=1 1024w, https:\/\/i0.wp.com\/elcuyabranpost.com\/wp-content\/uploads\/2023\/10\/3-4.jpg?resize=300%2C169&amp;ssl=1 300w, https:\/\/i0.wp.com\/elcuyabranpost.com\/wp-content\/uploads\/2023\/10\/3-4.jpg?resize=768%2C432&amp;ssl=1 768w, https:\/\/i0.wp.com\/elcuyabranpost.com\/wp-content\/uploads\/2023\/10\/3-4.jpg?resize=1536%2C864&amp;ssl=1 1536w, https:\/\/i0.wp.com\/elcuyabranpost.com\/wp-content\/uploads\/2023\/10\/3-4.jpg?w=1920&amp;ssl=1 1920w\" sizes=\"(max-width: 1000px) 100vw, 1000px\" \/><\/figure>\n\n\n\n<p style=\"font-size:22px\">-Ellos me atacan, porque soy el diferente, pero a ellos los ataco porque, para m\u00ed, son los mismos. Los que quieren estar en el poder, que han venido manejando todo, que quieren llegar a hacer las cosas como a ellos les convenga. Hoy los quindianos est\u00e1n cansados de ese tema. Quieren una persona descontaminada, y por eso postulo mi nombre para ser el pr\u00f3ximo gobernador y llevar a cabo en estos 4 a\u00f1os un proyecto que sea diferente. D\u00edas despu\u00e9s, Galvis estar\u00eda defendi\u00e9ndose de las acusaciones de las bodegas opositoras y que encontraron repercusi\u00f3n en La W. <\/p>\n\n\n\n<p style=\"font-size:22px\">Los se\u00f1alamientos de una antigua funcionaria de la secretar\u00eda de Infraestructura lo se\u00f1alan como responsable de la contrataci\u00f3n de algunos personajes que habr\u00edan mentido frente a la formaci\u00f3n personal con la que se postularon; un proceso jur\u00eddico del que nunca hizo parte pero que sirvi\u00f3 para que los contrincantes lo obligaran a pronunciarse para defenderse del ataque injustificado.<\/p>\n\n\n\n<figure class=\"wp-block-image size-large\"><img data-recalc-dims=\"1\" loading=\"lazy\" decoding=\"async\" width=\"1024\" height=\"576\" src=\"https:\/\/i0.wp.com\/elcuyabranpost.com\/wp-content\/uploads\/2023\/10\/2-4-1024x576.jpg?resize=1024%2C576&#038;ssl=1\" alt=\"\" class=\"wp-image-1716\" srcset=\"https:\/\/i0.wp.com\/elcuyabranpost.com\/wp-content\/uploads\/2023\/10\/2-4.jpg?resize=1024%2C576&amp;ssl=1 1024w, https:\/\/i0.wp.com\/elcuyabranpost.com\/wp-content\/uploads\/2023\/10\/2-4.jpg?resize=300%2C169&amp;ssl=1 300w, https:\/\/i0.wp.com\/elcuyabranpost.com\/wp-content\/uploads\/2023\/10\/2-4.jpg?resize=768%2C432&amp;ssl=1 768w, https:\/\/i0.wp.com\/elcuyabranpost.com\/wp-content\/uploads\/2023\/10\/2-4.jpg?resize=1536%2C864&amp;ssl=1 1536w, https:\/\/i0.wp.com\/elcuyabranpost.com\/wp-content\/uploads\/2023\/10\/2-4.jpg?w=1920&amp;ssl=1 1920w\" sizes=\"(max-width: 1000px) 100vw, 1000px\" \/><\/figure>\n\n\n\n<p style=\"font-size:22px\"><strong>La campa\u00f1a que cal\u00f3 en todos los p\u00fablicos<\/strong><\/p>\n\n\n\n<p style=\"font-size:22px\">En pocas palabras, cu\u00e1l es su proyecto, le pido. \u201cEl departamento tiene que estar planificado en 4 temas importantes: empleo, seguridad, educaci\u00f3n y salud\u201d, responde sin pensarlo dos veces. Con la misma claridad de pensamiento se ha podido acercar a diferentes sectores, y explicar con sencillez lo que promete. Uno de ellos, tal vez el m\u00e1s improbable, el de los j\u00f3venes votantes, que en los \u00faltimos a\u00f1os se han convertido en un verdadero motor de procesos ciudadanos en todo el pa\u00eds.<\/p>\n\n\n\n<p style=\"font-size:22px\">\u201cEl departamento tiene hoy m\u00e1s de 122.000 j\u00f3venes que son parte fundamental para la construcci\u00f3n de un nuevo proyecto pol\u00edtico. Hoy son parte inmersa de estas elecciones. Creo que est\u00e1n esperando oportunidades, y es ah\u00ed donde los pol\u00edticos tenemos que empezar a generar una confianza a trav\u00e9s de un trabajo honesto con resultados tangibles\u201d, explica. Galvis ha generado empat\u00eda en este grupo et\u00e1reo: tanto de manera presencial como en la m\u00e1s reciente entrega del Ranking de Candidatos a Gobernaci\u00f3n y Alcald\u00edas, se evidencia el apoyo de las nuevas generaciones a su propuesta.<\/p>\n\n\n\n<p style=\"font-size:22px\">No es el \u00fanico p\u00fablico cautivo: Los adultos mayores reconocen en sus palabras la sinceridad que era prenda de garant\u00eda en la \u00e9poca de los abuelos. Y quienes est\u00e1n en edad productiva saben de su trabajo y se identifican con \u00e9l en su cruzada por erradicar el poder de las mafias en las entidades estatales del Quind\u00edo. Una bandita que hoy, haciendo uso de todo tipo de enga\u00f1os y triqui\u00f1uelas, pretende enga\u00f1ar a los votantes para que elijan m\u00e1s de lo mismo, que ya se ha comprobado, no funciona.<\/p>\n\n\n\n<figure class=\"wp-block-image size-large\"><img data-recalc-dims=\"1\" loading=\"lazy\" decoding=\"async\" width=\"1024\" height=\"576\" src=\"https:\/\/i0.wp.com\/elcuyabranpost.com\/wp-content\/uploads\/2023\/10\/5-1-1024x576.jpg?resize=1024%2C576&#038;ssl=1\" alt=\"\" class=\"wp-image-1717\" srcset=\"https:\/\/i0.wp.com\/elcuyabranpost.com\/wp-content\/uploads\/2023\/10\/5-1.jpg?resize=1024%2C576&amp;ssl=1 1024w, https:\/\/i0.wp.com\/elcuyabranpost.com\/wp-content\/uploads\/2023\/10\/5-1.jpg?resize=300%2C169&amp;ssl=1 300w, https:\/\/i0.wp.com\/elcuyabranpost.com\/wp-content\/uploads\/2023\/10\/5-1.jpg?resize=768%2C432&amp;ssl=1 768w, https:\/\/i0.wp.com\/elcuyabranpost.com\/wp-content\/uploads\/2023\/10\/5-1.jpg?resize=1536%2C864&amp;ssl=1 1536w, https:\/\/i0.wp.com\/elcuyabranpost.com\/wp-content\/uploads\/2023\/10\/5-1.jpg?w=1920&amp;ssl=1 1920w\" sizes=\"(max-width: 1000px) 100vw, 1000px\" \/><\/figure>\n\n\n\n<p style=\"font-size:22px\">Eso lo saben los grandes industriales, que tambi\u00e9n han depositado su confianza en el proyecto de Galvis Bedoya, con quienes busca suscribir un pacto empresarial que trabaje por objetivos como el fortalecimiento de la educaci\u00f3n para el trabajo \u2013y as\u00ed resolver la brecha hist\u00f3rica entre la oferta acad\u00e9mica y las necesidades del empresariado-, as\u00ed como la revisi\u00f3n de las condiciones fiscales y tributarias para promover la creaci\u00f3n de nuevas empresas y propicie la llegada de la gran empresa a los diferentes municipios con el fin de crear m\u00e1s empleos formales.<\/p>\n\n\n\n<p style=\"font-size:22px\">Y para confirmar que su mensaje ha calado como la \u00fanica opci\u00f3n para evitar que C\u00e9sar Augusto Pareja y Sandra Paola Hurtado terminen apoder\u00e1ndose de todo el departamento, la semana anterior se conoci\u00f3 de la adhesi\u00f3n a su proyecto de los promotores del voto en blanco. Una coalici\u00f3n que consigna el voto de opini\u00f3n y que define las dos fuerzas que se enfrentar\u00e1n este 29 de octubre: el voto amarrado de la f\u00f3rmula PaPa \u2013y su filial, la de Atilano y \u00c1lvaro Arias-, frente a la libre decisi\u00f3n que se fue con Galvis y Jos\u00e9 Ignacio Rojas para la alcald\u00eda de Armenia.<\/p>\n\n\n\n<div style=\"height:100px\" aria-hidden=\"true\" class=\"wp-block-spacer\"><\/div>\n\n\n\n<p style=\"font-size:22px\"><strong>El horizonte a cuatro a\u00f1os<\/strong><\/p>\n\n\n\n<p style=\"font-size:22px\">\u201cQueremos, por ejemplo, proyectar al departamento a un tema de turismo de naturaleza y deportivo. La inversi\u00f3n departamental al sector es del 0,03% del presupuesto, es decir $4.400 millones. Hoy necesitamos dejarlo a un 0,12% o 0,15% para acercarnos a destinos como Risaralda, con un 0,17% o Caldas con el 0,21%. Si generamos esas din\u00e1micas, podemos darle una dimensi\u00f3n bien diferente, darle un aspecto que los quindianos quieren ver en este destino que se puede vender tan f\u00e1cil\u201d, anunci\u00f3.<\/p>\n\n\n\n<figure class=\"wp-block-image size-large\"><img data-recalc-dims=\"1\" loading=\"lazy\" decoding=\"async\" width=\"1024\" height=\"576\" src=\"https:\/\/i0.wp.com\/elcuyabranpost.com\/wp-content\/uploads\/2023\/10\/4-3-1024x576.jpg?resize=1024%2C576&#038;ssl=1\" alt=\"\" class=\"wp-image-1718\" srcset=\"https:\/\/i0.wp.com\/elcuyabranpost.com\/wp-content\/uploads\/2023\/10\/4-3.jpg?resize=1024%2C576&amp;ssl=1 1024w, https:\/\/i0.wp.com\/elcuyabranpost.com\/wp-content\/uploads\/2023\/10\/4-3.jpg?resize=300%2C169&amp;ssl=1 300w, https:\/\/i0.wp.com\/elcuyabranpost.com\/wp-content\/uploads\/2023\/10\/4-3.jpg?resize=768%2C432&amp;ssl=1 768w, https:\/\/i0.wp.com\/elcuyabranpost.com\/wp-content\/uploads\/2023\/10\/4-3.jpg?resize=1536%2C864&amp;ssl=1 1536w, https:\/\/i0.wp.com\/elcuyabranpost.com\/wp-content\/uploads\/2023\/10\/4-3.jpg?w=1920&amp;ssl=1 1920w\" sizes=\"(max-width: 1000px) 100vw, 1000px\" \/><\/figure>\n\n\n\n<p style=\"font-size:22px\">En consecuencia, a\u00f1ade, trabajar\u00e1 en pro de un Quind\u00edo verde: a trav\u00e9s del cuidado del agua y el ordenamiento territorial alrededor del cuidado del recurso, la implementaci\u00f3n de puentes verdes (esenciales para conectar los corredores biol\u00f3gicos, estrategias de promoci\u00f3n de bienestar y protecci\u00f3n animal, y apoyo a campesinos con especial \u00e9nfasis en la mujer rural.<\/p>\n\n\n\n<p style=\"font-size:22px\">En su plan de gobierno propone tambi\u00e9n la transformaci\u00f3n del espacio p\u00fablico con pol\u00edticas enfocadas a facilitar el paso a la formalidad de quienes trabajan en este segmento, de la mano con el Instituto para la Econom\u00eda Social &#8211; IPES, una l\u00ednea que permita gestionar el fen\u00f3meno de la migraci\u00f3n (orientada a resolver las situaciones de salud y permanencia de los casi 25.000 migrantes en el Quind\u00edo), el ordenamiento territorial, continuar con el mejoramiento de las v\u00edas terciarias o la adopci\u00f3n de la movilidad inteligente.<\/p>\n\n\n\n<p style=\"font-size:22px\">Propuestas de un programa serio y estructurado. No es de extra\u00f1ar que quienes votan por convicci\u00f3n lo tengan como su \u00fanica opci\u00f3n. Y mientras Jorge Ricardo Parra y James Padilla reciclan proyectos suyos o incluso del actual gobernador (a su vez que lo culpan de todo e ignoran sus logros), Juan Miguel Galvis y su f\u00f3rmula, Jos\u00e9 Ignacio Rojas, entregan una propuesta estructurada, sist\u00e9mica, que trasciende las obras puntuales para generar soluciones estructurales. Veremos el pr\u00f3ximo domingo entonces, qu\u00e9 podemos esperar de los pr\u00f3ximos 4 a\u00f1os, entre la charlataner\u00eda y los mandados a Toto, o dos mandatarios con visi\u00f3n y solidez.<\/p>\n","protected":false},"excerpt":{"rendered":"<p>Por poco y nos llega el d\u00eda de ir a votar sin hacer esta entrevista. Y no por falta de voluntad del entrevistado, sino porque su agenda est\u00e1 llena de reuniones con diferentes comunidades que lo quieren conocer. En las calles, en los pasillos, en los grupos m\u00e1s apol\u00edticos, el comentario se ha vuelto un [&hellip;]<\/p>\n","protected":false},"author":1,"featured_media":1714,"comment_status":"open","ping_status":"open","sticky":false,"template":"","format":"standard","meta":{"om_disable_all_campaigns":false,"_monsterinsights_skip_tracking":false,"_monsterinsights_sitenote_active":false,"_monsterinsights_sitenote_note":"","_monsterinsights_sitenote_category":0,"_uf_show_specific_survey":0,"_uf_disable_surveys":false,"_jetpack_memberships_contains_paid_content":false,"footnotes":""},"categories":[105],"tags":[153,21,69,132,27,152,151,133,15,140,138],"class_list":["post-1712","post","type-post","status-publish","format-standard","has-post-thumbnail","hentry","category-plataforma","tag-alvaro-arias","tag-atilano","tag-elecciones-regionales","tag-galvis","tag-gobernacion","tag-james-padilla","tag-jose-ignacio-rojas","tag-parra","tag-quindio","tag-sandra-paola-hurtado","tag-toto"],"aioseo_notices":[],"jetpack_featured_media_url":"https:\/\/i0.wp.com\/elcuyabranpost.com\/wp-content\/uploads\/2023\/10\/Ellos-me-atacan-por-ser-el.jpg?fit=1920%2C1080&ssl=1","jetpack_sharing_enabled":true,"_links":{"self":[{"href":"https:\/\/elcuyabranpost.com\/index.php\/wp-json\/wp\/v2\/posts\/1712"}],"collection":[{"href":"https:\/\/elcuyabranpost.com\/index.php\/wp-json\/wp\/v2\/posts"}],"about":[{"href":"https:\/\/elcuyabranpost.com\/index.php\/wp-json\/wp\/v2\/types\/post"}],"author":[{"embeddable":true,"href":"https:\/\/elcuyabranpost.com\/index.php\/wp-json\/wp\/v2\/users\/1"}],"replies":[{"embeddable":true,"href":"https:\/\/elcuyabranpost.com\/index.php\/wp-json\/wp\/v2\/comments?post=1712"}],"version-history":[{"count":1,"href":"https:\/\/elcuyabranpost.com\/index.php\/wp-json\/wp\/v2\/posts\/1712\/revisions"}],"predecessor-version":[{"id":1719,"href":"https:\/\/elcuyabranpost.com\/index.php\/wp-json\/wp\/v2\/posts\/1712\/revisions\/1719"}],"wp:featuredmedia":[{"embeddable":true,"href":"https:\/\/elcuyabranpost.com\/index.php\/wp-json\/wp\/v2\/media\/1714"}],"wp:attachment":[{"href":"https:\/\/elcuyabranpost.com\/index.php\/wp-json\/wp\/v2\/media?parent=1712"}],"wp:term":[{"taxonomy":"category","embeddable":true,"href":"https:\/\/elcuyabranpost.com\/index.php\/wp-json\/wp\/v2\/categories?post=1712"},{"taxonomy":"post_tag","embeddable":true,"href":"https:\/\/elcuyabranpost.com\/index.php\/wp-json\/wp\/v2\/tags?post=1712"}],"curies":[{"name":"wp","href":"https:\/\/api.w.org\/{rel}","templated":true}]}}