{"id":1842,"date":"2023-10-28T15:23:30","date_gmt":"2023-10-28T20:23:30","guid":{"rendered":"https:\/\/elcuyabranpost.com\/?p=1842"},"modified":"2023-10-28T15:37:35","modified_gmt":"2023-10-28T20:37:35","slug":"me-ha-tocado-remar-contra-la-corriente-galvis","status":"publish","type":"post","link":"https:\/\/elcuyabranpost.com\/index.php\/2023\/10\/28\/me-ha-tocado-remar-contra-la-corriente-galvis\/","title":{"rendered":"\u201cMe ha tocado remar contra la corriente\u201d: Galvis"},"content":{"rendered":"\n<figure class=\"wp-block-image size-large\"><img data-recalc-dims=\"1\" loading=\"lazy\" decoding=\"async\" width=\"1024\" height=\"576\" src=\"https:\/\/i0.wp.com\/elcuyabranpost.com\/wp-content\/uploads\/2023\/10\/WhatsApp-Image-2023-10-28-at-3.34.23-PM-1024x576.webp?resize=1024%2C576&#038;ssl=1\" alt=\"\" class=\"wp-image-1850\" srcset=\"https:\/\/i0.wp.com\/elcuyabranpost.com\/wp-content\/uploads\/2023\/10\/WhatsApp-Image-2023-10-28-at-3.34.23-PM-jpeg.webp?resize=1024%2C576&amp;ssl=1 1024w, https:\/\/i0.wp.com\/elcuyabranpost.com\/wp-content\/uploads\/2023\/10\/WhatsApp-Image-2023-10-28-at-3.34.23-PM-jpeg.webp?resize=300%2C169&amp;ssl=1 300w, https:\/\/i0.wp.com\/elcuyabranpost.com\/wp-content\/uploads\/2023\/10\/WhatsApp-Image-2023-10-28-at-3.34.23-PM-jpeg.webp?resize=768%2C432&amp;ssl=1 768w, https:\/\/i0.wp.com\/elcuyabranpost.com\/wp-content\/uploads\/2023\/10\/WhatsApp-Image-2023-10-28-at-3.34.23-PM-jpeg.webp?resize=1536%2C864&amp;ssl=1 1536w, https:\/\/i0.wp.com\/elcuyabranpost.com\/wp-content\/uploads\/2023\/10\/WhatsApp-Image-2023-10-28-at-3.34.23-PM-jpeg.webp?w=1600&amp;ssl=1 1600w\" sizes=\"(max-width: 1000px) 100vw, 1000px\" \/><\/figure>\n\n\n\n<p style=\"font-size:22px\">Frente a la vor\u00e1gine de hechos noticiosos que se han sucedido de cara a las elecciones que estamos por vivir en menos de 24 horas, y teniendo en cuenta que muchos de estos hechos han vinculado a la campa\u00f1a de Juan Miguel Galvis a la Gobernaci\u00f3n, quisimos tener un \u00faltimo contacto, previo a la jornada de este domingo, con el candidato del partido Creemos y exalcalde de Salento, quien contin\u00faa firme en su aspiraci\u00f3n.<\/p>\n\n\n\n<div style=\"height:100px\" aria-hidden=\"true\" class=\"wp-block-spacer\"><\/div>\n\n\n\n<p style=\"font-size:22px\"><strong><em>En principio Juan Miguel, los \u00faltimos hechos pol\u00edticos, un supuesto audio del Gobernador y la situaci\u00f3n que ha vinculado su campa\u00f1a a los mismos \u00bf<\/em><\/strong><strong><em>qu<\/em><\/strong><strong><em>\u00e9 opini\u00f3n le merecen?<\/em><\/strong><strong><em><\/em><\/strong><\/p>\n\n\n\n<p style=\"font-size:22px\">Pues mire, lo he dicho desde un principio: el Quind\u00edo est\u00e1 secuestrado de muchas formas. Contra nosotros han desarrollado una campa\u00f1a de miedo, de persecuci\u00f3n, de amenazas, de intimidaci\u00f3n\u2026 nuestros contradictores no renuncian a las cl\u00e1sicas formas de hacer pol\u00edtica, a lo que siempre han hecho en los \u00faltimos a\u00f1os las maquinarias en el departamento.<\/p>\n\n\n\n<p style=\"font-size:22px\">Sin embargo, me siguen impulsando el abrazo con que la gente recibe nuestras propuestas, el amor con el que nos abrieron las puertas de sus casas y de sus corazones miles de quindianos, a pesar de haber empezado luego que otras campa\u00f1as (muy tarde, dijeron algunos). Nuestro proceso se ha mantenido en un constante ascenso, el respaldo electoral evidenciado en los rostros y en las exclamaciones de quindianas y quindianos deseosos de un cambio me tienen convencido de que vamos a ganar. Es tan evidente esa sensaci\u00f3n y ese sentimiento, que por ello es que se han dado en contra nuestra actos de desespero, ataques contra nuestras ideas, nuestros sentimientos, nuestras familias, pero lo m\u00e1s lamentable es que esos ataques en \u00faltimas van es en contra de los intereses y del coraz\u00f3n de los quindianos.<\/p>\n\n\n\n<p style=\"font-size:22px\">Es por ello que estoy convencido que vamos a ganar. Yo ser\u00e9 el Gobernador que recuperar\u00e1 la esperanza para nuestras comunidades, y ni el miedo ni los actos de desespero de nuestros contendores frenar\u00e1n la voluntad de las gentes.<\/p>\n\n\n\n<figure class=\"wp-block-image size-large\"><img data-recalc-dims=\"1\" loading=\"lazy\" decoding=\"async\" width=\"1024\" height=\"692\" src=\"https:\/\/i0.wp.com\/elcuyabranpost.com\/wp-content\/uploads\/2023\/10\/WhatsApp-Image-2023-10-28-at-3.04.55-PM-2-1024x692.webp?resize=1024%2C692&#038;ssl=1\" alt=\"\" class=\"wp-image-1844\" srcset=\"https:\/\/i0.wp.com\/elcuyabranpost.com\/wp-content\/uploads\/2023\/10\/WhatsApp-Image-2023-10-28-at-3.04.55-PM-2-jpeg.webp?resize=1024%2C692&amp;ssl=1 1024w, https:\/\/i0.wp.com\/elcuyabranpost.com\/wp-content\/uploads\/2023\/10\/WhatsApp-Image-2023-10-28-at-3.04.55-PM-2-jpeg.webp?resize=300%2C203&amp;ssl=1 300w, https:\/\/i0.wp.com\/elcuyabranpost.com\/wp-content\/uploads\/2023\/10\/WhatsApp-Image-2023-10-28-at-3.04.55-PM-2-jpeg.webp?resize=768%2C519&amp;ssl=1 768w, https:\/\/i0.wp.com\/elcuyabranpost.com\/wp-content\/uploads\/2023\/10\/WhatsApp-Image-2023-10-28-at-3.04.55-PM-2-jpeg.webp?resize=1536%2C1039&amp;ssl=1 1536w, https:\/\/i0.wp.com\/elcuyabranpost.com\/wp-content\/uploads\/2023\/10\/WhatsApp-Image-2023-10-28-at-3.04.55-PM-2-jpeg.webp?w=1600&amp;ssl=1 1600w\" sizes=\"(max-width: 1000px) 100vw, 1000px\" \/><\/figure>\n\n\n\n<p style=\"font-size:22px\"><strong><em>\u00bfD\u00f3nde cree que estuvo la clave para conquistar ese coraz\u00f3n de los quindianos, para calar profundo en los sentimientos de todos ellos?<\/em><\/strong><strong><em><\/em><\/strong><\/p>\n\n\n\n<p style=\"font-size:22px\">Muy sencillo, est\u00e1 en el alma de los nacidos en esta tierra. La clave estuvo en tocar las fibras de lo que m\u00e1s queremos los quindianos, nuestra familia, nuestros sentimientos, nuestros valores.<\/p>\n\n\n\n<p style=\"font-size:22px\">Est\u00e1 en cada promesa cumplida a los ciudadanos del municipio de Salento, quienes a trav\u00e9s de sus testimonios y su voz pudieron contar a los quindianos todo lo que hice por la comunidad, algunos de ellos fueron la construcci\u00f3n del Instituto Educativo Liceo Quind\u00edo, el cual est\u00e1 construido con el objetivo de brindar una educaci\u00f3n de calidad e inclusiva para personas en situaci\u00f3n de discapacidad, entrega de locales para generar empleo a madres cabeza de hogar, apoyo y creaci\u00f3n de mercados campesinos para mejorar la calidad de vida y fortalecer su empresa, entre otros hechos que quiero hacer tambi\u00e9n por nuestro departamento.<\/p>\n\n\n\n<p style=\"font-size:22px\">El haber identificado el amor, el compromiso, la esperanza, la honradez y el respeto con unos colores y con un objeto como la butaca, nos permiti\u00f3 de manera sencilla llegar hasta el coraz\u00f3n y la raz\u00f3n de quienes nos escucharon y nos vieron. De all\u00ed parti\u00f3 esa apertura de conciencia que nos ha permitido explicar de manera clara que nos est\u00e1n robando nuestra verdadera esencia, la que es propia de la gente buena y con valores.<\/p>\n\n\n\n<p style=\"font-size:22px\">Estos han sido los pilares que sustentan un programa estructurado, en donde abordamos problem\u00e1ticas concretas con soluciones alcanzables y que responden a la necesidad de todos nosotros; la necesidad de tener un departamento de desarrollo, prosperidad y bienestar general.<\/p>\n\n\n\n<figure class=\"wp-block-image size-large\"><img data-recalc-dims=\"1\" loading=\"lazy\" decoding=\"async\" width=\"1024\" height=\"682\" src=\"https:\/\/i0.wp.com\/elcuyabranpost.com\/wp-content\/uploads\/2023\/10\/WhatsApp-Image-2023-10-28-at-3.04.55-PM-1024x682.webp?resize=1024%2C682&#038;ssl=1\" alt=\"\" class=\"wp-image-1845\" srcset=\"https:\/\/i0.wp.com\/elcuyabranpost.com\/wp-content\/uploads\/2023\/10\/WhatsApp-Image-2023-10-28-at-3.04.55-PM-jpeg.webp?resize=1024%2C682&amp;ssl=1 1024w, https:\/\/i0.wp.com\/elcuyabranpost.com\/wp-content\/uploads\/2023\/10\/WhatsApp-Image-2023-10-28-at-3.04.55-PM-jpeg.webp?resize=300%2C200&amp;ssl=1 300w, https:\/\/i0.wp.com\/elcuyabranpost.com\/wp-content\/uploads\/2023\/10\/WhatsApp-Image-2023-10-28-at-3.04.55-PM-jpeg.webp?resize=768%2C512&amp;ssl=1 768w, https:\/\/i0.wp.com\/elcuyabranpost.com\/wp-content\/uploads\/2023\/10\/WhatsApp-Image-2023-10-28-at-3.04.55-PM-jpeg.webp?resize=1536%2C1023&amp;ssl=1 1536w, https:\/\/i0.wp.com\/elcuyabranpost.com\/wp-content\/uploads\/2023\/10\/WhatsApp-Image-2023-10-28-at-3.04.55-PM-jpeg.webp?w=1600&amp;ssl=1 1600w\" sizes=\"(max-width: 1000px) 100vw, 1000px\" \/><\/figure>\n\n\n\n<p style=\"font-size:22px\"><strong><em>En ese marco, el de su programa de gobierno, y conociendo ya cu\u00e1l es el sustento del mismo, vale la pena reiterar los temas fundamentales que de ser gobernador trabajar\u00eda usted para atender las necesidades del departamento.<\/em><\/strong><strong><em><\/em><\/strong><\/p>\n\n\n\n<p style=\"font-size:22px\">Le cuento. La estructuraci\u00f3n de este programa fue motivo de d\u00edas y noches de arduo trabajo, porque este es un planteamiento responsable. Todos conocemos y sentimos los problemas, pero el abordaje de los mismos no puede ser solo un anunciado; nosotros los identificamos, pero tambi\u00e9n soluciones alcanzables y posibles.<\/p>\n\n\n\n<p style=\"font-size:22px\">Nuestro programa de gobierno contiene cinco grandes temas, perm\u00edtame recordarlos de manera resumida: ellos son:<\/p>\n\n\n\n<p style=\"font-size:22px\">&#8211; La necesidad de un departamento incluyente, aqu\u00ed planteamos que <strong>en el Quind\u00edo todos caben y nadie se queda atr\u00e1s<\/strong>. Las oportunidades tienen que ser para todos y conducentes a mejorar la calidad de vida de la poblaci\u00f3n con acciones en educaci\u00f3n, equidad, apertura de oportunidades para nuestras mujeres, fortalecimiento del deporte, atenci\u00f3n a la migraci\u00f3n, fortalecimiento y trabajo con la iglesia en su labor social, y muy importante, garant\u00edas para una vejez digna.<\/p>\n\n\n\n<p style=\"font-size:22px\">&#8211; La falta de oportunidades tiene en la propuesta <strong>Quind\u00edo, territorio amigo de las empresas y el empleo<\/strong> una posibilidad grande de responder a ese reto. A trav\u00e9s de alianzas con el sector privado, de la promoci\u00f3n del desarrollo econ\u00f3mico, con acciones como un gran pacto empresarial, empleo para la juventud, educaci\u00f3n para el trabajo y la transformaci\u00f3n de la informalidad respetando el espacio p\u00fablico, estoy convencido de que podemos cumplir.<\/p>\n\n\n\n<figure class=\"wp-block-image size-large\"><img data-recalc-dims=\"1\" loading=\"lazy\" decoding=\"async\" width=\"1024\" height=\"683\" src=\"https:\/\/i0.wp.com\/elcuyabranpost.com\/wp-content\/uploads\/2023\/10\/DSC_0195-1-1024x683.webp?resize=1024%2C683&#038;ssl=1\" alt=\"\" class=\"wp-image-1846\" srcset=\"https:\/\/i0.wp.com\/elcuyabranpost.com\/wp-content\/uploads\/2023\/10\/DSC_0195-1-scaled.webp?resize=1024%2C683&amp;ssl=1 1024w, https:\/\/i0.wp.com\/elcuyabranpost.com\/wp-content\/uploads\/2023\/10\/DSC_0195-1-scaled.webp?resize=300%2C200&amp;ssl=1 300w, https:\/\/i0.wp.com\/elcuyabranpost.com\/wp-content\/uploads\/2023\/10\/DSC_0195-1-scaled.webp?resize=768%2C512&amp;ssl=1 768w, https:\/\/i0.wp.com\/elcuyabranpost.com\/wp-content\/uploads\/2023\/10\/DSC_0195-1-scaled.webp?resize=1536%2C1024&amp;ssl=1 1536w, https:\/\/i0.wp.com\/elcuyabranpost.com\/wp-content\/uploads\/2023\/10\/DSC_0195-1-scaled.webp?resize=2048%2C1365&amp;ssl=1 2048w\" sizes=\"(max-width: 1000px) 100vw, 1000px\" \/><\/figure>\n\n\n\n<p style=\"font-size:22px\">-El mundo moderno nos plantea grandes retos, y por eso el tercer pilar de nuestra propuesta es el de un <strong>Quind<\/strong><strong>\u00ed<\/strong><strong>o conectado territorialmente<\/strong>. El progreso tiene que estar al alcance de todos y nosotros lo impulsaremos a trav\u00e9s del turismo, con ordenamiento territorial, en materia vial, en conectividad, para estar a tono con el mundo moderno, y en movilidad inteligente; yo liderar\u00e9 el gran cambio que reclama a gritos nuestro territorio.<\/p>\n\n\n\n<p style=\"font-size:22px\">-La esencia de esta tierra es el verde, es la naturaleza, es el legado que Dios nos entreg\u00f3 y que tenemos la obligaci\u00f3n de cuidar. Por eso el apartado <strong>Quind<\/strong><strong>\u00edo verde territorio de agua, agricultura y ambiente<\/strong> es un imperativo por el cual luchar\u00e9 de manera comprometida, como ya lo hice desde la alcald\u00eda en Salento y como lo hago desde lo personal y lo familiar. El cuidado del agua con un ordenamiento territorial amigable, el acompa\u00f1amiento a nuestros campesinos, y de manera muy especial a las mujeres del campo que son cuidadoras de vida, la promoci\u00f3n de cultivos org\u00e1nicos, los puentes verdes y la consolidaci\u00f3n de este Quind\u00edo como casa amigable con los animales y las mascotas, hacen de este tema un verdadero compromiso con la vida en todas sus manifestaciones, y por eso yo lo cumplir\u00e9 a cabalidad.<\/p>\n\n\n\n<p style=\"font-size:22px\">&#8211;<strong>Quind<\/strong><strong>\u00edo, territorio seguro y confiable <\/strong>es finalmente<strong>, <\/strong>la gran apuesta para hacer frente (de forma y de fondo) ala problem\u00e1tica de inseguridad. Esta radica entre otros, en la p\u00e9rdida de confianza, de all\u00ed que lucharemos por fortalecer esa confianza ciudadana; lo lograremos con un gobierno abierto que llegue por igual a los sectores urbano y rural, con programas de salud mental, con cultura ciudadana de la no violencia, con generaci\u00f3n de oportunidades; pero tambi\u00e9n, con acciones que fortalezcan a la Fuerza P\u00fablica, que apoyada por las nuevas tecnolog\u00edas y con recursos acorde a esas necesidades est\u00e9 en condiciones de acompa\u00f1ar en todo momento al ciudadano.<\/p>\n\n\n\n<figure class=\"wp-block-image size-large\"><img data-recalc-dims=\"1\" loading=\"lazy\" decoding=\"async\" width=\"1024\" height=\"717\" src=\"https:\/\/i0.wp.com\/elcuyabranpost.com\/wp-content\/uploads\/2023\/10\/2018-03-11T191728Z_235584745_RC11A941D9C0_RTRMADP_3_COLOMBIA-ELECTION-1024x717.webp?resize=1024%2C717&#038;ssl=1\" alt=\"\" class=\"wp-image-1847\" srcset=\"https:\/\/i0.wp.com\/elcuyabranpost.com\/wp-content\/uploads\/2023\/10\/2018-03-11T191728Z_235584745_RC11A941D9C0_RTRMADP_3_COLOMBIA-ELECTION.webp?resize=1024%2C717&amp;ssl=1 1024w, https:\/\/i0.wp.com\/elcuyabranpost.com\/wp-content\/uploads\/2023\/10\/2018-03-11T191728Z_235584745_RC11A941D9C0_RTRMADP_3_COLOMBIA-ELECTION.webp?resize=300%2C210&amp;ssl=1 300w, https:\/\/i0.wp.com\/elcuyabranpost.com\/wp-content\/uploads\/2023\/10\/2018-03-11T191728Z_235584745_RC11A941D9C0_RTRMADP_3_COLOMBIA-ELECTION.webp?resize=768%2C538&amp;ssl=1 768w, https:\/\/i0.wp.com\/elcuyabranpost.com\/wp-content\/uploads\/2023\/10\/2018-03-11T191728Z_235584745_RC11A941D9C0_RTRMADP_3_COLOMBIA-ELECTION.webp?resize=1536%2C1076&amp;ssl=1 1536w, https:\/\/i0.wp.com\/elcuyabranpost.com\/wp-content\/uploads\/2023\/10\/2018-03-11T191728Z_235584745_RC11A941D9C0_RTRMADP_3_COLOMBIA-ELECTION.webp?resize=2048%2C1435&amp;ssl=1 2048w\" sizes=\"(max-width: 1000px) 100vw, 1000px\" \/><\/figure>\n\n\n\n<p style=\"font-size:22px\"><strong><em>Doctor Juan Miguel, este programa \u00bfpor qu\u00e9 ha sido objeto entonces de tantos ataques?<\/em><\/strong><strong><em><\/em><\/strong><\/p>\n\n\n\n<p style=\"font-size:22px\">Repito como se lo dec\u00eda al principio, porque los gobiernos de temor que han imperado tienen miedo a una propuesta diferente, que se\u00f1ala y ataca las condiciones en que ellos han gobernado; a m\u00ed me ha tocado remar contra la corriente en todo momento, cuando iniciamos la campa\u00f1a fueron los avales, luego algunos comunicadores y algunos medios que desdibujaron nuestra presencia en la contienda electoral, por redes sociales se dedicaron a distorsionar mi propuesta; mi familia, mi madre empez\u00f3 a ser se\u00f1alada, mis v\u00ednculos o amistades fueron cuestionados, los logros que como profesional y como servidor p\u00fablico he alcanzado fueron distorsionados; con audios, declaraciones y se\u00f1alamientos alejados de la realidad desean enlodar la imagen de trabajo y amor por el Quind\u00edo que represento.<\/p>\n\n\n\n<p style=\"font-size:22px\">A pesar de todo esto, hoy el apoyo ciudadano sigue y se mantiene de nuestro lado. Y le cuento, a m\u00ed me gustan los retos y un gran reto es remar contra la corriente, y as\u00ed, he alcanzado grandes logros como persona, como profesional y como hombre p\u00fablico, y hoy no va a ser la excepci\u00f3n. Ser\u00e9 Gobernador del Quind\u00edo contra la corriente que han querido activar los enemigos del coraz\u00f3n de los quindianos.<\/p>\n\n\n\n<figure class=\"wp-block-image size-large\"><img data-recalc-dims=\"1\" loading=\"lazy\" decoding=\"async\" width=\"1024\" height=\"576\" src=\"https:\/\/i0.wp.com\/elcuyabranpost.com\/wp-content\/uploads\/2023\/10\/2-7-1024x576.webp?resize=1024%2C576\" alt=\"\" class=\"wp-image-1848\" srcset=\"https:\/\/i0.wp.com\/elcuyabranpost.com\/wp-content\/uploads\/2023\/10\/2-7-jpg.webp?resize=1024%2C576&amp;ssl=1 1024w, https:\/\/i0.wp.com\/elcuyabranpost.com\/wp-content\/uploads\/2023\/10\/2-7-jpg.webp?resize=300%2C169&amp;ssl=1 300w, https:\/\/i0.wp.com\/elcuyabranpost.com\/wp-content\/uploads\/2023\/10\/2-7-jpg.webp?resize=768%2C432&amp;ssl=1 768w, https:\/\/i0.wp.com\/elcuyabranpost.com\/wp-content\/uploads\/2023\/10\/2-7-jpg.webp?resize=1536%2C864&amp;ssl=1 1536w, https:\/\/i0.wp.com\/elcuyabranpost.com\/wp-content\/uploads\/2023\/10\/2-7-jpg.webp?w=1920&amp;ssl=1 1920w\" sizes=\"(max-width: 1000px) 100vw, 1000px\" \/><\/figure>\n","protected":false},"excerpt":{"rendered":"<p>Frente a la vor\u00e1gine de hechos noticiosos que se han sucedido de cara a las elecciones que estamos por vivir en menos de 24 horas, y teniendo en cuenta que muchos de estos hechos han vinculado a la campa\u00f1a de Juan Miguel Galvis a la Gobernaci\u00f3n, quisimos tener un \u00faltimo contacto, previo a la jornada [&hellip;]<\/p>\n","protected":false},"author":1,"featured_media":1850,"comment_status":"open","ping_status":"open","sticky":false,"template":"","format":"standard","meta":{"om_disable_all_campaigns":false,"_monsterinsights_skip_tracking":false,"_monsterinsights_sitenote_active":false,"_monsterinsights_sitenote_note":"","_monsterinsights_sitenote_category":0,"_uf_show_specific_survey":0,"_uf_disable_surveys":false,"_jetpack_memberships_contains_paid_content":false,"footnotes":""},"categories":[16],"tags":[18,27,15],"class_list":["post-1842","post","type-post","status-publish","format-standard","has-post-thumbnail","hentry","category-elpostreporta","tag-elecciones","tag-gobernacion","tag-quindio"],"aioseo_notices":[],"jetpack_featured_media_url":"https:\/\/i0.wp.com\/elcuyabranpost.com\/wp-content\/uploads\/2023\/10\/WhatsApp-Image-2023-10-28-at-3.34.23-PM-jpeg.webp?fit=1600%2C900&ssl=1","jetpack_sharing_enabled":true,"_links":{"self":[{"href":"https:\/\/elcuyabranpost.com\/index.php\/wp-json\/wp\/v2\/posts\/1842"}],"collection":[{"href":"https:\/\/elcuyabranpost.com\/index.php\/wp-json\/wp\/v2\/posts"}],"about":[{"href":"https:\/\/elcuyabranpost.com\/index.php\/wp-json\/wp\/v2\/types\/post"}],"author":[{"embeddable":true,"href":"https:\/\/elcuyabranpost.com\/index.php\/wp-json\/wp\/v2\/users\/1"}],"replies":[{"embeddable":true,"href":"https:\/\/elcuyabranpost.com\/index.php\/wp-json\/wp\/v2\/comments?post=1842"}],"version-history":[{"count":2,"href":"https:\/\/elcuyabranpost.com\/index.php\/wp-json\/wp\/v2\/posts\/1842\/revisions"}],"predecessor-version":[{"id":1852,"href":"https:\/\/elcuyabranpost.com\/index.php\/wp-json\/wp\/v2\/posts\/1842\/revisions\/1852"}],"wp:featuredmedia":[{"embeddable":true,"href":"https:\/\/elcuyabranpost.com\/index.php\/wp-json\/wp\/v2\/media\/1850"}],"wp:attachment":[{"href":"https:\/\/elcuyabranpost.com\/index.php\/wp-json\/wp\/v2\/media?parent=1842"}],"wp:term":[{"taxonomy":"category","embeddable":true,"href":"https:\/\/elcuyabranpost.com\/index.php\/wp-json\/wp\/v2\/categories?post=1842"},{"taxonomy":"post_tag","embeddable":true,"href":"https:\/\/elcuyabranpost.com\/index.php\/wp-json\/wp\/v2\/tags?post=1842"}],"curies":[{"name":"wp","href":"https:\/\/api.w.org\/{rel}","templated":true}]}}