{"id":1893,"date":"2023-11-06T11:24:20","date_gmt":"2023-11-06T16:24:20","guid":{"rendered":"https:\/\/elcuyabranpost.com\/?p=1893"},"modified":"2023-11-06T22:51:02","modified_gmt":"2023-11-07T03:51:02","slug":"una-guerra-sin-marketing","status":"publish","type":"post","link":"https:\/\/elcuyabranpost.com\/index.php\/2023\/11\/06\/una-guerra-sin-marketing\/","title":{"rendered":"Una guerra sin marketing"},"content":{"rendered":"\n<p style=\"font-size:22px\">Movidos por la barbarie cometida por el estado de Israel en contra de la poblaci\u00f3n civil residente (o presa) en la franja de Gaza, veo las redes sociales repletas de expresiones de rechazo al gobierno bajo el mando de Benjamin Netanyahu. Las fotograf\u00edas y videos registrados en la zona muestran un verdadero apocalipsis en la Tierra: la demostraci\u00f3n de que, de nada sirve haber sido v\u00edctimas de un genocidio a mediados del siglo XX, si no se aprendi\u00f3 la lecci\u00f3n y se emprende en contra de una etnia diferente los mismos mecanismos de tortura y muerte.<\/p>\n\n\n\n<div style=\"height:100px\" aria-hidden=\"true\" class=\"wp-block-spacer\"><\/div>\n\n\n\n<p style=\"font-size:22px\">En esto ha parado la ofensiva publicitaria adelantada por Israel, que calculando mal el efecto que tendr\u00eda la propaganda lanzada en medios de comunicaci\u00f3n cercanos, err\u00f3 el blanco: en lugar de ganar el apoyo popular internacional a su cruzada por terminar de apropiarse de Palestina, aviv\u00f3 la llama de protestas por la masacre de la que es responsable en frente de todo el mundo y sin que organismos tan in\u00fatiles como la ONU muevan un solo dedo para detener.<\/p>\n\n\n\n<div style=\"height:100px\" aria-hidden=\"true\" class=\"wp-block-spacer\"><\/div>\n\n\n\n<p style=\"font-size:22px\">Nada nuevo hasta ac\u00e1. Ya hab\u00eda pasado con Rusia y Ucrania, que luego de cerca de dos a\u00f1os, perdi\u00f3 protagonismo y pas\u00f3 de moda en las redes sociales. As\u00ed como suena. Incluso la guerra es de tendencias en estos escenarios digitales, y si decae el inter\u00e9s, simplemente desaparece el conflicto en la agenda de informaci\u00f3n que se mueve entre historias y reels. Un escenario que, por ejemplo, no ha puesto la debida atenci\u00f3n a la guerra entre Armenia (la asi\u00e1tica) y Azerbaiy\u00e1n por el control territorial de la regi\u00f3n de Nagorno-Karabaj.<\/p>\n\n\n\n<div style=\"height:100px\" aria-hidden=\"true\" class=\"wp-block-spacer\"><\/div>\n\n\n\n<p style=\"font-size:22px\">Algo que me parece inconcebible, porque los armenios (los de ac\u00e1, los cuyabros) no tienen idea alguna de lo que sucede en la naci\u00f3n de donde proviene su nombre, y que ha vivido en un polvor\u00edn desde siglos atr\u00e1s, cuando, a punto de derrumbarse el imperio Otomano, fueron diezmados por un gobierno turco responsable del segundo genocidio m\u00e1s estudiado del siglo XX despu\u00e9s del perpetrado por los nazis.<\/p>\n\n\n\n<div style=\"height:100px\" aria-hidden=\"true\" class=\"wp-block-spacer\"><\/div>\n\n\n\n<p style=\"font-size:22px\">Hoy enfrentan otro conflicto por este territorio, dentro de las fronteras de su vecino Azerbaiy\u00e1n; un territorio poblado por una comunidad de ra\u00edces armenias que quiere ser anexada a su patria madre, y que sabe que no pertenecer\u00eda al gobierno que la cobija si durante a\u00f1os no hubieran sido absorbidas por la Uni\u00f3n Sovi\u00e9tica. En esta guerra, la segunda entre ambos estados desde que cay\u00f3 la Cortina de Humo, militantes azerbaiyanos bloquearon con el apoyo de Turqu\u00eda, el \u00fanico paso que le da acceso a la poblaci\u00f3n en diciembre de 2022, restringiendo el acceso de medicamentos y alimento. <\/p>\n\n\n\n<div style=\"height:100px\" aria-hidden=\"true\" class=\"wp-block-spacer\"><\/div>\n\n\n\n<p style=\"font-size:22px\">La respuesta ha dado lugar a enfrentamientos, en un rinc\u00f3n de Asia media del que nadie habla, aunque tambi\u00e9n cobra muertes de inocentes; que tiene el mismo car\u00e1cter de campo de concentraci\u00f3n que rige en la franja de Gaza por parte de Israel; que tambi\u00e9n nos deber\u00eda importar, independientemente de tener un nexo casual por el nombre de ambas regiones, solo por el hecho de ser otro atentado a la vida y la integridad. As\u00ed Tik Tok e Instagram no lo sepan o no est\u00e9n interesados.<\/p>\n","protected":false},"excerpt":{"rendered":"<p>Movidos por la barbarie cometida por el estado de Israel en contra de la poblaci\u00f3n civil residente (o presa) en la franja de Gaza, veo las redes sociales repletas de expresiones de rechazo al gobierno bajo el mando de Benjamin Netanyahu. Las fotograf\u00edas y videos registrados en la zona muestran un verdadero apocalipsis en la [&hellip;]<\/p>\n","protected":false},"author":1,"featured_media":1811,"comment_status":"open","ping_status":"open","sticky":false,"template":"","format":"standard","meta":{"om_disable_all_campaigns":false,"_monsterinsights_skip_tracking":false,"_monsterinsights_sitenote_active":false,"_monsterinsights_sitenote_note":"","_monsterinsights_sitenote_category":0,"_uf_show_specific_survey":0,"_uf_disable_surveys":false,"_jetpack_memberships_contains_paid_content":false,"footnotes":""},"categories":[40],"tags":[14,167,174,166,141,172,171,170,173,176,169,175,168],"class_list":["post-1893","post","type-post","status-publish","format-standard","has-post-thumbnail","hentry","category-opinion","tag-armenia","tag-azerbaiyan","tag-gaza","tag-geopolitica","tag-guerra","tag-israel","tag-nagorno-karabaj","tag-otomano","tag-palestina","tag-rusia","tag-turquia","tag-ucrania","tag-union-sovietica"],"aioseo_notices":[],"jetpack_featured_media_url":"https:\/\/i0.wp.com\/elcuyabranpost.com\/wp-content\/uploads\/2023\/10\/El-Post-Opina-jpg.webp?fit=1080%2C1080&ssl=1","jetpack_sharing_enabled":true,"_links":{"self":[{"href":"https:\/\/elcuyabranpost.com\/index.php\/wp-json\/wp\/v2\/posts\/1893"}],"collection":[{"href":"https:\/\/elcuyabranpost.com\/index.php\/wp-json\/wp\/v2\/posts"}],"about":[{"href":"https:\/\/elcuyabranpost.com\/index.php\/wp-json\/wp\/v2\/types\/post"}],"author":[{"embeddable":true,"href":"https:\/\/elcuyabranpost.com\/index.php\/wp-json\/wp\/v2\/users\/1"}],"replies":[{"embeddable":true,"href":"https:\/\/elcuyabranpost.com\/index.php\/wp-json\/wp\/v2\/comments?post=1893"}],"version-history":[{"count":2,"href":"https:\/\/elcuyabranpost.com\/index.php\/wp-json\/wp\/v2\/posts\/1893\/revisions"}],"predecessor-version":[{"id":1918,"href":"https:\/\/elcuyabranpost.com\/index.php\/wp-json\/wp\/v2\/posts\/1893\/revisions\/1918"}],"wp:featuredmedia":[{"embeddable":true,"href":"https:\/\/elcuyabranpost.com\/index.php\/wp-json\/wp\/v2\/media\/1811"}],"wp:attachment":[{"href":"https:\/\/elcuyabranpost.com\/index.php\/wp-json\/wp\/v2\/media?parent=1893"}],"wp:term":[{"taxonomy":"category","embeddable":true,"href":"https:\/\/elcuyabranpost.com\/index.php\/wp-json\/wp\/v2\/categories?post=1893"},{"taxonomy":"post_tag","embeddable":true,"href":"https:\/\/elcuyabranpost.com\/index.php\/wp-json\/wp\/v2\/tags?post=1893"}],"curies":[{"name":"wp","href":"https:\/\/api.w.org\/{rel}","templated":true}]}}