{"id":2134,"date":"2023-12-06T15:09:54","date_gmt":"2023-12-06T20:09:54","guid":{"rendered":"https:\/\/elcuyabranpost.com\/?p=2134"},"modified":"2023-12-06T18:10:01","modified_gmt":"2023-12-06T23:10:01","slug":"alargando-el-ciclo-de-vida-de-la-ropa","status":"publish","type":"post","link":"https:\/\/elcuyabranpost.com\/index.php\/2023\/12\/06\/alargando-el-ciclo-de-vida-de-la-ropa\/","title":{"rendered":"Alargando el ciclo de vida de la ropa"},"content":{"rendered":"\n<figure class=\"wp-block-image size-full\"><img data-recalc-dims=\"1\" loading=\"lazy\" decoding=\"async\" width=\"1024\" height=\"768\" src=\"https:\/\/i0.wp.com\/elcuyabranpost.com\/wp-content\/uploads\/2023\/12\/Leonardo_Diffusion_XL_From_rugged_denim_to_a_delicate_flower_w_3-jpg.webp?resize=1024%2C768&#038;ssl=1\" alt=\"\" class=\"wp-image-2135\" srcset=\"https:\/\/i0.wp.com\/elcuyabranpost.com\/wp-content\/uploads\/2023\/12\/Leonardo_Diffusion_XL_From_rugged_denim_to_a_delicate_flower_w_3-jpg.webp?w=1024&amp;ssl=1 1024w, https:\/\/i0.wp.com\/elcuyabranpost.com\/wp-content\/uploads\/2023\/12\/Leonardo_Diffusion_XL_From_rugged_denim_to_a_delicate_flower_w_3-jpg.webp?resize=300%2C225&amp;ssl=1 300w, https:\/\/i0.wp.com\/elcuyabranpost.com\/wp-content\/uploads\/2023\/12\/Leonardo_Diffusion_XL_From_rugged_denim_to_a_delicate_flower_w_3-jpg.webp?resize=768%2C576&amp;ssl=1 768w\" sizes=\"(max-width: 1000px) 100vw, 1000px\" \/><\/figure>\n\n\n\n<p style=\"font-size:22px\">La ropa trae consigo una enorme huella de carbono: se calcula que el 25% de los pesticidas aplicados en el mundo se usan para cultivar algod\u00f3n. Como materia prima, se utilizan al menos 8.000 productos qu\u00edmicos para su transformaci\u00f3n en textiles. Su impacto, adem\u00e1s, se mantiene en el tiempo, si la ropa se desecha con tan solo unos pocos usos y engrosa las 167.000 toneladas de basura generada al a\u00f1o en el Quind\u00edo, de acuerdo con datos de la Gobernaci\u00f3n.<\/p>\n\n\n\n<div style=\"height:100px\" aria-hidden=\"true\" class=\"wp-block-spacer\"><\/div>\n\n\n\n<p style=\"font-size:22px\">Es un pecado botar ropa. Un pecado promovido por la industria de la moda, que saca cada 6 o cada 3 meses, una colecci\u00f3n distinta, apelando a los deseos m\u00e1s inconscientes de una clientela que, en la mayor\u00eda de las veces, no est\u00e1 enterada de la presi\u00f3n que ejerce sobre el planeta. Afortunadamente en el mundo avanza una tendencia que oxigena un poco la situaci\u00f3n: la econom\u00eda circular. El comercio de prendas de segunda crece hoy en d\u00eda, 25 veces m\u00e1s que el retail, es decir, que la venta de ropa nueva. \u00bfY qui\u00e9n no tiene alguna prenda en el armario que se puso una o dos veces por cualquier motivo?<\/p>\n\n\n\n<div style=\"height:100px\" aria-hidden=\"true\" class=\"wp-block-spacer\"><\/div>\n\n\n\n<figure class=\"wp-block-image size-large\"><img data-recalc-dims=\"1\" loading=\"lazy\" decoding=\"async\" width=\"1024\" height=\"461\" src=\"https:\/\/i0.wp.com\/elcuyabranpost.com\/wp-content\/uploads\/2023\/12\/WhatsApp-Image-2023-12-06-at-8.51.11-AM-1024x461.webp?resize=1024%2C461&#038;ssl=1\" alt=\"\" class=\"wp-image-2136\" srcset=\"https:\/\/i0.wp.com\/elcuyabranpost.com\/wp-content\/uploads\/2023\/12\/WhatsApp-Image-2023-12-06-at-8.51.11-AM-jpeg.webp?resize=1024%2C461&amp;ssl=1 1024w, https:\/\/i0.wp.com\/elcuyabranpost.com\/wp-content\/uploads\/2023\/12\/WhatsApp-Image-2023-12-06-at-8.51.11-AM-jpeg.webp?resize=300%2C135&amp;ssl=1 300w, https:\/\/i0.wp.com\/elcuyabranpost.com\/wp-content\/uploads\/2023\/12\/WhatsApp-Image-2023-12-06-at-8.51.11-AM-jpeg.webp?resize=768%2C346&amp;ssl=1 768w, https:\/\/i0.wp.com\/elcuyabranpost.com\/wp-content\/uploads\/2023\/12\/WhatsApp-Image-2023-12-06-at-8.51.11-AM-jpeg.webp?resize=1536%2C691&amp;ssl=1 1536w, https:\/\/i0.wp.com\/elcuyabranpost.com\/wp-content\/uploads\/2023\/12\/WhatsApp-Image-2023-12-06-at-8.51.11-AM-jpeg.webp?w=1600&amp;ssl=1 1600w\" sizes=\"(max-width: 1000px) 100vw, 1000px\" \/><\/figure>\n\n\n\n<p style=\"font-size:22px\"><strong>Re estrenar y cuidar<\/strong><\/p>\n\n\n\n<p style=\"font-size:22px\">A eso le apunta el Mercado Circular y Bazar Sustentable programado para el pr\u00f3ximo domingo 17 de diciembre en el Centro Cultural Metropolitano de Convenciones de Armenia. Los asistentes podr\u00e1n ingresar de manera gratuita, adquirir ropa casi nueva por precios muy favorables, incluso en unos casos podr\u00e1n hacer trueque, y de esta manera llevarse un outfit renovado d\u00e1ndole un aguinaldo al medio ambiente.<\/p>\n\n\n\n<div style=\"height:100px\" aria-hidden=\"true\" class=\"wp-block-spacer\"><\/div>\n\n\n\n<p style=\"font-size:22px\">Me encontr\u00e9 con las gestoras de la iniciativa, Gloria Mercedes Rend\u00f3n y \u00c1ngela Mar\u00eda Arboleda, para que me contaran sobre la feria, una de varias que han hecho y que precede a otras actividades planeadas por ellas, todas en torno a la econom\u00eda circular. \u00c1ngela me cuenta: \u201cPersonalmente he usado ropa de segunda desde hace muchos a\u00f1os y es cuesti\u00f3n de eliminar los estigmas, como que es sin\u00f3nimo de sucia, vieja, est\u00e1 rota o trae malas energ\u00edas\u2026\u201d<\/p>\n\n\n\n<div style=\"height:100px\" aria-hidden=\"true\" class=\"wp-block-spacer\"><\/div>\n\n\n\n<p style=\"font-size:22px\">-\u2026o trae balazos.<\/p>\n\n\n\n<figure class=\"wp-block-image size-large\"><img data-recalc-dims=\"1\" loading=\"lazy\" decoding=\"async\" width=\"1153\" height=\"720\" src=\"https:\/\/i0.wp.com\/elcuyabranpost.com\/wp-content\/uploads\/2023\/12\/WhatsApp-Image-2023-12-06-at-8.51.11-AM-1-edited.webp?resize=1153%2C720&#038;ssl=1\" alt=\"\" class=\"wp-image-2138\" srcset=\"https:\/\/i0.wp.com\/elcuyabranpost.com\/wp-content\/uploads\/2023\/12\/WhatsApp-Image-2023-12-06-at-8.51.11-AM-1-edited.webp?w=1153&amp;ssl=1 1153w, https:\/\/i0.wp.com\/elcuyabranpost.com\/wp-content\/uploads\/2023\/12\/WhatsApp-Image-2023-12-06-at-8.51.11-AM-1-edited.webp?resize=300%2C187&amp;ssl=1 300w, https:\/\/i0.wp.com\/elcuyabranpost.com\/wp-content\/uploads\/2023\/12\/WhatsApp-Image-2023-12-06-at-8.51.11-AM-1-edited.webp?resize=1024%2C639&amp;ssl=1 1024w, https:\/\/i0.wp.com\/elcuyabranpost.com\/wp-content\/uploads\/2023\/12\/WhatsApp-Image-2023-12-06-at-8.51.11-AM-1-edited.webp?resize=768%2C480&amp;ssl=1 768w\" sizes=\"(max-width: 1000px) 100vw, 1000px\" \/><\/figure>\n\n\n\n<p style=\"font-size:22px\">Las dos se r\u00eden. Gloria se enseria y profundiza en el concepto: \u201cSi tengo un evento y compro un vestido s\u00faper costoso que me voy a poner una sola vez, tengo la oportunidad de que otra persona lo adquiera a un precio m\u00e1s favorable y pueda vestirlo en otra actividad. Estamos recuperando conceptos como el compartir, el reciclaje, el trueque, el reutilizar, el renovar. Es darle ese valor agregado a lo que tenemos en el closet; darles una segunda vida a trav\u00e9s del bazar\u201d.<\/p>\n\n\n\n<div style=\"height:100px\" aria-hidden=\"true\" class=\"wp-block-spacer\"><\/div>\n\n\n\n<p style=\"font-size:22px\">\u00c1ngela engloba en tres conceptos, los beneficios de este tipo de actividades. En primer lugar, la mitigaci\u00f3n del impacto ambiental. Lo segundo, igual de importante \u2013y tal vez lo m\u00e1s motivador para algunos- es el aspecto econ\u00f3mico: \u201cempezando por nosotros, pero tambi\u00e9n por los expositores, que son personas que de pronto no tienen ingresos fijos, y que no saben el mont\u00f3n de dinero que pueden tener guardado en sus San Alejo\u201d subraya. Y en tercer lugar, el impacto social que esta y otras actividades desarrolladas en sus iniciativas, tienen en poblaciones vulnerables, como la lograda en su campa\u00f1a \u201910 lucas por el planeta\u2019, que vend\u00eda ropa a 10.000 pesos o menos entre la poblaci\u00f3n de baja capacidad adquisitiva.<\/p>\n\n\n\n<div style=\"height:100px\" aria-hidden=\"true\" class=\"wp-block-spacer\"><\/div>\n\n\n\n<figure class=\"wp-block-image size-large\"><img data-recalc-dims=\"1\" loading=\"lazy\" decoding=\"async\" width=\"1024\" height=\"576\" src=\"https:\/\/i0.wp.com\/elcuyabranpost.com\/wp-content\/uploads\/2023\/12\/Como-hacerle-el-quite-al-ciclo-de-la-ropa-1024x576.webp?resize=1024%2C576&#038;ssl=1\" alt=\"\" class=\"wp-image-2139\" srcset=\"https:\/\/i0.wp.com\/elcuyabranpost.com\/wp-content\/uploads\/2023\/12\/Como-hacerle-el-quite-al-ciclo-de-la-ropa-jpg.webp?resize=1024%2C576&amp;ssl=1 1024w, https:\/\/i0.wp.com\/elcuyabranpost.com\/wp-content\/uploads\/2023\/12\/Como-hacerle-el-quite-al-ciclo-de-la-ropa-jpg.webp?resize=300%2C169&amp;ssl=1 300w, https:\/\/i0.wp.com\/elcuyabranpost.com\/wp-content\/uploads\/2023\/12\/Como-hacerle-el-quite-al-ciclo-de-la-ropa-jpg.webp?resize=768%2C432&amp;ssl=1 768w, https:\/\/i0.wp.com\/elcuyabranpost.com\/wp-content\/uploads\/2023\/12\/Como-hacerle-el-quite-al-ciclo-de-la-ropa-jpg.webp?resize=1536%2C864&amp;ssl=1 1536w, https:\/\/i0.wp.com\/elcuyabranpost.com\/wp-content\/uploads\/2023\/12\/Como-hacerle-el-quite-al-ciclo-de-la-ropa-jpg.webp?w=1920&amp;ssl=1 1920w\" sizes=\"(max-width: 1000px) 100vw, 1000px\" \/><\/figure>\n\n\n\n<p style=\"font-size:22px\"><strong>C\u00f3mo funcionar\u00e1 el bazar<\/strong><\/p>\n\n\n\n<p style=\"font-size:22px\">Las inscripciones para quienes quieran ser expositores est\u00e1n abiertas hasta este s\u00e1bado 9 de diciembre a trav\u00e9s del n\u00famero telef\u00f3nico 314 282 9022, con un costo de 80.000 pesos, lo que les dar\u00e1 la oportunidad de contar con una mesa, dos sillas, y el espacio suficiente para exhibir su mercanc\u00eda (no solo ropa, sino tambi\u00e9n libros y antig\u00fcedades) as\u00ed como para decorar. La actividad estar\u00e1 abierta de 10:00 de la ma\u00f1ana a 4:00 de la tarde.<\/p>\n\n\n\n<div style=\"height:100px\" aria-hidden=\"true\" class=\"wp-block-spacer\"><\/div>\n\n\n\n<p style=\"font-size:22px\">Pero no todo entra al bazar. \u201cLa ropa debe llegar lavada\u201d, reitera \u00c1ngela, \u201cen este punto levantamos un inventario: si est\u00e1 manchada, rota, deste\u00f1ida o con demasiado uso, no va. Frente a las prendas que se quedan, concertamos con el expositor qu\u00e9 hacer con ella, una de las opciones es llevarlas a donaci\u00f3n si est\u00e1n en condiciones aptas. En el caso en que tampoco cumplan con los est\u00e1ndares, se puede acudir a la transformaci\u00f3n, que incluye hacer, por ejemplo, bolsos con pantalones, o camisetas de algod\u00f3n en accesorios\u201d. La mec\u00e1nica incluir\u00e1, adem\u00e1s, la posibilidad de que los asistentes puedan truequear en los stands que hayan manifestado su voluntad de hacerlo. &nbsp;<\/p>\n\n\n\n<div style=\"height:100px\" aria-hidden=\"true\" class=\"wp-block-spacer\"><\/div>\n\n\n\n<p style=\"font-size:22px\">\u201cEl ideal a futuro es que haya m\u00e1s consciencia, para que baje la producci\u00f3n, porque la industria de la moda quiere constantemente invitar a comprar algo nuevo y genera un af\u00e1n y una urgencia por estar siempre al d\u00eda, sin importar el da\u00f1o sobre el medio ambiente\u201d, concluye Gloria.<\/p>\n","protected":false},"excerpt":{"rendered":"<p>La ropa trae consigo una enorme huella de carbono: se calcula que el 25% de los pesticidas aplicados en el mundo se usan para cultivar algod\u00f3n. Como materia prima, se utilizan al menos 8.000 productos qu\u00edmicos para su transformaci\u00f3n en textiles. Su impacto, adem\u00e1s, se mantiene en el tiempo, si la ropa se desecha con [&hellip;]<\/p>\n","protected":false},"author":1,"featured_media":2144,"comment_status":"open","ping_status":"open","sticky":false,"template":"","format":"standard","meta":{"om_disable_all_campaigns":false,"_monsterinsights_skip_tracking":false,"_monsterinsights_sitenote_active":false,"_monsterinsights_sitenote_note":"","_monsterinsights_sitenote_category":0,"_uf_show_specific_survey":0,"_uf_disable_surveys":false,"_jetpack_memberships_contains_paid_content":false,"footnotes":""},"categories":[105],"tags":[198,195,197,199,196],"class_list":["post-2134","post","type-post","status-publish","format-standard","has-post-thumbnail","hentry","category-plataforma","tag-consumo","tag-economia-circular","tag-moda","tag-sostenibilidad","tag-trueque"],"aioseo_notices":[],"jetpack_featured_media_url":"https:\/\/i0.wp.com\/elcuyabranpost.com\/wp-content\/uploads\/2023\/12\/Como-hacerle-el-quite-al-ciclo-de-la-ropa-2-jpg.webp?fit=1920%2C1080&ssl=1","jetpack_sharing_enabled":true,"_links":{"self":[{"href":"https:\/\/elcuyabranpost.com\/index.php\/wp-json\/wp\/v2\/posts\/2134"}],"collection":[{"href":"https:\/\/elcuyabranpost.com\/index.php\/wp-json\/wp\/v2\/posts"}],"about":[{"href":"https:\/\/elcuyabranpost.com\/index.php\/wp-json\/wp\/v2\/types\/post"}],"author":[{"embeddable":true,"href":"https:\/\/elcuyabranpost.com\/index.php\/wp-json\/wp\/v2\/users\/1"}],"replies":[{"embeddable":true,"href":"https:\/\/elcuyabranpost.com\/index.php\/wp-json\/wp\/v2\/comments?post=2134"}],"version-history":[{"count":3,"href":"https:\/\/elcuyabranpost.com\/index.php\/wp-json\/wp\/v2\/posts\/2134\/revisions"}],"predecessor-version":[{"id":2145,"href":"https:\/\/elcuyabranpost.com\/index.php\/wp-json\/wp\/v2\/posts\/2134\/revisions\/2145"}],"wp:featuredmedia":[{"embeddable":true,"href":"https:\/\/elcuyabranpost.com\/index.php\/wp-json\/wp\/v2\/media\/2144"}],"wp:attachment":[{"href":"https:\/\/elcuyabranpost.com\/index.php\/wp-json\/wp\/v2\/media?parent=2134"}],"wp:term":[{"taxonomy":"category","embeddable":true,"href":"https:\/\/elcuyabranpost.com\/index.php\/wp-json\/wp\/v2\/categories?post=2134"},{"taxonomy":"post_tag","embeddable":true,"href":"https:\/\/elcuyabranpost.com\/index.php\/wp-json\/wp\/v2\/tags?post=2134"}],"curies":[{"name":"wp","href":"https:\/\/api.w.org\/{rel}","templated":true}]}}