{"id":2147,"date":"2023-12-10T10:46:24","date_gmt":"2023-12-10T15:46:24","guid":{"rendered":"https:\/\/elcuyabranpost.com\/?p=2147"},"modified":"2023-12-10T10:47:37","modified_gmt":"2023-12-10T15:47:37","slug":"milei-la-opcion-libertaria-dara-respuesta-a-una-argentina-que-se-quiebra","status":"publish","type":"post","link":"https:\/\/elcuyabranpost.com\/index.php\/2023\/12\/10\/milei-la-opcion-libertaria-dara-respuesta-a-una-argentina-que-se-quiebra\/","title":{"rendered":"Milei: \u00bfLa opci\u00f3n libertaria dar\u00e1 respuesta a una Argentina que se quiebra?"},"content":{"rendered":"\n<figure class=\"wp-block-image size-large\"><img data-recalc-dims=\"1\" loading=\"lazy\" decoding=\"async\" width=\"1024\" height=\"576\" src=\"https:\/\/i0.wp.com\/elcuyabranpost.com\/wp-content\/uploads\/2023\/12\/2-1024x576.webp?resize=1024%2C576\" alt=\"\" class=\"wp-image-2149\" srcset=\"https:\/\/i0.wp.com\/elcuyabranpost.com\/wp-content\/uploads\/2023\/12\/2-jpg.webp?resize=1024%2C576&amp;ssl=1 1024w, https:\/\/i0.wp.com\/elcuyabranpost.com\/wp-content\/uploads\/2023\/12\/2-jpg.webp?resize=300%2C169&amp;ssl=1 300w, https:\/\/i0.wp.com\/elcuyabranpost.com\/wp-content\/uploads\/2023\/12\/2-jpg.webp?resize=768%2C432&amp;ssl=1 768w, https:\/\/i0.wp.com\/elcuyabranpost.com\/wp-content\/uploads\/2023\/12\/2-jpg.webp?resize=1536%2C864&amp;ssl=1 1536w, https:\/\/i0.wp.com\/elcuyabranpost.com\/wp-content\/uploads\/2023\/12\/2-jpg.webp?w=1920&amp;ssl=1 1920w\" sizes=\"(max-width: 1000px) 100vw, 1000px\" \/><\/figure>\n\n\n\n<p style=\"font-size:22px\">Silvana Rubertone lleva viviendo unos 23 a\u00f1os en Colombia, luego de migrar desde Argentina. A la distancia y a trav\u00e9s de lo que le cuenta su familia paterna, en su naci\u00f3n de origen, se ha podido hacer a la idea de lo que significa la llegada a la presidencia de Javier Milei. \u201cAunque puedo decir que soy de izquierdas, estoy feliz con su triunfo\u201d, dice con algo de timidez, \u201cmirando el panorama a trav\u00e9s de los a\u00f1os de mi pa\u00eds y la situaci\u00f3n econ\u00f3mica de mi familia -que viene atravesando situaciones muy duras- pienso que fue una muy buena opci\u00f3n\u201d.<\/p>\n\n\n\n<div style=\"height:100px\" aria-hidden=\"true\" class=\"wp-block-spacer\"><\/div>\n\n\n\n<p style=\"font-size:22px\">Nada que objetar. Sobre todo porque no es lo mismo opinar desde la barrera. A Silvana le toc\u00f3 en su natal Buenos Aires, el gobierno de Carlos Menem. Cr\u00edticas m\u00e1s o cr\u00edticas menos, algo hay que abonarle: logr\u00f3 equiparar el peso argentino con el d\u00f3lar en un momento (otro) de hiperinflaci\u00f3n; una se\u00f1al inequ\u00edvocamente positiva de que la econom\u00eda iba bien, aunque para lograrlo acudi\u00f3 a privatizar las empresas del Estado. Luego la econom\u00eda sufrir\u00eda de variaciones extremas, como si de una pelota rebotando se tratara: el corralito decretado por Fernando de la R\u00faa; la cancelaci\u00f3n total de la deuda externa con el pago efectuado por N\u00e9stor Kirchner y la correspondiente adquisici\u00f3n de un pasivo por m\u00e1s de 9.500 millones de d\u00f3lares; el incremento del gasto social y los subsidios por parte de su viuda, Cristina Fern\u00e1ndez; y la suscripci\u00f3n de Mauricio Macri de un nuevo cr\u00e9dito <em>stand by<\/em> con el Fondo Monetario Internacional, alcanzando una cifra in\u00e9dita en este tipo de operaciones en el organismo multilateral: 57 mil millones de d\u00f3lares.<\/p>\n\n\n\n<div style=\"height:100px\" aria-hidden=\"true\" class=\"wp-block-spacer\"><\/div>\n\n\n\n<p style=\"font-size:22px\">Para cuando lleg\u00f3 Alberto Fern\u00e1ndez, no hab\u00eda mucho para hacer. La superinflaci\u00f3n se com\u00eda a la Argentina, las respuestas no satisfac\u00edan las necesidades de la \u00e9poca, y los cambios sucesivos en la cartera pertinente no ayudaron. En plenos comicios, Sergio Massa enarbolaba las banderas del kirchnerismo pero la baja popularidad de su gesti\u00f3n como ministro de Econom\u00eda no le ayud\u00f3. Y alejado de una derecha d\u00e9bil por el flojo gobierno de Macri (su \u00faltimo residente en la Casa Rosada), empez\u00f3 a ascender, en medio de frases desafiantes, actos teatrales y promesas de dif\u00edcil cumplimiento pero gran efectividad medi\u00e1tica, la figura de Javier Milei: un economista que hab\u00eda logrado algo de visibilidad por su trabajo radial y televisivo.<\/p>\n\n\n\n<figure class=\"wp-block-image size-large\"><img data-recalc-dims=\"1\" loading=\"lazy\" decoding=\"async\" width=\"1024\" height=\"580\" src=\"https:\/\/i0.wp.com\/elcuyabranpost.com\/wp-content\/uploads\/2023\/12\/pobreza-en-tucumn-foto-archivo-886733-164308-1024x580.webp?resize=1024%2C580\" alt=\"\" class=\"wp-image-2148\" srcset=\"https:\/\/i0.wp.com\/elcuyabranpost.com\/wp-content\/uploads\/2023\/12\/pobreza-en-tucumn-foto-archivo-886733-164308-jpg.webp?resize=1024%2C580&amp;ssl=1 1024w, https:\/\/i0.wp.com\/elcuyabranpost.com\/wp-content\/uploads\/2023\/12\/pobreza-en-tucumn-foto-archivo-886733-164308-jpg.webp?resize=300%2C170&amp;ssl=1 300w, https:\/\/i0.wp.com\/elcuyabranpost.com\/wp-content\/uploads\/2023\/12\/pobreza-en-tucumn-foto-archivo-886733-164308-jpg.webp?resize=768%2C435&amp;ssl=1 768w, https:\/\/i0.wp.com\/elcuyabranpost.com\/wp-content\/uploads\/2023\/12\/pobreza-en-tucumn-foto-archivo-886733-164308-jpg.webp?w=1500&amp;ssl=1 1500w\" sizes=\"(max-width: 1000px) 100vw, 1000px\" \/><figcaption class=\"wp-element-caption\"><em>En mayo de 2023 la inflaci\u00f3n de Argentina alcanzaba un inmanejable 109%. <\/em><\/figcaption><\/figure>\n\n\n\n<p style=\"font-size:22px\"><strong>Soluciones desesperadas<\/strong><\/p>\n\n\n\n<p style=\"font-size:22px\">Una escena: un cami\u00f3n de basura espera a que abran las puertas del relleno sanitario. Detr\u00e1s de \u00e9l esperan familias, que ansiosas, corren al lado del veh\u00edculo una vez se habilita el ingreso, para buscar en los montones de desechos, alimentos que a\u00fan se puedan consumir. No es ficci\u00f3n: el conductor es cercano a la familia de Silvana. Los arriendos \u2013que siempre han sido costosos en Buenos Aires- se contratan a un mes, con la certeza que el canon cobrado subir\u00e1 ostensiblemente en menos de 20 d\u00edas. Incluso la carne se convirti\u00f3 un lujo. Y estamos hablando de la Argentina.<\/p>\n\n\n\n<div style=\"height:100px\" aria-hidden=\"true\" class=\"wp-block-spacer\"><\/div>\n\n\n\n<p style=\"font-size:22px\">\u201cEl porcentaje de pobreza es como del 45%\u201d, explica, \u201cyo de pol\u00edtica o econom\u00eda poco s\u00e9, pero como ciudadana, creo que lo que hizo Cristina fue llenarse los bolsillos. No podr\u00eda afirmar que cumpli\u00f3 con los logros sociales, porque si lo hubiera hecho, no estar\u00eda la situaci\u00f3n del pa\u00eds como ahora. Macri endeud\u00f3 al pa\u00eds de manera innecesaria, podr\u00edan haberse evaluado otras alternativas. Y el pecado de Alberto Fern\u00e1ndez fue ser un t\u00edtere de Cristina\u201d.<\/p>\n\n\n\n<div style=\"height:100px\" aria-hidden=\"true\" class=\"wp-block-spacer\"><\/div>\n\n\n\n<p style=\"font-size:22px\">-\u00bfY no te dan miedo esas medidas extremas de las que habla Milei?, le pregunto. <\/p>\n\n\n\n<div style=\"height:100px\" aria-hidden=\"true\" class=\"wp-block-spacer\"><\/div>\n\n\n\n<p style=\"font-size:22px\">-Hay gente que dice que les va a vulnerar los derechos, pero son los que viven del Estado, que sus d\u00edas son levantarse y esperar el subsidio. La gente en edad productiva y que vive de las subvenciones es mucha. En gran proporci\u00f3n, la mano de obra calificada recae en migrantes, e incluso de mi generaci\u00f3n fueron pocos los que estudiaron una universidad, pese a que es gratis para los nacionales. La gente no trabaja, no estudia, no cotiza en pensiones.<\/p>\n\n\n\n<figure class=\"wp-block-image size-large\"><img data-recalc-dims=\"1\" loading=\"lazy\" decoding=\"async\" width=\"1024\" height=\"576\" src=\"https:\/\/i0.wp.com\/elcuyabranpost.com\/wp-content\/uploads\/2023\/12\/5-1024x576.webp?resize=1024%2C576&#038;ssl=1\" alt=\"\" class=\"wp-image-2150\" srcset=\"https:\/\/i0.wp.com\/elcuyabranpost.com\/wp-content\/uploads\/2023\/12\/5-jpg.webp?resize=1024%2C576&amp;ssl=1 1024w, https:\/\/i0.wp.com\/elcuyabranpost.com\/wp-content\/uploads\/2023\/12\/5-jpg.webp?resize=300%2C169&amp;ssl=1 300w, https:\/\/i0.wp.com\/elcuyabranpost.com\/wp-content\/uploads\/2023\/12\/5-jpg.webp?resize=768%2C432&amp;ssl=1 768w, https:\/\/i0.wp.com\/elcuyabranpost.com\/wp-content\/uploads\/2023\/12\/5-jpg.webp?resize=1536%2C864&amp;ssl=1 1536w, https:\/\/i0.wp.com\/elcuyabranpost.com\/wp-content\/uploads\/2023\/12\/5-jpg.webp?w=1920&amp;ssl=1 1920w\" sizes=\"(max-width: 1000px) 100vw, 1000px\" \/><figcaption class=\"wp-element-caption\"><em>Silvana Rubertone observa desde Colombia lo que atraviesa su natal Argentina. Para ella, Milei es la oportunidad de salir de los mismos gobiernos que tienen a su pa\u00eds en el estado actual.<\/em><\/figcaption><\/figure>\n\n\n\n<p style=\"font-size:22px\">Sin embargo, la culpa va en doble sentido, aclara, si se tiene en cuenta que el ingreso promedio de un profesional lo consume todo en sus gastos y se queda corto. Esta din\u00e1mica sin duda ha generado altos niveles de insatisfacci\u00f3n que explican la elecci\u00f3n de un candidato al que, si calificamos como estrafalario, seguro no exageramos. <\/p>\n\n\n\n<div style=\"height:100px\" aria-hidden=\"true\" class=\"wp-block-spacer\"><\/div>\n\n\n\n<p style=\"font-size:22px\">\u201cLo que ha hecho Milei ha sido exacerbar la insatisfacci\u00f3n y apuntarle a los sectores que necesitaba para ganar la presidencia. Claramente no est\u00e1 declarado como de izquierda como los peronistas y kirschneristas, pero tampoco es amigo de Macri, aunque escuch\u00e9 que su gabinete ser\u00e1 con sus antiguos ministros porque no tiene equipo\u201d. La opini\u00f3n la firma Nicol\u00e1s Gonz\u00e1lez Botero, profesional en Gobierno y Relaciones Internacionales. \u201cLe dio un discurso a cada uno de los sectores ante la crisis total; propuestas que llamaran la atenci\u00f3n. Dif\u00edcilmente creo que las vaya a alcanzar en su gobierno porque lo que est\u00e1 pasando es un problema es estructural, con una institucionalidad dedicada a la financiaci\u00f3n de los d\u00e9ficits fiscales de un pa\u00eds que ha extranjerizado su econom\u00eda y sus tierras\u201d.<\/p>\n\n\n\n<figure class=\"wp-block-image size-large\"><img data-recalc-dims=\"1\" loading=\"lazy\" decoding=\"async\" width=\"1024\" height=\"576\" src=\"https:\/\/i0.wp.com\/elcuyabranpost.com\/wp-content\/uploads\/2023\/12\/1-1024x576.webp?resize=1024%2C576&#038;ssl=1\" alt=\"\" class=\"wp-image-2151\" srcset=\"https:\/\/i0.wp.com\/elcuyabranpost.com\/wp-content\/uploads\/2023\/12\/1-jpg.webp?resize=1024%2C576&amp;ssl=1 1024w, https:\/\/i0.wp.com\/elcuyabranpost.com\/wp-content\/uploads\/2023\/12\/1-jpg.webp?resize=300%2C169&amp;ssl=1 300w, https:\/\/i0.wp.com\/elcuyabranpost.com\/wp-content\/uploads\/2023\/12\/1-jpg.webp?resize=768%2C432&amp;ssl=1 768w, https:\/\/i0.wp.com\/elcuyabranpost.com\/wp-content\/uploads\/2023\/12\/1-jpg.webp?resize=1536%2C864&amp;ssl=1 1536w, https:\/\/i0.wp.com\/elcuyabranpost.com\/wp-content\/uploads\/2023\/12\/1-jpg.webp?w=1920&amp;ssl=1 1920w\" sizes=\"(max-width: 1000px) 100vw, 1000px\" \/><figcaption class=\"wp-element-caption\"><em>Los m\u00e1s recientes residentes de la Casa Rosada han tratado de llenar un hueco creando, otro que incrementa a\u00fan m\u00e1s la crisis econ\u00f3mica. <\/em><\/figcaption><\/figure>\n\n\n\n<p style=\"font-size:22px\"><strong>En deuda de un cambio social improbable<\/strong><\/p>\n\n\n\n<p style=\"font-size:22px\">Gonz\u00e1lez Botero pone en una balanza la situaci\u00f3n actual del pa\u00eds con las propuestas del mandatario entrante: Resolver un problema tan complejo requerir\u00eda de pol\u00edticas de choque contundentes. Pero esto podr\u00eda generar un movimiento de inconformidad social total. \u201cSi no hay creaci\u00f3n de empleo y formaci\u00f3n empresarial, no habr\u00e1 qui\u00e9n capture esas personas que van a quedar desamparadas con la falta de subsidios estatales. Y al ser una comunidad acostumbrada permanentemente a subsidios, se va demorar para entrar a un ciclo econ\u00f3mico donde tengan que cumplir horarios, estar bajo la supervisi\u00f3n de una empresa y entregar su tiempo por dinero. Pueden llevarse m\u00e1s de 10 a\u00f1os\u201d.<\/p>\n\n\n\n<div style=\"height:100px\" aria-hidden=\"true\" class=\"wp-block-spacer\"><\/div>\n\n\n\n<p style=\"font-size:22px\">Tambi\u00e9n ser\u00e1 una cuesti\u00f3n de paciencia y trabajo constante el cumplirle a uno de los sectores que lo llevaron al triunfo en las urnas, como lo son los hombres j\u00f3venes de entre 16 y 25 a\u00f1os, que se sintieron identificados por esta nueva figura, justamente por oponerse a un progresismo radical que inclu\u00eda la garant\u00eda de derechos a comunidades ajenas a ellos.<\/p>\n\n\n\n<div style=\"height:100px\" aria-hidden=\"true\" class=\"wp-block-spacer\"><\/div>\n\n\n\n<p style=\"font-size:22px\">\u201cLos an\u00e1lisis hablan de un voto en contraposici\u00f3n a un ultrafeminismo que se ha generado en los \u00faltimos a\u00f1os. Los j\u00f3venes est\u00e1n cansados de que a las mujeres no se les pueda decir nada en la calle, que sea imposible entablar conversaci\u00f3n con ellas, que ceder el puesto en el transporte p\u00fablico sea sin\u00f3nimo de indignaci\u00f3n. El caso es que el tema del feminismo no se cambia con pol\u00edticas de Estado, sino que se debe incorporar en la sociedad. Eso no lo cambia un presidente, salvo que instaure unas pol\u00edticas de corte fascista de otra magnitud\u201d.<\/p>\n\n\n\n<figure class=\"wp-block-image size-large\"><img data-recalc-dims=\"1\" loading=\"lazy\" decoding=\"async\" width=\"1024\" height=\"576\" src=\"https:\/\/i0.wp.com\/elcuyabranpost.com\/wp-content\/uploads\/2023\/12\/3-1024x576.webp?resize=1024%2C576&#038;ssl=1\" alt=\"\" class=\"wp-image-2153\" srcset=\"https:\/\/i0.wp.com\/elcuyabranpost.com\/wp-content\/uploads\/2023\/12\/3-jpg.webp?resize=1024%2C576&amp;ssl=1 1024w, https:\/\/i0.wp.com\/elcuyabranpost.com\/wp-content\/uploads\/2023\/12\/3-jpg.webp?resize=300%2C169&amp;ssl=1 300w, https:\/\/i0.wp.com\/elcuyabranpost.com\/wp-content\/uploads\/2023\/12\/3-jpg.webp?resize=768%2C432&amp;ssl=1 768w, https:\/\/i0.wp.com\/elcuyabranpost.com\/wp-content\/uploads\/2023\/12\/3-jpg.webp?resize=1536%2C864&amp;ssl=1 1536w, https:\/\/i0.wp.com\/elcuyabranpost.com\/wp-content\/uploads\/2023\/12\/3-jpg.webp?w=1920&amp;ssl=1 1920w\" sizes=\"(max-width: 1000px) 100vw, 1000px\" \/><figcaption class=\"wp-element-caption\"><em>La Casa Rosada, el palacio presidencial ubicado en Buenos Aires.<\/em><\/figcaption><\/figure>\n\n\n\n<p style=\"font-size:22px\"><strong>La reducci\u00f3n del Estado propuesta por Milei<\/strong><\/p>\n\n\n\n<p style=\"font-size:22px\">A Silvana le parece razonable la propuesta de fusionar ministerios: de un gabinete de 20 carteras, pasar\u00eda a 8. En este revolc\u00f3n desaparecer\u00edan, por ejemplo, los de Salud, Desarrollo Social, Mujeres, Educaci\u00f3n, Ambiente, Turismo y Deportes, y Cultura. Y muchos de estos ser\u00edan absorbidos por un s\u00faper ministerio llamado Desarrollo Social, Educaci\u00f3n y Salud.<\/p>\n\n\n\n<div style=\"height:100px\" aria-hidden=\"true\" class=\"wp-block-spacer\"><\/div>\n\n\n\n<p style=\"font-size:22px\">\u00bfCu\u00e1les quedar\u00edan? Econom\u00eda, Justicia, Seguridad, Defensa, Relaciones Exteriores, Infraestructura, e Interior. \u201cVan a desaparecer algunas dependencias, pero no dejar\u00e1n de existir. Incluso la que se anunci\u00f3 como su vicepresidenta, Victoria Villarruel, ha hecho ya an\u00e1lisis de las condiciones de los hospitales p\u00fablicos y privados, y encontr\u00f3 que no tienen lo m\u00ednimo para una atenci\u00f3n de calidad, por lo que pretende mirar alternativas para mejorarlas. Hacer el recorte desde arriba me parece razonable, incluso recortar los presupuestos para proyectarlos a nivel social ser\u00eda una buena estrategia\u201d, indica.<\/p>\n\n\n\n<div style=\"height:100px\" aria-hidden=\"true\" class=\"wp-block-spacer\"><\/div>\n\n\n\n<p style=\"font-size:22px\">La estrategia, sin embargo, pondr\u00e1 en riesgo su capital pol\u00edtico, subraya Gonz\u00e1lez Botero. \u201cTendr\u00e1 que negociar muchas de las propuestas con un Congreso que no es af\u00edn, para montar un mont\u00f3n de reformas dif\u00edciles de entender, como el desmonte del Banco Central, que para m\u00ed ha sido la parte m\u00e1s \u00e1lgida, porque perder el derecho de se\u00f1oriaje y someterse a los designios de la econom\u00eda mundial a trav\u00e9s de una moneda de intercambio como el d\u00f3lar -que est\u00e1 proyectada subir y bajar en los pr\u00f3ximos a\u00f1os por los problemas internacionales- es un riesgo bastante alto. O estar\u00e1 pensando convertirlo en un para\u00edso fiscal como Panam\u00e1 o M\u00f3naco, que tiene sus monedas indexadas al d\u00f3lar y son <em>lavadores de plata<\/em> a trav\u00e9s del gasto del Estado\u201d.<\/p>\n\n\n\n<figure class=\"wp-block-image size-large\"><img data-recalc-dims=\"1\" loading=\"lazy\" decoding=\"async\" width=\"1024\" height=\"576\" src=\"https:\/\/i0.wp.com\/elcuyabranpost.com\/wp-content\/uploads\/2023\/12\/6-1024x576.webp?resize=1024%2C576\" alt=\"\" class=\"wp-image-2152\" srcset=\"https:\/\/i0.wp.com\/elcuyabranpost.com\/wp-content\/uploads\/2023\/12\/6-jpg.webp?resize=1024%2C576&amp;ssl=1 1024w, https:\/\/i0.wp.com\/elcuyabranpost.com\/wp-content\/uploads\/2023\/12\/6-jpg.webp?resize=300%2C169&amp;ssl=1 300w, https:\/\/i0.wp.com\/elcuyabranpost.com\/wp-content\/uploads\/2023\/12\/6-jpg.webp?resize=768%2C432&amp;ssl=1 768w, https:\/\/i0.wp.com\/elcuyabranpost.com\/wp-content\/uploads\/2023\/12\/6-jpg.webp?resize=1536%2C864&amp;ssl=1 1536w, https:\/\/i0.wp.com\/elcuyabranpost.com\/wp-content\/uploads\/2023\/12\/6-jpg.webp?w=1920&amp;ssl=1 1920w\" sizes=\"(max-width: 1000px) 100vw, 1000px\" \/><figcaption class=\"wp-element-caption\"><em>Nicol\u00e1s Gonz\u00e1lez duda que, por la magnitud de las propuestas hechas en campa\u00f1a, puedan ser alcanzables en un periodo de 4 a\u00f1os.<\/em><\/figcaption><\/figure>\n\n\n\n<p style=\"font-size:22px\"><strong>\u00bfEl efecto Milei podr\u00eda golpear a Colombia?<\/strong><\/p>\n\n\n\n<p style=\"font-size:22px\">Este punto, agrega, exigir\u00e1 \u201cel desmonte de instituciones que llevan muchos a\u00f1os, herederas de los procesos de corrupci\u00f3n surgidas despu\u00e9s de las dictaduras y de un socialismo bastante desorganizado\u201d. Y es precisamente ah\u00ed, donde esta historia conecta con Colombia, como lo anota el especialista: \u201cSi el gobierno de Gustavo Petro no logra convencer a la poblaci\u00f3n que lo que hace es en favor de la ciudadan\u00eda y que ayudar\u00eda a la desigualdad, se va a montar un loco tipo Milei con un discurso populista de mano dura, que es lo que nos gusta: que nos digan lo que hay que hacer porque estamos perdidos con lo que est\u00e1 pasando en el pa\u00eds.<\/p>\n\n\n\n<div style=\"height:100px\" aria-hidden=\"true\" class=\"wp-block-spacer\"><\/div>\n\n\n\n<p style=\"font-size:22px\">Los ecos de un libertario en el poder ya empiezan a sentirse. As\u00ed como varios aspirantes a cargos regionales tomaron como modelo a Nayib Bukele para acercarse a su modelo de mano dura, no ser\u00eda raro que en los pr\u00f3ximos a\u00f1os aparezcan peque\u00f1os Milei en el panorama nacional: Mar\u00eda Fernanda Cabal ya ha mostrado su simpat\u00eda por VOX, el movimiento espa\u00f1ol de ultraderecha, y el coletazo de una muy posible reelecci\u00f3n de Donald Trump en Estados Unidos se sentir\u00eda con fuerza en las pr\u00f3ximas presidenciales.<\/p>\n\n\n\n<div style=\"height:100px\" aria-hidden=\"true\" class=\"wp-block-spacer\"><\/div>\n\n\n\n<p style=\"font-size:22px\">Aunque con Colombia nada es como parece, como lo define Gonz\u00e1lez Botero: \u201cEn el continente Colombia siempre ha sido el diferente. Mientras sus vecinos han girado hacia la izquierda, Colombia radicaliz\u00f3 la derecha. Y cuando el resto se ha pasado a la derecha de manera m\u00e1s prominente, Colombia tira a la izquierda. Siempre pareciera estar sola en el continente, sea porque llegue tarde o porque est\u00e9 adelantado. Ha sido el tap\u00f3n de todo en la geopol\u00edtica regional cuando se quiere que no haya hegemon\u00edas en el continente\u201d, concluye.<\/p>\n","protected":false},"excerpt":{"rendered":"<p>Silvana Rubertone lleva viviendo unos 23 a\u00f1os en Colombia, luego de migrar desde Argentina. A la distancia y a trav\u00e9s de lo que le cuenta su familia paterna, en su naci\u00f3n de origen, se ha podido hacer a la idea de lo que significa la llegada a la presidencia de Javier Milei. \u201cAunque puedo decir [&hellip;]<\/p>\n","protected":false},"author":1,"featured_media":2149,"comment_status":"open","ping_status":"open","sticky":false,"template":"","format":"standard","meta":{"om_disable_all_campaigns":false,"_monsterinsights_skip_tracking":false,"_monsterinsights_sitenote_active":false,"_monsterinsights_sitenote_note":"","_monsterinsights_sitenote_category":0,"_uf_show_specific_survey":0,"_uf_disable_surveys":false,"_jetpack_memberships_contains_paid_content":false,"footnotes":""},"categories":[16],"tags":[201,202,41,18,200,203,17],"class_list":["post-2147","post","type-post","status-publish","format-standard","has-post-thumbnail","hentry","category-elpostreporta","tag-argentina","tag-buenos-aires","tag-economia","tag-elecciones","tag-inflacion","tag-milei","tag-politica"],"aioseo_notices":[],"jetpack_featured_media_url":"https:\/\/i0.wp.com\/elcuyabranpost.com\/wp-content\/uploads\/2023\/12\/2-jpg.webp?fit=1920%2C1080&ssl=1","jetpack_sharing_enabled":true,"_links":{"self":[{"href":"https:\/\/elcuyabranpost.com\/index.php\/wp-json\/wp\/v2\/posts\/2147"}],"collection":[{"href":"https:\/\/elcuyabranpost.com\/index.php\/wp-json\/wp\/v2\/posts"}],"about":[{"href":"https:\/\/elcuyabranpost.com\/index.php\/wp-json\/wp\/v2\/types\/post"}],"author":[{"embeddable":true,"href":"https:\/\/elcuyabranpost.com\/index.php\/wp-json\/wp\/v2\/users\/1"}],"replies":[{"embeddable":true,"href":"https:\/\/elcuyabranpost.com\/index.php\/wp-json\/wp\/v2\/comments?post=2147"}],"version-history":[{"count":1,"href":"https:\/\/elcuyabranpost.com\/index.php\/wp-json\/wp\/v2\/posts\/2147\/revisions"}],"predecessor-version":[{"id":2154,"href":"https:\/\/elcuyabranpost.com\/index.php\/wp-json\/wp\/v2\/posts\/2147\/revisions\/2154"}],"wp:featuredmedia":[{"embeddable":true,"href":"https:\/\/elcuyabranpost.com\/index.php\/wp-json\/wp\/v2\/media\/2149"}],"wp:attachment":[{"href":"https:\/\/elcuyabranpost.com\/index.php\/wp-json\/wp\/v2\/media?parent=2147"}],"wp:term":[{"taxonomy":"category","embeddable":true,"href":"https:\/\/elcuyabranpost.com\/index.php\/wp-json\/wp\/v2\/categories?post=2147"},{"taxonomy":"post_tag","embeddable":true,"href":"https:\/\/elcuyabranpost.com\/index.php\/wp-json\/wp\/v2\/tags?post=2147"}],"curies":[{"name":"wp","href":"https:\/\/api.w.org\/{rel}","templated":true}]}}