{"id":2299,"date":"2024-02-02T14:13:12","date_gmt":"2024-02-02T19:13:12","guid":{"rendered":"https:\/\/elcuyabranpost.com\/?p=2299"},"modified":"2024-02-02T17:00:12","modified_gmt":"2024-02-02T22:00:12","slug":"buscandole-la-ruta-al-mercado-del-cbd","status":"publish","type":"post","link":"https:\/\/elcuyabranpost.com\/index.php\/2024\/02\/02\/buscandole-la-ruta-al-mercado-del-cbd\/","title":{"rendered":"La Mata ya no Mata 2: Busc\u00e1ndole la ruta al mercado del CBD"},"content":{"rendered":"\n<figure class=\"wp-block-image size-large\"><img data-recalc-dims=\"1\" loading=\"lazy\" decoding=\"async\" width=\"1024\" height=\"576\" src=\"https:\/\/i0.wp.com\/elcuyabranpost.com\/wp-content\/uploads\/2024\/02\/1-1024x576.png?resize=1024%2C576&#038;ssl=1\" alt=\"\" class=\"wp-image-2300\" srcset=\"https:\/\/i0.wp.com\/elcuyabranpost.com\/wp-content\/uploads\/2024\/02\/1.png?resize=1024%2C576&amp;ssl=1 1024w, https:\/\/i0.wp.com\/elcuyabranpost.com\/wp-content\/uploads\/2024\/02\/1.png?resize=300%2C169&amp;ssl=1 300w, https:\/\/i0.wp.com\/elcuyabranpost.com\/wp-content\/uploads\/2024\/02\/1.png?resize=768%2C432&amp;ssl=1 768w, https:\/\/i0.wp.com\/elcuyabranpost.com\/wp-content\/uploads\/2024\/02\/1.png?resize=1536%2C864&amp;ssl=1 1536w, https:\/\/i0.wp.com\/elcuyabranpost.com\/wp-content\/uploads\/2024\/02\/1.png?w=1920&amp;ssl=1 1920w\" sizes=\"(max-width: 1000px) 100vw, 1000px\" \/><\/figure>\n\n\n\n<p style=\"font-size:22px\">Cannabis. La sola menci\u00f3n de la palabra asusta a muchos todav\u00eda. Muestra de esto fue la fuerte discusi\u00f3n que se gener\u00f3 la semana anterior con la <a href=\"https:\/\/elcuyabranpost.com\/index.php\/2024\/01\/26\/estirando-los-limites-de-la-legalidad-que-rige-al-thc\/\" title=\"\">primera entrega<\/a> de este especial. Los comentarios de quienes rechazan a rajatabla a la planta y quienes conocen de sus posibilidades dio para todo, incluyendo alg\u00fan transe\u00fante de las redes que con tan solo ver el tema que est\u00e1bamos tocando decidi\u00f3 tratar a los consumidores como faltos de aspiraciones, delincuentes y enfermos.<\/p>\n\n\n\n<div style=\"height:100px\" aria-hidden=\"true\" class=\"wp-block-spacer\"><\/div>\n\n\n\n<p style=\"font-size:22px\">Esa fue la verdad absoluta en Colombia durante muchos a\u00f1os, aunque el negocio nunca decay\u00f3. Por el contrario, se sofistic\u00f3, llegando a desarrollos en el cultivo y la transformaci\u00f3n que llevaron al producto colombiano de la natural Santa Marta Gold tan difundida en la bonanza marimbera de los a\u00f1os 70, a cepas de cultivos hidrop\u00f3nicos con porcentajes m\u00e1s elevados de THC. Todo un caldo de cultivo para emprender, con la excusa de atacar el flagelo de la droga, millonarias inversiones en seguridad que dejaron a su paso todo lo contrario: guerras entre ollas, encarcelados, muertes.<\/p>\n\n\n\n<div style=\"height:100px\" aria-hidden=\"true\" class=\"wp-block-spacer\"><\/div>\n\n\n\n<p style=\"font-size:22px\">Y mientras en el pa\u00eds nos d\u00e1bamos palo entre nosotros por \u00f3rdenes de un macartismo estadounidense impuesto, en otras latitudes fue el pensamiento cient\u00edfico el que prim\u00f3, originando investigaciones en torno a sus propiedades y usos. Fue entonces cuando la comunidad m\u00e9dica encontr\u00f3 en esta estigmatizada planta, una promesa de gran valor en torno al tratamiento de m\u00e1s de 55 tipos de afecciones sin efectos colaterales.<\/p>\n\n\n\n<div style=\"height:100px\" aria-hidden=\"true\" class=\"wp-block-spacer\"><\/div>\n\n\n\n<figure class=\"wp-block-image size-large\"><img data-recalc-dims=\"1\" loading=\"lazy\" decoding=\"async\" width=\"1024\" height=\"576\" src=\"https:\/\/i0.wp.com\/elcuyabranpost.com\/wp-content\/uploads\/2024\/02\/3-1024x576.png?resize=1024%2C576&#038;ssl=1\" alt=\"\" class=\"wp-image-2302\" srcset=\"https:\/\/i0.wp.com\/elcuyabranpost.com\/wp-content\/uploads\/2024\/02\/3.png?resize=1024%2C576&amp;ssl=1 1024w, https:\/\/i0.wp.com\/elcuyabranpost.com\/wp-content\/uploads\/2024\/02\/3.png?resize=300%2C169&amp;ssl=1 300w, https:\/\/i0.wp.com\/elcuyabranpost.com\/wp-content\/uploads\/2024\/02\/3.png?resize=768%2C432&amp;ssl=1 768w, https:\/\/i0.wp.com\/elcuyabranpost.com\/wp-content\/uploads\/2024\/02\/3.png?resize=1536%2C864&amp;ssl=1 1536w, https:\/\/i0.wp.com\/elcuyabranpost.com\/wp-content\/uploads\/2024\/02\/3.png?w=1920&amp;ssl=1 1920w\" sizes=\"(max-width: 1000px) 100vw, 1000px\" \/><\/figure>\n\n\n\n<p style=\"font-size:22px\"><strong>La entrada del CBD al mercado regulado en Colombia<\/strong><\/p>\n\n\n\n<p style=\"font-size:22px\">Si en la primera entrega de este especial hablamos del tetrahidrocanabinol o THC \u2013es decir, el componente que traba- bajo f\u00f3rmula m\u00e9dica, en este segundo informe nos enfocaremos en el cannabidiol o CBD, la mol\u00e9cula que es considerada como una de las respuestas org\u00e1nicas m\u00e1s efectivas para el dolor cr\u00f3nico, inflamaciones, c\u00e1ncer, convulsiones, cuadros depresivos, diabetes y ataques microbianos, adem\u00e1s de ser antioxidante, ansiol\u00edtico, inmunomodulador, neuroprotector, sedante e incluso, y al mismo tiempo, supresor y estimulante del apetito.<\/p>\n\n\n\n<div style=\"height:100px\" aria-hidden=\"true\" class=\"wp-block-spacer\"><\/div>\n\n\n\n<p style=\"font-size:22px\">Habr\u00eda que esperar hasta 2021 para que el Gobierno nacional decidiera autorizar el CBD. Esto se dio gracias al decreto 811 y la resoluci\u00f3n 227 de 2022, que establecen condiciones para el uso industrial de hojas, tallos o granos, y su transformaci\u00f3n. El punto central, sin embargo, es el mecanismo que establece para el otorgamiento de licencias y cupos para hacer de la labor de los productores, algo con viabilidad jur\u00eddica. Al ser un cultivo con tan buenos m\u00e1rgenes de rentabilidad y en el que, hasta los subproductos tienen una demanda s\u00f3lida, esta reglamentaci\u00f3n pareci\u00f3 ser una oportunidad de oro.<\/p>\n\n\n\n<div style=\"height:100px\" aria-hidden=\"true\" class=\"wp-block-spacer\"><\/div>\n\n\n\n<p style=\"font-size:22px\">\u201cEl deseo de los agricultores como yo es tener una mejor forma de vida, que el campesino no sea el \u00faltimo en la cadena productiva de este pa\u00eds. Con la licencia se nos abri\u00f3 una oportunidad de tener un mejor nivel de vida para nuestras familias a trav\u00e9s de la legalidad\u201d. Este es Pedro Juan Tob\u00f3n Ocampo, que junto con su familia tiene un peque\u00f1o cultivo de prueba en su finca. Para esto, el agricultor obtuvo una de las licencias, as\u00ed como el permiso del ICA para el manejo de semillas a nivel nacional. Pero, luego de sortear con \u00e9xito los engorrosos tr\u00e1mites asociados \u2013al ser cannabis medicinal, la vigilancia que hace el ministerio de Agricultura se suma a la de Salud y Justicia-, los r\u00e9ditos a\u00fan est\u00e1n demorados.<\/p>\n\n\n\n<div style=\"height:100px\" aria-hidden=\"true\" class=\"wp-block-spacer\"><\/div>\n\n\n\n<figure class=\"wp-block-image size-large\"><img data-recalc-dims=\"1\" loading=\"lazy\" decoding=\"async\" width=\"1024\" height=\"576\" src=\"https:\/\/i0.wp.com\/elcuyabranpost.com\/wp-content\/uploads\/2024\/02\/4-1024x576.png?resize=1024%2C576&#038;ssl=1\" alt=\"\" class=\"wp-image-2303\" srcset=\"https:\/\/i0.wp.com\/elcuyabranpost.com\/wp-content\/uploads\/2024\/02\/4.png?resize=1024%2C576&amp;ssl=1 1024w, https:\/\/i0.wp.com\/elcuyabranpost.com\/wp-content\/uploads\/2024\/02\/4.png?resize=300%2C169&amp;ssl=1 300w, https:\/\/i0.wp.com\/elcuyabranpost.com\/wp-content\/uploads\/2024\/02\/4.png?resize=768%2C432&amp;ssl=1 768w, https:\/\/i0.wp.com\/elcuyabranpost.com\/wp-content\/uploads\/2024\/02\/4.png?resize=1536%2C864&amp;ssl=1 1536w, https:\/\/i0.wp.com\/elcuyabranpost.com\/wp-content\/uploads\/2024\/02\/4.png?w=1920&amp;ssl=1 1920w\" sizes=\"(max-width: 1000px) 100vw, 1000px\" \/><\/figure>\n\n\n\n<p style=\"font-size:22px\"><strong>\u00bf4 a\u00f1os perdidos?<\/strong><\/p>\n\n\n\n<p style=\"font-size:22px\">\u201cHubo un boom cuando el Gobierno empez\u00f3 a vender estas licencias y mucha gente consider\u00f3 oportuno meterse a comprarla. Pero entre comprarla por un valor de entre 25 y 40 millones de pesos, adquirir la semilla y hacer todo el proceso, montar una hect\u00e1rea de cannabis medicinal puede valer entre $1.500 y $2.000 millones\u201d indica \u00c1lvaro Pedraza Osorio, asesor adscrito a la Regi\u00f3n Administrativa de Planificaci\u00f3n y Gesti\u00f3n \u2013 RAP del Eje Cafetero y Tolima. \u201cLos empresarios han hecho un esfuerzo enorme en t\u00e9rminos financieros y de organizaci\u00f3n empresarial para establecer sus cultivos y explorar mercados. Por ejemplo, hablando con empresarios de Caldas, me cuentan que este a\u00f1o tienen que pagar impuestos por cerca de 25 millones de pesos sobre las licencias que tienen desde el a\u00f1o pasado y no han recibido el retorno a la inversi\u00f3n que han hecho\u201d.<\/p>\n\n\n\n<div style=\"height:100px\" aria-hidden=\"true\" class=\"wp-block-spacer\"><\/div>\n\n\n\n<p style=\"font-size:22px\">Con el riesgo de caer en el terreno de la especulaci\u00f3n, son muchos los actores de la cadena que consideran perdidos 4 a\u00f1os en los que hubieran podido avanzar m\u00e1s r\u00e1pido en la consolidaci\u00f3n de una industria del CBD: los del periodo Duque. Son numerosas y ampliamente conocidas las historias de grandes inversiones que terminaron en nada por la falta de voluntad pol\u00edtica, e incluso medios nacionales como <a href=\"https:\/\/www.lasillavacia.com\/silla-nacional\/la-marihuana-medicinal-esta-trabada-con-duque\/\" title=\"\">La Silla Vac\u00eda<\/a> llegaron a tocar el tema. <\/p>\n\n\n\n<div style=\"height:100px\" aria-hidden=\"true\" class=\"wp-block-spacer\"><\/div>\n\n\n\n<p style=\"font-size:22px\">En recorrido por su invernadero, Tob\u00f3n Ocampo detalla lo que hay detr\u00e1s de una producci\u00f3n a peque\u00f1a escala: \u201cLa infraestructura est\u00e1 hecha en guadua y es de tama\u00f1o mediano, y cost\u00f3 unos $100 millones. Debe mantener energ\u00eda el\u00e9ctrica porque a las plantas hay que darles luz adicional, deben tener riego por goteo para la optimizaci\u00f3n de agua y el manejo sostenible del medio ambiente, necesita ventilaci\u00f3n para la aireaci\u00f3n y el control de plagas. Hubo adem\u00e1s que comprar las pl\u00e1ntulas, porque para cumplir con la normatividad del CBD hay que manejar variedades con un m\u00e1ximo de THC del 0,08%, cuando normalmente puede llegar al 19%. Es un negocio costoso, muy especializado y complejo en las vueltas que hay que hacer, porque en este pa\u00eds no es f\u00e1cil cumplirle al Gobierno\u201d.<\/p>\n\n\n\n<div style=\"height:100px\" aria-hidden=\"true\" class=\"wp-block-spacer\"><\/div>\n\n\n\n<figure class=\"wp-block-image size-large\"><img data-recalc-dims=\"1\" loading=\"lazy\" decoding=\"async\" width=\"1024\" height=\"576\" src=\"https:\/\/i0.wp.com\/elcuyabranpost.com\/wp-content\/uploads\/2024\/02\/5.png?resize=1024%2C576\" alt=\"\" class=\"wp-image-2301\" srcset=\"https:\/\/i0.wp.com\/elcuyabranpost.com\/wp-content\/uploads\/2024\/02\/5.png?resize=1024%2C576&amp;ssl=1 1024w, https:\/\/i0.wp.com\/elcuyabranpost.com\/wp-content\/uploads\/2024\/02\/5.png?resize=300%2C169&amp;ssl=1 300w, https:\/\/i0.wp.com\/elcuyabranpost.com\/wp-content\/uploads\/2024\/02\/5.png?resize=768%2C432&amp;ssl=1 768w, https:\/\/i0.wp.com\/elcuyabranpost.com\/wp-content\/uploads\/2024\/02\/5.png?resize=1536%2C864&amp;ssl=1 1536w, https:\/\/i0.wp.com\/elcuyabranpost.com\/wp-content\/uploads\/2024\/02\/5.png?w=1920&amp;ssl=1 1920w\" sizes=\"(max-width: 1000px) 100vw, 1000px\" \/><\/figure>\n\n\n\n<p style=\"font-size:22px\"><strong>El horizonte al que le apunta la cadena del CBD<\/strong><\/p>\n\n\n\n<p style=\"font-size:22px\">El viraje en la postura del Gobierno con la transici\u00f3n Duque-Petro es algo que los empresarios de la cadena dan por hecho. Incluso se habla de que, a lo largo de esta administraci\u00f3n, los derivados medicinales del CBD sean incluidos en el Plan Obligatorio de Salud \u2013 POS, para habilitar a los m\u00e9dicos a formular estos productos como parte de la atenci\u00f3n a los reg\u00edmenes subsidiado y contributivo. Con esto en mente, entidades del orden regional como la RAP Eje Cafetero y Tolima empiezan a apoyar lo que, a todas luces, es un cultivo promisorio.<\/p>\n\n\n\n<div style=\"height:100px\" aria-hidden=\"true\" class=\"wp-block-spacer\"><\/div>\n\n\n\n<p style=\"font-size:22px\">\u201cSeg\u00fan fuentes oficiales, en los 4 departamentos de la RAP hay m\u00e1s de 100 licencias compradas por empresarios. De estas, hay 20 activas: un promedio de 5 o 7 por departamento, que corresponden con procesos de transformaci\u00f3n de derivados\u201d, se\u00f1ala Pedraza Osorio. La asociatividad es otra de las herramientas que los licenciatarios est\u00e1n moviendo para mover la rueda: \u201cHemos acompa\u00f1ado la creaci\u00f3n de los Comit\u00e9s Departamentales de Cannabis a trav\u00e9s de un acompa\u00f1amiento al sector privado y la institucionalidad. En el Tolima ya se expidi\u00f3 el reglamento y el acuerdo de competitividad, y est\u00e1 en procura de que el ministerio de Agricultura lo reconozca. En Quind\u00edo se ha avanzado tambi\u00e9n, y est\u00e1 pendiente la validaci\u00f3n y formalizaci\u00f3n del acuerdo de competitividad, igual en Risaralda y Caldas\u201d, a\u00f1ade.<\/p>\n\n\n\n<figure class=\"wp-block-image size-large\"><img data-recalc-dims=\"1\" loading=\"lazy\" decoding=\"async\" width=\"1024\" height=\"576\" src=\"https:\/\/i0.wp.com\/elcuyabranpost.com\/wp-content\/uploads\/2024\/02\/2-1024x576.png?resize=1024%2C576&#038;ssl=1\" alt=\"\" class=\"wp-image-2304\" srcset=\"https:\/\/i0.wp.com\/elcuyabranpost.com\/wp-content\/uploads\/2024\/02\/2.png?resize=1024%2C576&amp;ssl=1 1024w, https:\/\/i0.wp.com\/elcuyabranpost.com\/wp-content\/uploads\/2024\/02\/2.png?resize=300%2C169&amp;ssl=1 300w, https:\/\/i0.wp.com\/elcuyabranpost.com\/wp-content\/uploads\/2024\/02\/2.png?resize=768%2C432&amp;ssl=1 768w, https:\/\/i0.wp.com\/elcuyabranpost.com\/wp-content\/uploads\/2024\/02\/2.png?resize=1536%2C864&amp;ssl=1 1536w, https:\/\/i0.wp.com\/elcuyabranpost.com\/wp-content\/uploads\/2024\/02\/2.png?w=1920&amp;ssl=1 1920w\" sizes=\"(max-width: 1000px) 100vw, 1000px\" \/><\/figure>\n\n\n\n<p style=\"font-size:22px\">En este sentido, desde la entidad se ha programado la realizaci\u00f3n de una gran convenci\u00f3n nacional de la legalidad en el Quind\u00edo, que se realizar\u00eda entre el 18 y el 21 de julio de 2024, y que ofrecer\u00e1 jornadas acad\u00e9micas con conferencistas nacionales e internacionales, adem\u00e1s de una muestra representativa con los productos licenciados. \u201cAdicionalmente, y como ya se ha hecho con los sectores de caf\u00e9 especial y cacao en la regi\u00f3n, la RAP busca llevar a un grupo de empresarios a ferias internacionales de bioeconom\u00eda en Estados Unidos y Europa\u201d, indic\u00f3. <\/p>\n\n\n\n<div style=\"height:100px\" aria-hidden=\"true\" class=\"wp-block-spacer\"><\/div>\n\n\n\n<p style=\"font-size:22px\">Veremos entonces si la historia cambia y el pa\u00eds por fin se abre a una posibilidad importante que se ha empe\u00f1ado en rechazar. Una que sumar\u00eda ingresos a las finanzas nacionales y regionales, que aprovechar\u00eda las inmejorables condiciones de Colombia para su cultivo, que podr\u00eda ser el pr\u00f3ximo producto estrella del Eje Cafetero al generar la mejor rentabilidad de todas las apuestas agropecuarias existentes en el territorio. Y que adem\u00e1s le devolver\u00eda viabilidad y dignidad al campo. Don Pedro Juan Tob\u00f3n lo reconoce: \u201cSi otros pa\u00edses lo hacen, por qu\u00e9 nosotros solo ponemos la sangre, los muertos y los presos. No estamos en contra de nadie, producimos como gente de bien, que trabaja para hacer un pa\u00eds mejor: cultivamos pl\u00e1tano, yuca, naranja; despachamos a nuestros hijos a la escuela\u201d.<\/p>\n","protected":false},"excerpt":{"rendered":"<p>Cannabis. La sola menci\u00f3n de la palabra asusta a muchos todav\u00eda. Muestra de esto fue la fuerte discusi\u00f3n que se gener\u00f3 la semana anterior con la primera entrega de este especial. Los comentarios de quienes rechazan a rajatabla a la planta y quienes conocen de sus posibilidades dio para todo, incluyendo alg\u00fan transe\u00fante de las [&hellip;]<\/p>\n","protected":false},"author":1,"featured_media":2301,"comment_status":"open","ping_status":"open","sticky":false,"template":"","format":"standard","meta":{"om_disable_all_campaigns":false,"_monsterinsights_skip_tracking":false,"_monsterinsights_sitenote_active":false,"_monsterinsights_sitenote_note":"","_monsterinsights_sitenote_category":0,"_uf_show_specific_survey":0,"_uf_disable_surveys":false,"_jetpack_memberships_contains_paid_content":false,"footnotes":""},"categories":[16],"tags":[217,220,227,228,218,68,31],"class_list":["post-2299","post","type-post","status-publish","format-standard","has-post-thumbnail","hentry","category-elpostreporta","tag-cannabis","tag-cbd","tag-empresa","tag-legislacion","tag-marihuana","tag-medicina","tag-salud"],"aioseo_notices":[],"jetpack_featured_media_url":"https:\/\/i0.wp.com\/elcuyabranpost.com\/wp-content\/uploads\/2024\/02\/5.png?fit=1920%2C1080&ssl=1","jetpack_sharing_enabled":true,"_links":{"self":[{"href":"https:\/\/elcuyabranpost.com\/index.php\/wp-json\/wp\/v2\/posts\/2299"}],"collection":[{"href":"https:\/\/elcuyabranpost.com\/index.php\/wp-json\/wp\/v2\/posts"}],"about":[{"href":"https:\/\/elcuyabranpost.com\/index.php\/wp-json\/wp\/v2\/types\/post"}],"author":[{"embeddable":true,"href":"https:\/\/elcuyabranpost.com\/index.php\/wp-json\/wp\/v2\/users\/1"}],"replies":[{"embeddable":true,"href":"https:\/\/elcuyabranpost.com\/index.php\/wp-json\/wp\/v2\/comments?post=2299"}],"version-history":[{"count":4,"href":"https:\/\/elcuyabranpost.com\/index.php\/wp-json\/wp\/v2\/posts\/2299\/revisions"}],"predecessor-version":[{"id":2325,"href":"https:\/\/elcuyabranpost.com\/index.php\/wp-json\/wp\/v2\/posts\/2299\/revisions\/2325"}],"wp:featuredmedia":[{"embeddable":true,"href":"https:\/\/elcuyabranpost.com\/index.php\/wp-json\/wp\/v2\/media\/2301"}],"wp:attachment":[{"href":"https:\/\/elcuyabranpost.com\/index.php\/wp-json\/wp\/v2\/media?parent=2299"}],"wp:term":[{"taxonomy":"category","embeddable":true,"href":"https:\/\/elcuyabranpost.com\/index.php\/wp-json\/wp\/v2\/categories?post=2299"},{"taxonomy":"post_tag","embeddable":true,"href":"https:\/\/elcuyabranpost.com\/index.php\/wp-json\/wp\/v2\/tags?post=2299"}],"curies":[{"name":"wp","href":"https:\/\/api.w.org\/{rel}","templated":true}]}}