{"id":242,"date":"2023-07-04T15:42:24","date_gmt":"2023-07-04T20:42:24","guid":{"rendered":"https:\/\/elcuyabranpost.com\/?p=242"},"modified":"2023-08-20T22:05:07","modified_gmt":"2023-08-21T03:05:07","slug":"ese-momento-extrano-llamado-volver-a-cuidar-de-los-padres","status":"publish","type":"post","link":"https:\/\/elcuyabranpost.com\/index.php\/2023\/07\/04\/ese-momento-extrano-llamado-volver-a-cuidar-de-los-padres\/","title":{"rendered":"Ese extra\u00f1o momento de volver a cuidar de los padres"},"content":{"rendered":"\n<figure class=\"wp-block-image size-full\"><img data-recalc-dims=\"1\" loading=\"lazy\" decoding=\"async\" width=\"768\" height=\"576\" src=\"https:\/\/i0.wp.com\/elcuyabranpost.com\/wp-content\/uploads\/2023\/07\/Paper_art_style_A_perplexed_fortysomething_man_dragging_a_tric_0-edited.jpg?resize=768%2C576\" alt=\"\" class=\"wp-image-244\" srcset=\"https:\/\/i0.wp.com\/elcuyabranpost.com\/wp-content\/uploads\/2023\/07\/Paper_art_style_A_perplexed_fortysomething_man_dragging_a_tric_0-edited.jpg?w=768&amp;ssl=1 768w, https:\/\/i0.wp.com\/elcuyabranpost.com\/wp-content\/uploads\/2023\/07\/Paper_art_style_A_perplexed_fortysomething_man_dragging_a_tric_0-edited.jpg?resize=300%2C225&amp;ssl=1 300w\" sizes=\"(max-width: 768px) 100vw, 768px\" \/><\/figure>\n\n\n\n<p style=\"font-size:18px\"><em>El cuidado de los padres es un acto de responsabilidad.. Y en ocasiones un salto de fe.<\/em><\/p>\n\n\n\n<p style=\"font-size:22px\">Mateo C\u00e1rdenas regres\u00f3 a Armenia luego de 15 a\u00f1os de trabajar en su carrera musical. Hab\u00eda logrado, en Bogot\u00e1, avanzar en una profesi\u00f3n en la que no se tiene una ruta clara hacia el \u00e9xito. Y durante d\u00e9cada y media hab\u00eda labrado un nombre importante en los escenarios musicales, primero como m\u00fasico de estudio y luego al frente de su propia banda, sonando en emisoras comerciales y a punto de lanzar el \u00e1lbum con el que \u2013de acuerdo con lo que cuenta- muchos esperaban que alcanzara el reconocimiento a nivel continental. Fue ah\u00ed cuando su madre enferm\u00f3.<\/p>\n\n\n\n<p><\/p>\n\n\n\n<p style=\"font-size:22px\">Regres\u00f3, y vio que la ciudad no cambiaba mucho. Revisit\u00f3 con una sonrisa nost\u00e1lgica las esquinas en las que jugaba de peque\u00f1o. Y se dijo a s\u00ed mismo que un par de semanas con su madre en la ciudad que lo vio nacer le servir\u00edan como un respiro para retornar a hacerse cargo de su carrera. De eso, van m\u00e1s de 6 a\u00f1os. Su banda se desintegr\u00f3, su nombre fue olvidado de los circuitos de conciertos, dej\u00f3 de componer y de interpretar. \u201cSomos mi madre y yo en la casa. Pas\u00e9 a encargarme de sus vueltas con la EPS, a hacer el oficio y a comprar el mercado\u201d, afirma.<\/p>\n\n\n\n<p><\/p>\n\n\n\n<p style=\"font-size:22px\">Mateo hace parte de una poblaci\u00f3n cada vez m\u00e1s abundante en el Quind\u00edo: personas que encontraron el \u00e9xito en otras ciudades y que el cuidado de sus padres adultos mayores los oblig\u00f3 a regresar. En esta din\u00e1mica, no han hallado en su gran mayor\u00eda el nivel salarial que manejaban, ni las oportunidades laborales que se ajusten a su perfil. Su vida profesional y social se trunc\u00f3. Y aunque lo hacen con cari\u00f1o y el pleno conocimiento de la responsabilidad que les ata\u00f1e, no pueden evitar un silencioso suspiro de frustraci\u00f3n en las noches estrelladas.<\/p>\n\n\n\n<figure class=\"wp-block-image size-large\"><img data-recalc-dims=\"1\" loading=\"lazy\" decoding=\"async\" width=\"1024\" height=\"576\" src=\"https:\/\/i0.wp.com\/elcuyabranpost.com\/wp-content\/uploads\/2023\/07\/El-conflicto-entre-el-arbol-y-la-infraestructura-de-servicios-1024x576.png?resize=1024%2C576&#038;ssl=1\" alt=\"\" class=\"wp-image-665\" srcset=\"https:\/\/i0.wp.com\/elcuyabranpost.com\/wp-content\/uploads\/2023\/07\/El-conflicto-entre-el-arbol-y-la-infraestructura-de-servicios.png?resize=1024%2C576&amp;ssl=1 1024w, https:\/\/i0.wp.com\/elcuyabranpost.com\/wp-content\/uploads\/2023\/07\/El-conflicto-entre-el-arbol-y-la-infraestructura-de-servicios.png?resize=300%2C169&amp;ssl=1 300w, https:\/\/i0.wp.com\/elcuyabranpost.com\/wp-content\/uploads\/2023\/07\/El-conflicto-entre-el-arbol-y-la-infraestructura-de-servicios.png?resize=768%2C432&amp;ssl=1 768w, https:\/\/i0.wp.com\/elcuyabranpost.com\/wp-content\/uploads\/2023\/07\/El-conflicto-entre-el-arbol-y-la-infraestructura-de-servicios.png?resize=1536%2C864&amp;ssl=1 1536w, https:\/\/i0.wp.com\/elcuyabranpost.com\/wp-content\/uploads\/2023\/07\/El-conflicto-entre-el-arbol-y-la-infraestructura-de-servicios.png?w=1920&amp;ssl=1 1920w\" sizes=\"(max-width: 1000px) 100vw, 1000px\" \/><\/figure>\n\n\n\n<p style=\"font-size:24px\"><strong>Country for the old man<\/strong><\/p>\n\n\n\n<p style=\"font-size:22px\">En el Quind\u00edo se presenta una situaci\u00f3n particular con la evoluci\u00f3n de su demograf\u00eda: es un departamento con altas tasas de envejecimiento. La situaci\u00f3n ya fue retratada por el Dane en 2018, en el Censo Nacional de Poblaci\u00f3n y Vivienda, en el que se establece que, en el Quind\u00edo por cada 100 j\u00f3venes entre 0 y 15 a\u00f1os de edad, hay 72.9 personas mayores de 65 a\u00f1os. Y en esto se conjugan dos situaciones: La falta de oportunidades laborales para j\u00f3venes ha hecho por d\u00e9cadas que las nuevas generaciones altamente capacitadas migren a ciudades m\u00e1s grandes mientras sus padres se quedan en la casa familiar. Y el enorme atractivo que el Quind\u00edo ofrece a pensionados como destino de segunda vivienda suma a la ecuaci\u00f3n: En la medida en la que salen j\u00f3venes del departamento, llega poblaci\u00f3n de avanzada edad, recomponiendo la din\u00e1mica social del territorio.<\/p>\n\n\n\n<p><\/p>\n\n\n\n<p style=\"font-size:22px\">\u201cLa casa de los abuelos era el punto de encuentro de toda la familia para compartir. Hoy los proyectos de vida han cambiado, y ese punto de encuentro ya no se ve\u201d, se\u00f1ala Silvana Rubertone, geront\u00f3loga adscrita a la secretar\u00eda de Familia del departamento. Los hijos forman una vida adulta en otros lugares, pero cuando los padres envejecen o enferman, la responsabilidad se queda en manos de alguno de sus hijos. En el rango de la responsabilidad que puedan adquirir con sus familiares, las actuaciones van desde quienes los abandonan, a aquellos que pagan un cuidador o un refugio -de los varios que se pueden encontrar en un rango de tarifas-, hasta los que deciden encargarse de manera personal con el cuidado.<\/p>\n\n\n\n<figure class=\"wp-block-image size-large\"><img data-recalc-dims=\"1\" loading=\"lazy\" decoding=\"async\" width=\"1024\" height=\"683\" src=\"https:\/\/i0.wp.com\/elcuyabranpost.com\/wp-content\/uploads\/2023\/07\/hospice-gbb2ac2ef8_1920-1024x683.jpg?resize=1024%2C683&#038;ssl=1\" alt=\"\" class=\"wp-image-246\" srcset=\"https:\/\/i0.wp.com\/elcuyabranpost.com\/wp-content\/uploads\/2023\/07\/hospice-gbb2ac2ef8_1920.jpg?resize=1024%2C683&amp;ssl=1 1024w, https:\/\/i0.wp.com\/elcuyabranpost.com\/wp-content\/uploads\/2023\/07\/hospice-gbb2ac2ef8_1920.jpg?resize=300%2C200&amp;ssl=1 300w, https:\/\/i0.wp.com\/elcuyabranpost.com\/wp-content\/uploads\/2023\/07\/hospice-gbb2ac2ef8_1920.jpg?resize=768%2C512&amp;ssl=1 768w, https:\/\/i0.wp.com\/elcuyabranpost.com\/wp-content\/uploads\/2023\/07\/hospice-gbb2ac2ef8_1920.jpg?resize=1536%2C1024&amp;ssl=1 1536w, https:\/\/i0.wp.com\/elcuyabranpost.com\/wp-content\/uploads\/2023\/07\/hospice-gbb2ac2ef8_1920.jpg?w=1920&amp;ssl=1 1920w\" sizes=\"(max-width: 1000px) 100vw, 1000px\" \/><\/figure>\n\n\n\n<p style=\"font-size:24px\"><strong>Volver a la casa familiar tiene sus dificultades<\/strong><\/p>\n\n\n\n<p style=\"font-size:22px\">\u201cEl adulto mayor tiene necesidades emocionales que deben ser cubiertas por la familia, como red de apoyo emocional. Y esto se ve mucho en las sociedades latinas. Pero la responsabilidad recae en una sola persona, por m\u00e1s que reciba un respaldo econ\u00f3mico del resto de la familia. Incluso es un tema de g\u00e9nero, porque, por lo general se cree que es un tema m\u00e1s de mujeres\u201d, explica Rubertone. Y aunque con el tiempo m\u00e1s hombres han asumido el deber ignorando el componente de machismo que puede estar involucrado en la discusi\u00f3n, Mateo cree que en cierto modo al cuidador masculino esta situaci\u00f3n lo puede afectar m\u00e1s: \u201cNo es lo mismo, si conozco a alguna ni\u00f1a, decirle que vayamos a mi apartamento, en donde vivo solo, que decirle que vayamos a la casa familiar y no hagamos mucha bulla para que mi mam\u00e1 no se despierte. Creo que, en alguna medida, y dependiendo tambi\u00e9n de la pareja, el vivir con los padres a esta edad \u2018baja puntos\u2019\u201d, expres\u00f3.<\/p>\n\n\n\n<p><\/p>\n\n\n\n<p style=\"font-size:22px\">Para \u00c9rika Carvajal, comunicadora social y periodista especializada en Producci\u00f3n Audiovisual y Narrativas Audiovisuales, con trayectoria en Bogot\u00e1, Medell\u00edn, Manizales y Buenos Aires, la convivencia con los padres luego de haber salido de la casa paterna o materna \u201ces complicado porque uno ya tiene sus cotidianidades, su manera de vivir totalmente distinta, otra forma distinta de hacer las cosas; aunque los padres saben que uno lleva una responsabilidad cada vez mayor con ellos, hay otras en las que sigue siendo el hijo, y hay que responderles como si uno tuviera 14 a\u00f1os. Entonces el juego es seguir haci\u00e9ndome cargo de ellos, pero sin perder mi autonom\u00eda, ni mi independencia. Y aunque cuando voy a viajar busco quien los cuide mientras estoy afuera, o que eventualmente vuelva a vivir con una pareja, tambi\u00e9n es cierto que en este momento lo pensar\u00eda m\u00e1s de una vez si me resultara la oportunidad de irme a vivir a otro pa\u00eds\u201d.<\/p>\n\n\n\n<p><\/p>\n\n\n\n<p style=\"font-size:22px\">Pero no es el \u00fanico aspecto de la vida que se puede ver afectado: lo laboral es otra dimensi\u00f3n que tambi\u00e9n puede resentirse. Juli\u00e1n Vergara trabajaba como analista de mercados de una entidad bancaria en Bogot\u00e1 y ahora reside en Quimbaya, donde vive su padre, con signos tempranos de alzheimer. Sus hermanos viven fuera del pa\u00eds con sus esposas e hijos, y \u00e9l acababa de separarse. \u201cNo me imaginaba mandando a mi pap\u00e1 a un ancianato, y luego de dos a\u00f1os de estar buscando, me result\u00f3 trabajo en Armenia, aunque por menos sueldo. Hace un par de meses un amigo me pregunt\u00f3 si me pod\u00eda recomendar para un rol m\u00e1s alto que el que ten\u00eda, un trabajo en el que podr\u00eda escalar, pero declin\u00e9. No fue una decisi\u00f3n f\u00e1cil; estoy en la \u00e9poca productiva de mi vida y cada a\u00f1o que pasa es un a\u00f1o en el que me pongo m\u00e1s obsoleto para el mercado\u201d, se\u00f1ala.<\/p>\n\n\n\n<figure class=\"wp-block-image size-full\"><img data-recalc-dims=\"1\" loading=\"lazy\" decoding=\"async\" width=\"768\" height=\"768\" src=\"https:\/\/i0.wp.com\/elcuyabranpost.com\/wp-content\/uploads\/2023\/07\/Leonardo_Signature_A_woman_in_her_40s_her_face_determined_and_0.jpg?resize=768%2C768\" alt=\"\" class=\"wp-image-93\" srcset=\"https:\/\/i0.wp.com\/elcuyabranpost.com\/wp-content\/uploads\/2023\/07\/Leonardo_Signature_A_woman_in_her_40s_her_face_determined_and_0.jpg?w=768&amp;ssl=1 768w, https:\/\/i0.wp.com\/elcuyabranpost.com\/wp-content\/uploads\/2023\/07\/Leonardo_Signature_A_woman_in_her_40s_her_face_determined_and_0.jpg?resize=300%2C300&amp;ssl=1 300w, https:\/\/i0.wp.com\/elcuyabranpost.com\/wp-content\/uploads\/2023\/07\/Leonardo_Signature_A_woman_in_her_40s_her_face_determined_and_0.jpg?resize=150%2C150&amp;ssl=1 150w\" sizes=\"(max-width: 768px) 100vw, 768px\" \/><\/figure>\n\n\n\n<p style=\"font-size:24px\"><strong>\u00bfY cuando se es el \u00faltimo en la l\u00ednea familiar?<\/strong><\/p>\n\n\n\n<p style=\"font-size:22px\">Haciendo la investigaci\u00f3n para esta nota nos dimos cuenta de un patr\u00f3n: Un aspecto com\u00fan en los cuidadores de los adultos mayores es que son personas en la mitad de su vida, sin hijos o sin la expectativa de tenerlos. Es de esperarse que quien se haga cargo de la vejez de sus familiares sea quien no deba cuidar hijos \u2013aunque es un fen\u00f3meno que se da y se conoce como la generaci\u00f3n Sandwich, un tema ya abordado por otros medios de comunicaci\u00f3n-.<\/p>\n\n\n\n<p><\/p>\n\n\n\n<p style=\"font-size:22px\">\u201cIncluso cuando estaba casada fue una decisi\u00f3n: no traer ni\u00f1os al mundo. Es algo en lo que he pensado: si no tengo hijos, qui\u00e9n se va a ocupar de m\u00ed. Ah\u00ed viene lo contradictorio porque mis hijos no tendr\u00edan la obligaci\u00f3n de cuidarme, cada uno tiene la obligaci\u00f3n de ocuparse de su vida, pero yo s\u00ed lo estoy haciendo\u201d, reconoce \u00c9rika, \u201cEntonces qu\u00e9 toca hacer: ahorrar para pagarse el ancianato, o hacer un ahorro programado para cuando uno llegue a esos a\u00f1os. Porque no hay m\u00e1s, a mis sobrinos no les puedo dar esa responsabilidad\u201d.<\/p>\n\n\n\n<p><\/p>\n\n\n\n<p style=\"font-size:22px\">Una posici\u00f3n que apoya Silvana, no solo desde el punto de vista profesional, sino tambi\u00e9n compartiendo la doble condici\u00f3n de cuidadora de su madre y con la firme decisi\u00f3n de no procrear. \u201cMuchos en la generaci\u00f3n de nosotros elegimos no tener descendencia. Personalmente, asum\u00ed de manera responsable y no como una obligaci\u00f3n, el cuidado de mi mam\u00e1, y en ese momento puntal no ten\u00eda una o relaci\u00f3n, ni hijos, lo que me ha facilitado el manejo. Uno se proyecta en cotizar una pensi\u00f3n, que no es una garant\u00eda de que va a vivir al 100%, pero si va a mejorar mis condiciones de vida. Si veo que tengo una enfermedad con otro tipo de cuidados, me institucionalizo en un sitio donde me cuiden y me den la alimentaci\u00f3n. Y en el caso de tener una patolog\u00eda terminal, considero la posibilidad de la eutanasia, tambi\u00e9n como una decisi\u00f3n responsable\u201d.<\/p>\n","protected":false},"excerpt":{"rendered":"<p>El cuidado de los padres es un acto de responsabilidad.. Y en ocasiones un salto de fe. Mateo C\u00e1rdenas regres\u00f3 a Armenia luego de 15 a\u00f1os de trabajar en su carrera musical. Hab\u00eda logrado, en Bogot\u00e1, avanzar en una profesi\u00f3n en la que no se tiene una ruta clara hacia el \u00e9xito. Y durante d\u00e9cada [&hellip;]<\/p>\n","protected":false},"author":1,"featured_media":94,"comment_status":"open","ping_status":"open","sticky":false,"template":"","format":"standard","meta":{"om_disable_all_campaigns":false,"_monsterinsights_skip_tracking":false,"_monsterinsights_sitenote_active":false,"_monsterinsights_sitenote_note":"","_monsterinsights_sitenote_category":0,"_uf_show_specific_survey":0,"_uf_disable_surveys":false,"_jetpack_memberships_contains_paid_content":false,"footnotes":""},"categories":[16],"tags":[38,36,28,37,33,29,15,31,32,34,39,30],"class_list":["post-242","post","type-post","status-publish","format-standard","has-post-thumbnail","hentry","category-elpostreporta","tag-adultos-mayores","tag-cuidados-paliativos","tag-demografia","tag-gerontologia","tag-mercado-laboral","tag-poblacion","tag-quindio","tag-salud","tag-salud-mental","tag-segunda-vivienda","tag-senior","tag-social"],"aioseo_notices":[],"jetpack_featured_media_url":"https:\/\/i0.wp.com\/elcuyabranpost.com\/wp-content\/uploads\/2023\/07\/Paper_art_style_A_woman_in_her_40s_her_face_determined_and_her_2.jpg?fit=768%2C768&ssl=1","jetpack_sharing_enabled":true,"_links":{"self":[{"href":"https:\/\/elcuyabranpost.com\/index.php\/wp-json\/wp\/v2\/posts\/242"}],"collection":[{"href":"https:\/\/elcuyabranpost.com\/index.php\/wp-json\/wp\/v2\/posts"}],"about":[{"href":"https:\/\/elcuyabranpost.com\/index.php\/wp-json\/wp\/v2\/types\/post"}],"author":[{"embeddable":true,"href":"https:\/\/elcuyabranpost.com\/index.php\/wp-json\/wp\/v2\/users\/1"}],"replies":[{"embeddable":true,"href":"https:\/\/elcuyabranpost.com\/index.php\/wp-json\/wp\/v2\/comments?post=242"}],"version-history":[{"count":7,"href":"https:\/\/elcuyabranpost.com\/index.php\/wp-json\/wp\/v2\/posts\/242\/revisions"}],"predecessor-version":[{"id":851,"href":"https:\/\/elcuyabranpost.com\/index.php\/wp-json\/wp\/v2\/posts\/242\/revisions\/851"}],"wp:featuredmedia":[{"embeddable":true,"href":"https:\/\/elcuyabranpost.com\/index.php\/wp-json\/wp\/v2\/media\/94"}],"wp:attachment":[{"href":"https:\/\/elcuyabranpost.com\/index.php\/wp-json\/wp\/v2\/media?parent=242"}],"wp:term":[{"taxonomy":"category","embeddable":true,"href":"https:\/\/elcuyabranpost.com\/index.php\/wp-json\/wp\/v2\/categories?post=242"},{"taxonomy":"post_tag","embeddable":true,"href":"https:\/\/elcuyabranpost.com\/index.php\/wp-json\/wp\/v2\/tags?post=242"}],"curies":[{"name":"wp","href":"https:\/\/api.w.org\/{rel}","templated":true}]}}