{"id":2468,"date":"2024-03-06T19:10:53","date_gmt":"2024-03-07T00:10:53","guid":{"rendered":"https:\/\/elcuyabranpost.com\/?p=2468"},"modified":"2024-03-06T19:33:45","modified_gmt":"2024-03-07T00:33:45","slug":"toman-lo-publico-y-lo-vuelven-circo","status":"publish","type":"post","link":"https:\/\/elcuyabranpost.com\/index.php\/2024\/03\/06\/toman-lo-publico-y-lo-vuelven-circo\/","title":{"rendered":"Toman lo p\u00fablico y lo vuelven circo"},"content":{"rendered":"\n<div style=\"height:100px\" aria-hidden=\"true\" class=\"wp-block-spacer\"><\/div>\n\n\n\n<p style=\"font-size:22px\">Verg\u00fcenza, deber\u00eda darles a los concejales oficialistas del municipio de Armenia y que salieron con dientes y garras a defender el proyecto de acuerdo 003 de 2024, con el que se le otorgar\u00e1 al alcalde James Padilla Garc\u00eda, las facultades para privatizar una enorme parte de las rentas percibidas por la Secretar\u00eda de Tr\u00e1nsito y Transporte de Armenia &#8211; Setta. Verg\u00fcenza, primero, porque sin contar con los criterios suficientes para determinar la conveniencia de esta propuesta que meter\u00e1 en un negocio leonino a la capital por 15 a\u00f1os, salieron a defender la iniciativa. Y segundo, porque adem\u00e1s del problema de fondo que acabo de mencionar (y que se explica <a href=\"https:\/\/elcuyabranpost.com\/index.php\/2024\/03\/04\/las-camaras-de-fotomultas-que-quiere-instalar-setta-es-como-firmar-un-cheque-en-blanco\/\" title=\"\">en esta nota<\/a>, publicada esta misma semana), algunos de ellos demostraron no tener la altura para mantener un debate en un concejo municipal.<\/p>\n\n\n\n<div style=\"height:100px\" aria-hidden=\"true\" class=\"wp-block-spacer\"><\/div>\n\n\n\n<p style=\"font-size:22px\">La largu\u00edsima sesi\u00f3n en la que se discuti\u00f3 el proyecto inici\u00f3 en horas de la ma\u00f1ana, en medio de protestas de la ciudadan\u00eda asistente y que acusaban al ponente y sus aliadosa punta de gritos. La situaci\u00f3n por poco se sale de las manos cuando un veedor ciudadano denunci\u00f3 ante la presidencia de la corporaci\u00f3n, que una fot\u00f3grafa vinculada al organismo estar\u00eda tom\u00e1ndole fotos con el fin de perfilarlo. Una acusaci\u00f3n temeraria pero que parte de un hecho cierto: tanto la reportera gr\u00e1fica como personas al interior de la sala de deliberaci\u00f3n, estaban retratando a la comunidad ubicada en las gradas.<\/p>\n\n\n\n<div style=\"height:100px\" aria-hidden=\"true\" class=\"wp-block-spacer\"><\/div>\n\n\n\n<p style=\"font-size:22px\">Pero el acto absolutamente deplorable para el ejercicio democr\u00e1tico fue cuando el concejal John Edison Echavarr\u00eda acus\u00f3 a uno de los opositores al proyecto, su compa\u00f1ero Felipe Villamil, de estar haci\u00e9ndole un favor al Gobernador, al declararse en contra de un proyecto hecho a la carrera y que compromete los ingresos del municipio por d\u00e9cada y media. De acuerdo con sus se\u00f1alamientos, hechos con total ligereza a micr\u00f3fono abierto, el proyecto no le favorecer\u00eda al Instituto Departamental de Tr\u00e1nsito y Transporte -adscrito a la administraci\u00f3n departamental-, y cuya jurisdicci\u00f3n se limita a las v\u00edas departamentales, mientras que Setta solo opera al interior de la capital. Un error de c\u00e1lculo que El Cuyabran Post quiso confrontar con el autor del ataque ad-hominem al finalizar el debate, pero del que el potencial entrevistado huyo sin tener en cuenta el requerimiento de la prensa.<\/p>\n\n\n\n<div style=\"height:100px\" aria-hidden=\"true\" class=\"wp-block-spacer\"><\/div>\n\n\n\n<p style=\"font-size:22px\">Entre tanto, al concejal Germ\u00e1n Grisales, otro opositor de la iniciativa, los agentes oscuros del oficilismo le revolvieron la basura hasta encontrar que ten\u00eda pendiente una multa de tr\u00e1nsito. Lo agarraron cortico, como dicen las abuelas. Con esto en sus manos, se dedicaron durante la segunda mitad de la tarde a ventilar este evento con el prop\u00f3sito de desacreditarlo y desvirtuar las cr\u00edticas. Pero no se enga\u00f1en, amigos de la Alcald\u00eda: por m\u00e1s que Grisales tenga el pecado encima, el proyecto est\u00e1 mal hecho, pegado con babas, construido con absoluta arbitrariedad. Y a eso le juegan los de la defensa: a sacar adelante una propuesta que le va a entregar a un privado al que solo le interesan las utilidades, el manejo de un tr\u00e1nsito que, lo aceptamos, se ha vuelto imposible.<\/p>\n\n\n\n<div style=\"height:100px\" aria-hidden=\"true\" class=\"wp-block-spacer\"><\/div>\n\n\n\n<p style=\"font-size:22px\">En \u00faltimas, la Alcald\u00eda corrigi\u00f3 a las malas el primer art\u00edculo, que en la versi\u00f3n original era absolutamente difuso al considerar que &#8220;algunos servicios&#8221; de la secretar\u00eda ser\u00edan los de la concesi\u00f3n. Por lo menos ya est\u00e1 claro hasta donde nos van a meter la mano al bolsillo. A\u00fan sin saber el impacto fiscal para el municipio, el golpe que tendr\u00e1 en la comunidad, su efectividad y aplicabilidad, e incluso su legalidad. Con esta modificaci\u00f3n, pas\u00f3 en primer debate, correspondiente a la conveniencia; un atributo del que carece a todas luces. <\/p>\n\n\n\n<div style=\"height:100px\" aria-hidden=\"true\" class=\"wp-block-spacer\"><\/div>\n\n\n\n<p style=\"font-size:22px\">Ahora le espera el segundo debate, de constitucionalidad y legalidad, en el que la misma pandillita se armar\u00e1 de malas ma\u00f1as, trucos bajos y toda la porquer\u00eda con la que el hombre de a pie identifica con la pol\u00edtica. Y nos estar\u00e1n metiendo los artilleros del CR y del empresario detr\u00e1s del poder, otro golazo como pas\u00f3 con EPQ, o m\u00e1s all\u00e1 con la Valorizaci\u00f3n o el alumbrado p\u00fablico. Porque definitivamente ac\u00e1 no hay espacio para la discusi\u00f3n y el control pol\u00edtico. Estamos hablando de plata.<\/p>\n","protected":false},"excerpt":{"rendered":"<p>Verg\u00fcenza, deber\u00eda darles a los concejales oficialistas del municipio de Armenia y que salieron con dientes y garras a defender el proyecto de acuerdo 003 de 2024, con el que se le otorgar\u00e1 al alcalde James Padilla Garc\u00eda, las facultades para privatizar una enorme parte de las rentas percibidas por la Secretar\u00eda de Tr\u00e1nsito y [&hellip;]<\/p>\n","protected":false},"author":1,"featured_media":0,"comment_status":"open","ping_status":"open","sticky":false,"template":"","format":"standard","meta":{"om_disable_all_campaigns":false,"_monsterinsights_skip_tracking":false,"_monsterinsights_sitenote_active":false,"_monsterinsights_sitenote_note":"","_monsterinsights_sitenote_category":0,"_uf_show_specific_survey":0,"_uf_disable_surveys":false,"_jetpack_memberships_contains_paid_content":false,"footnotes":""},"categories":[40],"tags":[125,14,222,241,239,243,245,129,240,244,246],"class_list":["post-2468","post","type-post","status-publish","format-standard","hentry","category-opinion","tag-alcaldia","tag-armenia","tag-concejo","tag-felipe-villamil","tag-fotomultas","tag-german-grisales","tag-john-edison-echavarria","tag-movilidad","tag-privatizacion","tag-setta","tag-transito"],"aioseo_notices":[],"jetpack_featured_media_url":"","jetpack_sharing_enabled":true,"_links":{"self":[{"href":"https:\/\/elcuyabranpost.com\/index.php\/wp-json\/wp\/v2\/posts\/2468"}],"collection":[{"href":"https:\/\/elcuyabranpost.com\/index.php\/wp-json\/wp\/v2\/posts"}],"about":[{"href":"https:\/\/elcuyabranpost.com\/index.php\/wp-json\/wp\/v2\/types\/post"}],"author":[{"embeddable":true,"href":"https:\/\/elcuyabranpost.com\/index.php\/wp-json\/wp\/v2\/users\/1"}],"replies":[{"embeddable":true,"href":"https:\/\/elcuyabranpost.com\/index.php\/wp-json\/wp\/v2\/comments?post=2468"}],"version-history":[{"count":4,"href":"https:\/\/elcuyabranpost.com\/index.php\/wp-json\/wp\/v2\/posts\/2468\/revisions"}],"predecessor-version":[{"id":2479,"href":"https:\/\/elcuyabranpost.com\/index.php\/wp-json\/wp\/v2\/posts\/2468\/revisions\/2479"}],"wp:attachment":[{"href":"https:\/\/elcuyabranpost.com\/index.php\/wp-json\/wp\/v2\/media?parent=2468"}],"wp:term":[{"taxonomy":"category","embeddable":true,"href":"https:\/\/elcuyabranpost.com\/index.php\/wp-json\/wp\/v2\/categories?post=2468"},{"taxonomy":"post_tag","embeddable":true,"href":"https:\/\/elcuyabranpost.com\/index.php\/wp-json\/wp\/v2\/tags?post=2468"}],"curies":[{"name":"wp","href":"https:\/\/api.w.org\/{rel}","templated":true}]}}