{"id":2504,"date":"2024-03-12T15:08:59","date_gmt":"2024-03-12T20:08:59","guid":{"rendered":"https:\/\/elcuyabranpost.com\/?p=2504"},"modified":"2024-03-12T15:09:46","modified_gmt":"2024-03-12T20:09:46","slug":"nos-meten-los-dedos-a-la-boca","status":"publish","type":"post","link":"https:\/\/elcuyabranpost.com\/index.php\/2024\/03\/12\/nos-meten-los-dedos-a-la-boca\/","title":{"rendered":"Nos meten los dedos a la boca"},"content":{"rendered":"\n<div style=\"height:100px\" aria-hidden=\"true\" class=\"wp-block-spacer\"><\/div>\n\n\n\n<p style=\"font-size:22px\">Amaneci\u00f3 Armenia con Setta privatizada. Ignorando una cantidad inabarcable de argumentos en contra, 11 concejales de la ciudad le dieron el s\u00ed al imposible proyecto de concesi\u00f3n de los ingresos de tr\u00e1nsito a un privado, que se especula ser\u00eda la empresa antioque\u00f1a Inteia, que ya trabaja con la alcald\u00eda de Medell\u00edn.<\/p>\n\n\n\n<div style=\"height:100px\" aria-hidden=\"true\" class=\"wp-block-spacer\"><\/div>\n\n\n\n<p style=\"font-size:22px\">La iniciativa, nacida en la Alcald\u00eda de James Padilla Garc\u00eda, le da facultades al mandatario para suscribir el contrato de una operaci\u00f3n en la que los detalles, a pesar de la eterna sesi\u00f3n vivida en el Concejo, siguen estando en la m\u00e1s completa oscuridad. Los concejales que avalaron un negocio a 15 a\u00f1os lo hicieron ignorando -por voluntad propia- el impacto que esto generar\u00e1 en las rentas del municipio. Y como hacerlo, si la propuesta sobre la cual decidieron parec\u00eda m\u00e1s un trabajo de colegio que una propuesta ser\u00eda y que afectar\u00e1 de forma dr\u00e1stica las finanzas de la cartera local que m\u00e1s recursos obtiene.<\/p>\n\n\n\n<div style=\"height:100px\" aria-hidden=\"true\" class=\"wp-block-spacer\"><\/div>\n\n\n\n<p style=\"font-size:22px\">De nada sirvieron los argumentos de los corporados que se opusieron: Felipe Villamil, Jos\u00e9 Ignacio Rojas, Germ\u00e1n Grisales y Jonatan Rojo, a los que se unieron, conscientes del desprop\u00f3sito que les planteaba la administraci\u00f3n de la capital, Cristhian Fern\u00e1ndez y Aldrin Edwin Luna. Stefanny Castellanos se hab\u00eda declarado impedida; mientras que Richard Alexis Guti\u00e9rrez se fue en contra de la decisi\u00f3n de su partido Mira y se aline\u00f3 con los oficialistas. Luis Fernando Lasprilla se ausent\u00f3 del debate sabiendo el capital pol\u00edtico que negociaba. Y \u00c1lvaro Guti\u00e9rrez, como se esperaba, dej\u00f3 un mejor momento para expresar su oposici\u00f3n a un gobierno al que se encuentra absolutamente alineado y dependiente.<\/p>\n\n\n\n<div style=\"height:100px\" aria-hidden=\"true\" class=\"wp-block-spacer\"><\/div>\n\n\n\n<p style=\"font-size:22px\">En \u00faltimas, esto ya se sab\u00eda. El negocio estaba pisado desde el periodo de Jos\u00e9 Manuel R\u00edos, de d\u00f3nde se recicl\u00f3, con desidia y franca pereza, el documento que pretend\u00eda sustentar la decisi\u00f3n. Hay un empresario en las sombras que necesitaba cerrar negocio, incluso antes de aprobar un plan de desarrollo en el que se van a pasar por la galleta todo argumento serio. Y as\u00ed pasar\u00e1 con la actualizaci\u00f3n del POT. As\u00ed como pas\u00f3 con la Valorizaci\u00f3n, el alumbrado p\u00fablico, la Edeq, el matadero municipal, el aseo de la ciudad\u2026 Rest\u00e1ndole recursos a una ciudad a la que no le sobran. Qu\u00e9 les importa, si act\u00faan con la plena seguridad de qu\u00e9 est\u00e1n cobijados por una estructura institucional puesta al servicio de los intereses de un particular. Y con la sinverg\u00fcenzada propia de qui\u00e9n fue descubierto en p\u00fablico y a\u00fan as\u00ed gan\u00f3, seguir\u00e1n 4 a\u00f1os en el que el Concejo, legisle de espaldas a su gente.<\/p>\n\n\n\n<hr class=\"wp-block-separator has-alpha-channel-opacity\"\/>\n\n\n\n<p style=\"font-size:22px\"><strong>Adenda<\/strong><br>Preocupante y totalmente reprochable la agresi\u00f3n denunciada por el medio de comunicaci\u00f3n Finito, ejercida por un funcionario de la secretar\u00eda de Gobierno de la alcald\u00eda al veedor Alejandro Rodr\u00edguez.<\/p>\n\n\n\n<div style=\"height:100px\" aria-hidden=\"true\" class=\"wp-block-spacer\"><\/div>\n\n\n\n<p style=\"font-size:22px\">As\u00ed como inquietante, la pasividad de las autoridades a las acusaciones de que la fot\u00f3grafa del Concejo habr\u00eda estado tom\u00e1ndole fotos para perfilarlo (un hecho del que fuimos testigos en el primer debate del proyecto). Incluso, adjuntamos pantallazo de que en su transmisi\u00f3n en redes, el Concejo salt\u00f3 los protocolos que se deben llevar para preservar la vida y la integridad de alguien que se manifiesta amenazado.<\/p>\n\n\n\n<div style=\"height:100px\" aria-hidden=\"true\" class=\"wp-block-spacer\"><\/div>\n\n\n\n<p style=\"font-size:22px\">Si has o\u00eddo de amenazas a l\u00edderes sociales, ten en cuenta que en Armenia, est\u00e1 sucediendo lo mismo por la propia administraci\u00f3n local.<\/p>\n","protected":false},"excerpt":{"rendered":"<p>Amaneci\u00f3 Armenia con Setta privatizada. Ignorando una cantidad inabarcable de argumentos en contra, 11 concejales de la ciudad le dieron el s\u00ed al imposible proyecto de concesi\u00f3n de los ingresos de tr\u00e1nsito a un privado, que se especula ser\u00eda la empresa antioque\u00f1a Inteia, que ya trabaja con la alcald\u00eda de Medell\u00edn. La iniciativa, nacida en [&hellip;]<\/p>\n","protected":false},"author":1,"featured_media":0,"comment_status":"open","ping_status":"open","sticky":false,"template":"","format":"standard","meta":{"om_disable_all_campaigns":false,"_monsterinsights_skip_tracking":false,"_monsterinsights_sitenote_active":false,"_monsterinsights_sitenote_note":"","_monsterinsights_sitenote_category":0,"_uf_show_specific_survey":0,"_uf_disable_surveys":false,"_jetpack_memberships_contains_paid_content":false,"footnotes":""},"categories":[40],"tags":[222,239,244,246],"class_list":["post-2504","post","type-post","status-publish","format-standard","hentry","category-opinion","tag-concejo","tag-fotomultas","tag-setta","tag-transito"],"aioseo_notices":[],"jetpack_featured_media_url":"","jetpack_sharing_enabled":true,"_links":{"self":[{"href":"https:\/\/elcuyabranpost.com\/index.php\/wp-json\/wp\/v2\/posts\/2504"}],"collection":[{"href":"https:\/\/elcuyabranpost.com\/index.php\/wp-json\/wp\/v2\/posts"}],"about":[{"href":"https:\/\/elcuyabranpost.com\/index.php\/wp-json\/wp\/v2\/types\/post"}],"author":[{"embeddable":true,"href":"https:\/\/elcuyabranpost.com\/index.php\/wp-json\/wp\/v2\/users\/1"}],"replies":[{"embeddable":true,"href":"https:\/\/elcuyabranpost.com\/index.php\/wp-json\/wp\/v2\/comments?post=2504"}],"version-history":[{"count":1,"href":"https:\/\/elcuyabranpost.com\/index.php\/wp-json\/wp\/v2\/posts\/2504\/revisions"}],"predecessor-version":[{"id":2505,"href":"https:\/\/elcuyabranpost.com\/index.php\/wp-json\/wp\/v2\/posts\/2504\/revisions\/2505"}],"wp:attachment":[{"href":"https:\/\/elcuyabranpost.com\/index.php\/wp-json\/wp\/v2\/media?parent=2504"}],"wp:term":[{"taxonomy":"category","embeddable":true,"href":"https:\/\/elcuyabranpost.com\/index.php\/wp-json\/wp\/v2\/categories?post=2504"},{"taxonomy":"post_tag","embeddable":true,"href":"https:\/\/elcuyabranpost.com\/index.php\/wp-json\/wp\/v2\/tags?post=2504"}],"curies":[{"name":"wp","href":"https:\/\/api.w.org\/{rel}","templated":true}]}}