{"id":2870,"date":"2024-05-16T00:22:03","date_gmt":"2024-05-16T05:22:03","guid":{"rendered":"https:\/\/elcuyabranpost.com\/?p=2870"},"modified":"2024-05-16T12:01:35","modified_gmt":"2024-05-16T17:01:35","slug":"por-el-oro-quimbaya","status":"publish","type":"post","link":"https:\/\/elcuyabranpost.com\/index.php\/2024\/05\/16\/por-el-oro-quimbaya\/","title":{"rendered":"\u00a1Por el oro Quimbaya!"},"content":{"rendered":"\n<div style=\"height:100px\" aria-hidden=\"true\" class=\"wp-block-spacer\"><\/div>\n\n\n\n<p style=\"font-size:22px\">122 piezas, componen el tesoro Quimbaya que reposa en Espa\u00f1a. Y a\u00fan as\u00ed, pesan como si fueran millones. El saqueo \u2013s\u00ed, usamos la palabra peligrosa- que los conquistadores hicieron en esta parte de las Indias Occidentales es comparable a las de otras potencias de ultramar en Ir\u00e1n o Egipto, para convertir obeliscos en atractivos tur\u00edsticos a miles de kil\u00f3metros de su lugar natural. Y retornarlas a Colombia ser\u00eda un bonito gesto de reconocimiento de la identidad cultural de lo que alguna vez fue colonia pero que hoy ya es una naci\u00f3n bien madurita y puestecita.<\/p>\n\n\n\n<div style=\"height:100px\" aria-hidden=\"true\" class=\"wp-block-spacer\"><\/div>\n\n\n\n<p style=\"font-size:22px\">Obviamente Espa\u00f1a no piensa lo mismo. Los recurrentes llamados, hechos por una v\u00eda diplom\u00e1tica han tenido el efecto de un f\u00f3sforo en un ventarr\u00f3n. Por eso este mi\u00e9rcoles 15 de mayo dos hechos llamaron la atenci\u00f3n de los quindianos. En primer lugar, aprovechando la visita de delegados del ministerio de Cultura al Quind\u00edo \u2013la cuna de las figuras orfebres quimbayas- el presidente Gustavo Petro anunci\u00f3 la reclamaci\u00f3n oficial del tesoro Quimbaya.<\/p>\n\n\n\n<div style=\"height:100px\" aria-hidden=\"true\" class=\"wp-block-spacer\"><\/div>\n\n\n\n<p style=\"font-size:22px\">Pero la otra, tal vez inesperada, pero que nos hace mucho sentido, fue la solicitud oficial del Quind\u00edo para que, una vez repatriadas, regresen al departamento de la que una vez salieron \u2013puntualmente de Filandia- con el permiso de los mandatarios de turno, y luego regaladas en un acto de extrema lamboner\u00eda, por el presidente Carlos Holgu\u00edn Mallarino, como presente por la conmemoraci\u00f3n del IV Centenario del Descubrimiento de Am\u00e9rica.<\/p>\n\n\n\n<div style=\"height:100px\" aria-hidden=\"true\" class=\"wp-block-spacer\"><\/div>\n\n\n\n<figure class=\"wp-block-image size-large\"><img data-recalc-dims=\"1\" loading=\"lazy\" decoding=\"async\" width=\"1024\" height=\"576\" src=\"https:\/\/i0.wp.com\/elcuyabranpost.com\/wp-content\/uploads\/2024\/05\/2-5-1024x576.png?resize=1024%2C576&#038;ssl=1\" alt=\"\" class=\"wp-image-2871\" srcset=\"https:\/\/i0.wp.com\/elcuyabranpost.com\/wp-content\/uploads\/2024\/05\/2-5.png?resize=1024%2C576&amp;ssl=1 1024w, https:\/\/i0.wp.com\/elcuyabranpost.com\/wp-content\/uploads\/2024\/05\/2-5.png?resize=300%2C169&amp;ssl=1 300w, https:\/\/i0.wp.com\/elcuyabranpost.com\/wp-content\/uploads\/2024\/05\/2-5.png?resize=768%2C432&amp;ssl=1 768w, https:\/\/i0.wp.com\/elcuyabranpost.com\/wp-content\/uploads\/2024\/05\/2-5.png?resize=1536%2C864&amp;ssl=1 1536w, https:\/\/i0.wp.com\/elcuyabranpost.com\/wp-content\/uploads\/2024\/05\/2-5.png?w=1920&amp;ssl=1 1920w\" sizes=\"(max-width: 1000px) 100vw, 1000px\" \/><\/figure>\n\n\n\n<p style=\"font-size:22px\"><strong>El Quind\u00edo toma posici\u00f3n<\/strong><\/p>\n\n\n\n<p style=\"font-size:22px\">El anuncio del Gobierno del Quind\u00edo recay\u00f3 en manos del secretario de Cultura, Felipe Robledo Mart\u00ednez, que en medio de la noticia nacional y con un entusiasmo que super\u00f3 las necesidades log\u00edsticas que requer\u00eda un anuncio de esta magnitud, cit\u00f3 a rueda de prensa de manera inesperada.<\/p>\n\n\n\n<div style=\"height:100px\" aria-hidden=\"true\" class=\"wp-block-spacer\"><\/div>\n\n\n\n<p style=\"font-size:22px\">\u201cEst\u00e1bamos en ciernes de este aviso, esperando articularnos con el Gobierno nacional, para hacer p\u00fablica la intenci\u00f3n de ser reconocidos como comunidad cultural propia, con sus propios artes, oficios y saberes\u201d, indic\u00f3 el funcionario, reiterando el deseo del departamento: una vez se reintegre el conjunto de bienes arqueol\u00f3gicos provenientes del periodo Quimbaya Cl\u00e1sico, el Quind\u00edo buscar\u00e1 la manera de que el tesoro no se quede en la capital, y superar por una vez el bogotacentrismo. Y ojo, que al Cuyabran le caen bien los rolos, pero hay que reconocer que a veces el universo les gira en torno a ellos. <\/p>\n\n\n\n<div style=\"height:100px\" aria-hidden=\"true\" class=\"wp-block-spacer\"><\/div>\n\n\n\n<p style=\"font-size:22px\">Para la cruzada, desde la Gobernaci\u00f3n se busca reactivar la Comisi\u00f3n de Alto Nivel para la Sensibilizaci\u00f3n, Repatriaci\u00f3n y Recuperaci\u00f3n del Tesoro Quimbaya: una especie de misi\u00f3n de sabios con la potestad de acompa\u00f1ar lo que ser\u00eda el retorno de los art\u00edculos. Y para iniciar con el proceso formal, los d\u00edas 30 y 31 de mayo se llevar\u00e1 a cabo en el Museo del Oro Quimbaya un comit\u00e9 de verificaci\u00f3n, que tendr\u00e1 participaci\u00f3n de Defensor\u00eda del Pueblo, el Instituto Colombiano de Antropolog\u00eda e Historia &#8211; Icanh, la Canciller\u00eda y Mincultura, entre otras instituciones.<\/p>\n\n\n\n<div style=\"height:100px\" aria-hidden=\"true\" class=\"wp-block-spacer\"><\/div>\n\n\n\n<figure class=\"wp-block-image size-large\"><img data-recalc-dims=\"1\" loading=\"lazy\" decoding=\"async\" width=\"1024\" height=\"576\" src=\"https:\/\/i0.wp.com\/elcuyabranpost.com\/wp-content\/uploads\/2024\/05\/3-5-1024x576.png?resize=1024%2C576&#038;ssl=1\" alt=\"\" class=\"wp-image-2872\" srcset=\"https:\/\/i0.wp.com\/elcuyabranpost.com\/wp-content\/uploads\/2024\/05\/3-5.png?resize=1024%2C576&amp;ssl=1 1024w, https:\/\/i0.wp.com\/elcuyabranpost.com\/wp-content\/uploads\/2024\/05\/3-5.png?resize=300%2C169&amp;ssl=1 300w, https:\/\/i0.wp.com\/elcuyabranpost.com\/wp-content\/uploads\/2024\/05\/3-5.png?resize=768%2C432&amp;ssl=1 768w, https:\/\/i0.wp.com\/elcuyabranpost.com\/wp-content\/uploads\/2024\/05\/3-5.png?resize=1536%2C864&amp;ssl=1 1536w, https:\/\/i0.wp.com\/elcuyabranpost.com\/wp-content\/uploads\/2024\/05\/3-5.png?w=1920&amp;ssl=1 1920w\" sizes=\"(max-width: 1000px) 100vw, 1000px\" \/><figcaption class=\"wp-element-caption\"><em>\u00bfSer\u00e1 el Museo del Oro Quimbaya, en Armenia, el hogar de estas piezas? Su nombre as\u00ed lo indica.<\/em><\/figcaption><\/figure>\n\n\n\n<p style=\"font-size:22px\"><strong>\u00bfTocar\u00e1 entrar dando codazos?<\/strong><\/p>\n\n\n\n<p style=\"font-size:22px\">A la rueda de prensa convocada asisti\u00f3 el periodista e historiador Miguel \u00c1ngel Rojas, quien no dud\u00f3 en calificar este hecho como \u201cla noticia m\u00e1s importante en los \u00faltimos 134 a\u00f1os porque es el tesoro vivo m\u00e1s importante de la prehispanidad en Latinoam\u00e9rica. Las piezas de otras culturas no sobrevivieron (fueron fundidas, agregamos como aclaraci\u00f3n) porque fueron producto del saqueo, mientras que estas surgieron por la guaquer\u00eda\u201d.<\/p>\n\n\n\n<div style=\"height:100px\" aria-hidden=\"true\" class=\"wp-block-spacer\"><\/div>\n\n\n\n<p style=\"font-size:22px\">El valor hist\u00f3rico y cultural del tesoro entonces, es evidente. Pero a qu\u00e9 se enfrenta el Quind\u00edo. Primero, a la respuesta del reino de Espa\u00f1a, tan reticente a devolver lo que les fue obsequiado en un acto protocolario sin sentido para los ojos actuales. Segundo, creemos nosotros, a la respuesta de quien quedar\u00eda encargado de los bienes: el Banco de la Rep\u00fablica, que tiene autonom\u00eda tanto en el Museo del Oro, en Bogot\u00e1, como en el Museo del Oro Quimbaya, en Armenia. Esto exigir\u00eda un tr\u00e1mite adicional al de Presidencia, porque hay que subrayar que la autoridad en pol\u00edtica monetaria en el pa\u00eds es un \u00f3rgano absolutamente independiente de Casa de Nari\u00f1o.<\/p>\n\n\n\n<div style=\"height:100px\" aria-hidden=\"true\" class=\"wp-block-spacer\"><\/div>\n\n\n\n<p style=\"font-size:22px\">Llegado el caso en el que se d\u00e9 el visto bueno para que sea trasladado a su lugar de origen, el tesoro encontrar\u00eda en el imponente edificio de Rogelio Salmona, que alberga el museo en el Quind\u00edo, su hogar; una infraestructura que hace poco recibi\u00f3 adecuaciones para mejorar aspectos como su seguridad. Pero entonces, ac\u00e1 viene el otro interrogante. Cuando se sustrajo de Filandia el bot\u00edn, el Quind\u00edo no era un departamento: durante su descubrimiento fue en 1890, este territorio hac\u00eda parte del Cauca; 5 a\u00f1os despu\u00e9s pasar\u00edamos a hacer parte de Caldas hasta la d\u00e9cada de los 60, cuando se dio la emancipaci\u00f3n.<\/p>\n\n\n\n<div style=\"height:100px\" aria-hidden=\"true\" class=\"wp-block-spacer\"><\/div>\n\n\n\n<p style=\"font-size:22px\">Con lo vivido recientemente con los gobernadores de Caldas y Risaralda, y los alcaldes de Pereira y Manizales, firmando en conjunto una carta para oponerse al desarrollo vial entre Calarc\u00e1 y La Paila, es f\u00e1cil suponer que no estar\u00e1n contentos con que el Quind\u00edo recupere estas piezas. As\u00ed que ac\u00e1 viene el otro frente de lucha. Esperamos equivocarnos: que Espa\u00f1a libere lo que no es suyo, que Bogot\u00e1 respete la propiedad del Quind\u00edo, que el Banco de la Rep\u00fablica descentralice su colecci\u00f3n y que los vecinos se empiecen a portar bien. Esperamos, con todo el coraz\u00f3n, que ninguno nos salga, de nuevo, con excusitas de oropel.<\/p>\n","protected":false},"excerpt":{"rendered":"<p>122 piezas, componen el tesoro Quimbaya que reposa en Espa\u00f1a. Y a\u00fan as\u00ed, pesan como si fueran millones. El saqueo \u2013s\u00ed, usamos la palabra peligrosa- que los conquistadores hicieron en esta parte de las Indias Occidentales es comparable a las de otras potencias de ultramar en Ir\u00e1n o Egipto, para convertir obeliscos en atractivos tur\u00edsticos [&hellip;]<\/p>\n","protected":false},"author":1,"featured_media":2873,"comment_status":"open","ping_status":"open","sticky":false,"template":"","format":"standard","meta":{"om_disable_all_campaigns":false,"_monsterinsights_skip_tracking":false,"_monsterinsights_sitenote_active":false,"_monsterinsights_sitenote_note":"","_monsterinsights_sitenote_category":0,"_uf_show_specific_survey":0,"_uf_disable_surveys":false,"_jetpack_memberships_contains_paid_content":false,"footnotes":""},"categories":[16],"tags":[299,80,302,110,15,301,300],"class_list":["post-2870","post","type-post","status-publish","format-standard","has-post-thumbnail","hentry","category-elpostreporta","tag-antropologia","tag-cultura","tag-espana","tag-filandia","tag-quindio","tag-repatriacion","tag-tesoro-quimbaya"],"aioseo_notices":[],"jetpack_featured_media_url":"https:\/\/i0.wp.com\/elcuyabranpost.com\/wp-content\/uploads\/2024\/05\/1-5.png?fit=1920%2C1080&ssl=1","jetpack_sharing_enabled":true,"_links":{"self":[{"href":"https:\/\/elcuyabranpost.com\/index.php\/wp-json\/wp\/v2\/posts\/2870"}],"collection":[{"href":"https:\/\/elcuyabranpost.com\/index.php\/wp-json\/wp\/v2\/posts"}],"about":[{"href":"https:\/\/elcuyabranpost.com\/index.php\/wp-json\/wp\/v2\/types\/post"}],"author":[{"embeddable":true,"href":"https:\/\/elcuyabranpost.com\/index.php\/wp-json\/wp\/v2\/users\/1"}],"replies":[{"embeddable":true,"href":"https:\/\/elcuyabranpost.com\/index.php\/wp-json\/wp\/v2\/comments?post=2870"}],"version-history":[{"count":3,"href":"https:\/\/elcuyabranpost.com\/index.php\/wp-json\/wp\/v2\/posts\/2870\/revisions"}],"predecessor-version":[{"id":2876,"href":"https:\/\/elcuyabranpost.com\/index.php\/wp-json\/wp\/v2\/posts\/2870\/revisions\/2876"}],"wp:featuredmedia":[{"embeddable":true,"href":"https:\/\/elcuyabranpost.com\/index.php\/wp-json\/wp\/v2\/media\/2873"}],"wp:attachment":[{"href":"https:\/\/elcuyabranpost.com\/index.php\/wp-json\/wp\/v2\/media?parent=2870"}],"wp:term":[{"taxonomy":"category","embeddable":true,"href":"https:\/\/elcuyabranpost.com\/index.php\/wp-json\/wp\/v2\/categories?post=2870"},{"taxonomy":"post_tag","embeddable":true,"href":"https:\/\/elcuyabranpost.com\/index.php\/wp-json\/wp\/v2\/tags?post=2870"}],"curies":[{"name":"wp","href":"https:\/\/api.w.org\/{rel}","templated":true}]}}