{"id":2941,"date":"2024-05-29T12:06:48","date_gmt":"2024-05-29T17:06:48","guid":{"rendered":"https:\/\/elcuyabranpost.com\/?p=2941"},"modified":"2024-05-29T13:50:01","modified_gmt":"2024-05-29T18:50:01","slug":"galarza-retrata-la-muerte-del-septimazo","status":"publish","type":"post","link":"https:\/\/elcuyabranpost.com\/index.php\/2024\/05\/29\/galarza-retrata-la-muerte-del-septimazo\/","title":{"rendered":"Galarza retrata la muerte del Septimazo"},"content":{"rendered":"\n<div style=\"height:100px\" aria-hidden=\"true\" class=\"wp-block-spacer\"><\/div>\n\n\n\n<p style=\"font-size:22px\">En una \u00e9poca en la que los egresados quindianos de las universidades migraban a Bogot\u00e1 a buscar un mejor panorama educativo y laboral que en su departamento \u2013donde las puertas estaban absolutamente cerradas-, la primera y m\u00e1s l\u00f3gica opci\u00f3n era llegar a Chapinero. La localidad era el h\u00e1bitat de una colonia quindiana que llegaba a impregnarse del distrito capital: Los m\u00e1s favorecidos consegu\u00edan un apartaestudio, o compart\u00edan apartamento. A otros nos toc\u00f3 arrendar una habitaci\u00f3n.<\/p>\n\n\n\n<div style=\"height:100px\" aria-hidden=\"true\" class=\"wp-block-spacer\"><\/div>\n\n\n\n<p style=\"font-size:22px\">Y en ese microclima ubicado casi equidistante entre el centro y el norte, con un aeropuerto y una terminal cerca, y rodeados de universidades, casas quintas, bares y estanquillos, giraba la vida. En particular sobre la carrera S\u00e9ptima, que se convert\u00eda en el escenario del esparcimiento nocturno los fines de semana. Tanto residentes como visitantes conoc\u00edan c\u00f3mo era darse una vuelta por all\u00ed, en algo que con el tiempo se conoci\u00f3 como el Septimazo (un t\u00e9rmino acu\u00f1ado incluso por la cervecer\u00eda BBC para uno de sus productos). Y fue as\u00ed como naci\u00f3 parte del amor que muchos quindianos le profesamos a la capital del pa\u00eds pese a sus contradicciones y dificultades. <\/p>\n\n\n\n<div style=\"height:100px\" aria-hidden=\"true\" class=\"wp-block-spacer\"><\/div>\n\n\n\n<p style=\"font-size:22px\">Pero ahora el Septimazo est\u00e1 en sus \u00faltimas. Es el tramo correspondiente con Chapinero central el que recog\u00eda a j\u00f3venes con ganas de comerse al mundo luego de salir de la provincia (y no la peatonal del centro, ni la del planetario y el parque Nacional, ni el distrito financiero de la 72 pa\u00b4 arriba, ni la de las casas sin revocar del Tober\u00edn y El Codito), el que parece agonizar a la vista de todos. En torno a la transformaci\u00f3n de esta zona y sus din\u00e1micas tradicionales, es que el abogado y fot\u00f3grafo Juan Sebasti\u00e1n Galarza Valencia bas\u00f3 el proyecto con el que acaba de ganar el premio de fotograf\u00eda \u2018Ciudad de Bogot\u00e1\u2019.<\/p>\n\n\n\n<figure class=\"wp-block-image size-large\"><img data-recalc-dims=\"1\" loading=\"lazy\" decoding=\"async\" width=\"1024\" height=\"576\" src=\"https:\/\/i0.wp.com\/elcuyabranpost.com\/wp-content\/uploads\/2024\/05\/4-5-1024x576.png?resize=1024%2C576&#038;ssl=1\" alt=\"\" class=\"wp-image-2942\" srcset=\"https:\/\/i0.wp.com\/elcuyabranpost.com\/wp-content\/uploads\/2024\/05\/4-5.png?resize=1024%2C576&amp;ssl=1 1024w, https:\/\/i0.wp.com\/elcuyabranpost.com\/wp-content\/uploads\/2024\/05\/4-5.png?resize=300%2C169&amp;ssl=1 300w, https:\/\/i0.wp.com\/elcuyabranpost.com\/wp-content\/uploads\/2024\/05\/4-5.png?resize=768%2C432&amp;ssl=1 768w, https:\/\/i0.wp.com\/elcuyabranpost.com\/wp-content\/uploads\/2024\/05\/4-5.png?resize=1536%2C864&amp;ssl=1 1536w, https:\/\/i0.wp.com\/elcuyabranpost.com\/wp-content\/uploads\/2024\/05\/4-5.png?w=1920&amp;ssl=1 1920w\" sizes=\"(max-width: 1000px) 100vw, 1000px\" \/><\/figure>\n\n\n\n<p style=\"font-size:22px\">Valluno de nacimiento y quindiano de crianza, el haberse convertido en habitante de la capital desde hace 15 a\u00f1os le ha dado la posibilidad de atestiguar el cambio de lo que alguna vez estuvo tan lleno de vida; de lo que alguna vez \u2018smells like teen spirit\u2019. \u201cEl tema era retratar un espacio patrimonial, para hacer desde esta serie una mirada cr\u00edtica al uso que se le da y a las modificaciones que ha tenido. Yo eleg\u00ed la carrera S\u00e9ptima y present\u00e9 5 fotos que muestran su estado actual y c\u00f3mo ha cambiado de 2020 para ac\u00e1\u201d, explica.<\/p>\n\n\n\n<div style=\"height:100px\" aria-hidden=\"true\" class=\"wp-block-spacer\"><\/div>\n\n\n\n<p style=\"font-size:22px\">-\u00bfY por qu\u00e9 la S\u00e9ptima?- le pregunto.<\/p>\n\n\n\n<div style=\"height:100px\" aria-hidden=\"true\" class=\"wp-block-spacer\"><\/div>\n\n\n\n<p style=\"font-size:22px\">-Porque es la columna vertebral de la ciudad. Desde su fundaci\u00f3n, exist\u00eda all\u00ed el camino de la sal, que comunicaba con las minas de Zipaquir\u00e1. Sobre ese eje se construy\u00f3 la Calle Real (tan tradicional en la cuadr\u00edcula espa\u00f1ola de nuestras ciudades en Colombia), luego por all\u00ed se pasaba el trazado del tranv\u00eda, y a principios del siglo pasado se paviment\u00f3. Ha sido una v\u00eda muy importante y emblem\u00e1tica, con usos residenciales, comerciales y de alto flujo de peatones y apropiaci\u00f3n del espacio p\u00fablico.<\/p>\n\n\n\n<div style=\"height:100px\" aria-hidden=\"true\" class=\"wp-block-spacer\"><\/div>\n\n\n\n<p style=\"font-size:22px\">-\u00bfY ahora qu\u00e9 pasa?<\/p>\n\n\n\n<div style=\"height:100px\" aria-hidden=\"true\" class=\"wp-block-spacer\"><\/div>\n\n\n\n<p style=\"font-size:22px\">-Luego del encierro de la pandemia me hac\u00eda falta salir y empec\u00e9 a hacerlo con la c\u00e1mara fotogr\u00e1fica. Siempre hab\u00eda retratado aspectos del centro hist\u00f3rico, pero no de esta zona, que ha sido siempre mi lugar de residencia. Y me empec\u00e9 a dar cuenta de un decaimiento general, primero por el golpe econ\u00f3mico que el Covid tuvo y que hizo que cerraran negocios y que la gente dejara de usar el espacio p\u00fablico como se hac\u00eda antes. Pero tambi\u00e9n existe otro fen\u00f3meno\u2026<\/p>\n\n\n\n<figure class=\"wp-block-image size-large\"><img data-recalc-dims=\"1\" loading=\"lazy\" decoding=\"async\" width=\"1024\" height=\"576\" src=\"https:\/\/i0.wp.com\/elcuyabranpost.com\/wp-content\/uploads\/2024\/05\/3-9-1024x576.png?resize=1024%2C576&#038;ssl=1\" alt=\"\" class=\"wp-image-2945\" srcset=\"https:\/\/i0.wp.com\/elcuyabranpost.com\/wp-content\/uploads\/2024\/05\/3-9.png?resize=1024%2C576&amp;ssl=1 1024w, https:\/\/i0.wp.com\/elcuyabranpost.com\/wp-content\/uploads\/2024\/05\/3-9.png?resize=300%2C169&amp;ssl=1 300w, https:\/\/i0.wp.com\/elcuyabranpost.com\/wp-content\/uploads\/2024\/05\/3-9.png?resize=768%2C432&amp;ssl=1 768w, https:\/\/i0.wp.com\/elcuyabranpost.com\/wp-content\/uploads\/2024\/05\/3-9.png?resize=1536%2C864&amp;ssl=1 1536w, https:\/\/i0.wp.com\/elcuyabranpost.com\/wp-content\/uploads\/2024\/05\/3-9.png?w=1920&amp;ssl=1 1920w\" sizes=\"(max-width: 1000px) 100vw, 1000px\" \/><\/figure>\n\n\n\n<p style=\"font-size:22px\">Y es que una de las grandes problem\u00e1ticas del distrito es su movilidad. Ante la esperanza mil veces pospuesta de tener un metro, la respuesta ha sido el fortalecimiento de Transmilenio, que deber\u00eda servir como alimentador del metro, mas no como respuesta definitiva. Y en este proceso fue que una administraci\u00f3n distrital anterior decidi\u00f3 extender una l\u00ednea de los articulados rojos por la S\u00e9ptima.<\/p>\n\n\n\n<div style=\"height:100px\" aria-hidden=\"true\" class=\"wp-block-spacer\"><\/div>\n\n\n\n<p style=\"font-size:22px\">\u201cCon este prop\u00f3sito se adquirieron bastantes edificaciones desde la Javeriana hasta la 63, casi por Lourdes, para la construcci\u00f3n de una de las etapas del proyecto (que nunca se concret\u00f3): Hubo cierres, tapiaron las ventanas y puertas para evitar invasiones (aunque se dieron en algunas partes), y desde el a\u00f1o pasado se inici\u00f3 con la demolici\u00f3n de esos inmuebles. Esto ha tra\u00eddo consecuencias como la desertificaci\u00f3n del espacio p\u00fablico, porque donde no hay comercio, ni uso residencial queda muy solo y a la gente le da miedo transitar\u201d.<\/p>\n\n\n\n<div style=\"height:100px\" aria-hidden=\"true\" class=\"wp-block-spacer\"><\/div>\n\n\n\n<p style=\"font-size:22px\">La din\u00e1mica ha cambiado incluso desde el punto de vista residencial, agrega: De ser un lugar para estudiantes y profesionales j\u00f3venes, parece estar mutando por la incertidumbre de lo que le depara el futuro, as\u00ed como por el alza en los precios del metro cuadrado (Aj\u00e1, la gentrificaci\u00f3n no es un fen\u00f3meno exclusivamente paisa).<\/p>\n\n\n\n<figure class=\"wp-block-image size-large\"><img data-recalc-dims=\"1\" loading=\"lazy\" decoding=\"async\" width=\"1024\" height=\"576\" src=\"https:\/\/i0.wp.com\/elcuyabranpost.com\/wp-content\/uploads\/2024\/05\/2-9-1024x576.png?resize=1024%2C576&#038;ssl=1\" alt=\"\" class=\"wp-image-2944\" srcset=\"https:\/\/i0.wp.com\/elcuyabranpost.com\/wp-content\/uploads\/2024\/05\/2-9.png?resize=1024%2C576&amp;ssl=1 1024w, https:\/\/i0.wp.com\/elcuyabranpost.com\/wp-content\/uploads\/2024\/05\/2-9.png?resize=300%2C169&amp;ssl=1 300w, https:\/\/i0.wp.com\/elcuyabranpost.com\/wp-content\/uploads\/2024\/05\/2-9.png?resize=768%2C432&amp;ssl=1 768w, https:\/\/i0.wp.com\/elcuyabranpost.com\/wp-content\/uploads\/2024\/05\/2-9.png?resize=1536%2C864&amp;ssl=1 1536w, https:\/\/i0.wp.com\/elcuyabranpost.com\/wp-content\/uploads\/2024\/05\/2-9.png?w=1920&amp;ssl=1 1920w\" sizes=\"(max-width: 1000px) 100vw, 1000px\" \/><\/figure>\n\n\n\n<p style=\"font-size:22px\">\u201cEntonces la serie fotogr\u00e1fica, que fue reconocida por el Instituto Distrital de Patrimonio Cultural habla de esas din\u00e1micas de transformaci\u00f3n. Las im\u00e1genes las ven\u00eda ya trabajando en un proyecto de largo aliento que arranc\u00f3 en 2021 sobre Chapinero, con el que busco dos cosas: exponer el trabajo en formato de exposici\u00f3n individual para presentarlo, porque es algo que no ha tenido difusi\u00f3n. Y llevarlo al formato de fotolibro, aunque en Colombia este no es un producto cultural de gran circulaci\u00f3n\u2026 pero empieza a haber m\u00e1s trabajos alrededor de estos productos, incluso con peque\u00f1as editoriales\u201d, comenta. <\/p>\n\n\n\n<div style=\"height:100px\" aria-hidden=\"true\" class=\"wp-block-spacer\"><\/div>\n\n\n\n<p style=\"font-size:22px\">Entonces, un reconocimiento a Galarza por prestar su mirada, a la vez tan propia y tan forastera como para poder fotografiar la crisis de lo que muchos en este terru\u00f1o reconocimos como la Bogot\u00e1 que nos abri\u00f3 las puertas a los quindianos durante a\u00f1os. Porque puede que del Septimazo solo quede la nostalgia y estas fotos, para honrar lo que alguna vez represent\u00f3.<\/p>\n\n\n\n<hr class=\"wp-block-separator has-alpha-channel-opacity\"\/>\n\n\n\n<p><em>Nota: Las fotograf\u00edas que aparecen en este art\u00edculo hacen parte de la serie fotogr\u00e1fica de Sebasti\u00e1n Galarza, pero no son las galardonadas por el premio de fotograf\u00eda &#8216;Ciudad de Bogot\u00e1&#8217;. Por cuestiones legales y de derechos que no alcanzamos a resolver con el Instituto Distrital de Patrimonio Cultural, decidimos entre el medio de comunicaci\u00f3n y el entrevistado, utilizar otras para evitarnos l\u00edos. <\/em><\/p>\n","protected":false},"excerpt":{"rendered":"<p>En una \u00e9poca en la que los egresados quindianos de las universidades migraban a Bogot\u00e1 a buscar un mejor panorama educativo y laboral que en su departamento \u2013donde las puertas estaban absolutamente cerradas-, la primera y m\u00e1s l\u00f3gica opci\u00f3n era llegar a Chapinero. La localidad era el h\u00e1bitat de una colonia quindiana que llegaba a [&hellip;]<\/p>\n","protected":false},"author":1,"featured_media":2957,"comment_status":"open","ping_status":"open","sticky":false,"template":"","format":"standard","meta":{"om_disable_all_campaigns":false,"_monsterinsights_skip_tracking":false,"_monsterinsights_sitenote_active":false,"_monsterinsights_sitenote_note":"","_monsterinsights_sitenote_category":0,"_uf_show_specific_survey":0,"_uf_disable_surveys":false,"_jetpack_memberships_contains_paid_content":false,"footnotes":""},"categories":[105],"tags":[310,309,42],"class_list":["post-2941","post","type-post","status-publish","format-standard","has-post-thumbnail","hentry","category-plataforma","tag-bogota","tag-fotografia","tag-urbanismo"],"aioseo_notices":[],"jetpack_featured_media_url":"https:\/\/i0.wp.com\/elcuyabranpost.com\/wp-content\/uploads\/2024\/05\/1-8.png?fit=1920%2C1080&ssl=1","jetpack_sharing_enabled":true,"_links":{"self":[{"href":"https:\/\/elcuyabranpost.com\/index.php\/wp-json\/wp\/v2\/posts\/2941"}],"collection":[{"href":"https:\/\/elcuyabranpost.com\/index.php\/wp-json\/wp\/v2\/posts"}],"about":[{"href":"https:\/\/elcuyabranpost.com\/index.php\/wp-json\/wp\/v2\/types\/post"}],"author":[{"embeddable":true,"href":"https:\/\/elcuyabranpost.com\/index.php\/wp-json\/wp\/v2\/users\/1"}],"replies":[{"embeddable":true,"href":"https:\/\/elcuyabranpost.com\/index.php\/wp-json\/wp\/v2\/comments?post=2941"}],"version-history":[{"count":2,"href":"https:\/\/elcuyabranpost.com\/index.php\/wp-json\/wp\/v2\/posts\/2941\/revisions"}],"predecessor-version":[{"id":2947,"href":"https:\/\/elcuyabranpost.com\/index.php\/wp-json\/wp\/v2\/posts\/2941\/revisions\/2947"}],"wp:featuredmedia":[{"embeddable":true,"href":"https:\/\/elcuyabranpost.com\/index.php\/wp-json\/wp\/v2\/media\/2957"}],"wp:attachment":[{"href":"https:\/\/elcuyabranpost.com\/index.php\/wp-json\/wp\/v2\/media?parent=2941"}],"wp:term":[{"taxonomy":"category","embeddable":true,"href":"https:\/\/elcuyabranpost.com\/index.php\/wp-json\/wp\/v2\/categories?post=2941"},{"taxonomy":"post_tag","embeddable":true,"href":"https:\/\/elcuyabranpost.com\/index.php\/wp-json\/wp\/v2\/tags?post=2941"}],"curies":[{"name":"wp","href":"https:\/\/api.w.org\/{rel}","templated":true}]}}