{"id":3411,"date":"2024-07-17T17:32:24","date_gmt":"2024-07-17T22:32:24","guid":{"rendered":"https:\/\/elcuyabranpost.com\/?p=3411"},"modified":"2024-07-18T00:02:33","modified_gmt":"2024-07-18T05:02:33","slug":"que-verguenza","status":"publish","type":"post","link":"https:\/\/elcuyabranpost.com\/index.php\/2024\/07\/17\/que-verguenza\/","title":{"rendered":"\u00a1Qu\u00e9 verg\u00fcenza!"},"content":{"rendered":"\n<div style=\"height:100px\" aria-hidden=\"true\" class=\"wp-block-spacer\"><\/div>\n\n\n\n<p style=\"font-size:22px\">En mi ser solo hubo tristeza y silencio cuando el \u00e1rbitro Raphael Claus pit\u00f3 el final del partido. Fue una nueva derrota en el f\u00fatbol, y se apag\u00f3 aquella ilusi\u00f3n que ten\u00edamos los colombianos de quedar campeones de Am\u00e9rica de nuevo, luego de largos 23 a\u00f1os sin repetir un campeonato.<\/p>\n\n\n\n<div style=\"height:100px\" aria-hidden=\"true\" class=\"wp-block-spacer\"><\/div>\n\n\n\n<p style=\"font-size:22px\">Quede con el sinsabor de que tuvimos, desde mi punto de vista, el mejor equipo, pero no la copa.<\/p>\n\n\n\n<div style=\"height:100px\" aria-hidden=\"true\" class=\"wp-block-spacer\"><\/div>\n\n\n\n<p style=\"font-size:22px\">Sin embargo, el punto de esta columna no es hacer lo que la gran mayor\u00eda de personas est\u00e1 haciendo desde ese d\u00eda: darle las gracias al equipo o seguir critic\u00e1ndolo por no ganar. El motivo de esta columna es, a partir de los comportamientos de muchos colombianos previos al partido en el estadio de Miami que vi por televisi\u00f3n y redes sociales, en presencia de personas muy importantes para m\u00ed, se\u00f1alar y recordar que hace mucho tiempo tocamos fondo como sociedad, m\u00e1s profundo de lo que creemos, pero sin duda de que hay que cambiar e ir hacia arriba.<\/p>\n\n\n\n<div style=\"height:100px\" aria-hidden=\"true\" class=\"wp-block-spacer\"><\/div>\n\n\n\n<p style=\"font-size:22px\">Qu\u00e9 absoluta verg\u00fcenza me dan los compatriotas que fuera o dentro del pa\u00eds nos hacen quedar mal.<\/p>\n\n\n\n<div style=\"height:100px\" aria-hidden=\"true\" class=\"wp-block-spacer\"><\/div>\n\n\n\n<p style=\"font-size:22px\">Al ser colombianos somos representantes de una colectividad y cualquier mala representaci\u00f3n debe ser objeto de reproche y se\u00f1alamiento por el resto de los connacionales. D\u00eda a d\u00eda, desde hace muchos a\u00f1os, la gran mayor\u00eda de los colombianos nos levantamos para mejorar nuestra sociedad: haciendo las cosas bien, cumpliendo nuestros deberes y ejerciendo nuestros derechos dentro de nuestras libertades sin afectar los derechos de los dem\u00e1s.<\/p>\n\n\n\n<div style=\"height:100px\" aria-hidden=\"true\" class=\"wp-block-spacer\"><\/div>\n\n\n\n<p style=\"font-size:22px\">En el extranjero, sucede lo mismo: muchos tenemos amigos o familiares colombianos que migraron para tener una mejor vida en tierras lejanas, y hacer las cosas bien para contribuir al cambio y no seguir con el estigma de tramposos, ladrones, entre otros calificativos, que pueden insertar en los comentarios.<\/p>\n\n\n\n<div style=\"height:100px\" aria-hidden=\"true\" class=\"wp-block-spacer\"><\/div>\n\n\n\n<p style=\"font-size:22px\">Y no es que en otros pa\u00edses no se presente este tipo de situaciones. Incluso en los \u201cm\u00e1s civilizados\u201d, como en Alemania durante la Eurocopa, vi videos de hinchas de todas las nacionalidades d\u00e1ndose pu\u00f1os en la cara en varios partidos, pero eso es harina de otro costal, y a m\u00ed me importa mi pa\u00eds y mi gente.<\/p>\n\n\n\n<figure class=\"wp-block-image size-large\"><img data-recalc-dims=\"1\" loading=\"lazy\" decoding=\"async\" width=\"1024\" height=\"1024\" src=\"https:\/\/i0.wp.com\/elcuyabranpost.com\/wp-content\/uploads\/2024\/07\/1-3-1024x1024.png?resize=1024%2C1024&#038;ssl=1\" alt=\"\" class=\"wp-image-3412\" srcset=\"https:\/\/i0.wp.com\/elcuyabranpost.com\/wp-content\/uploads\/2024\/07\/1-3.png?resize=1024%2C1024&amp;ssl=1 1024w, https:\/\/i0.wp.com\/elcuyabranpost.com\/wp-content\/uploads\/2024\/07\/1-3.png?resize=300%2C300&amp;ssl=1 300w, https:\/\/i0.wp.com\/elcuyabranpost.com\/wp-content\/uploads\/2024\/07\/1-3.png?resize=150%2C150&amp;ssl=1 150w, https:\/\/i0.wp.com\/elcuyabranpost.com\/wp-content\/uploads\/2024\/07\/1-3.png?resize=768%2C768&amp;ssl=1 768w, https:\/\/i0.wp.com\/elcuyabranpost.com\/wp-content\/uploads\/2024\/07\/1-3.png?w=1080&amp;ssl=1 1080w\" sizes=\"(max-width: 1000px) 100vw, 1000px\" \/><\/figure>\n\n\n\n<p style=\"font-size:22px\">En redes sociales observ\u00e9 muchos videos con im\u00e1genes semejantes a las que pasan casi siempre en los eventos en nuestro pa\u00eds: mujeres y hombres de todas las edades intentando colarse en las filas y gente <em>tumbada <\/em>por los tramposos. Pero tambi\u00e9n vi otros que rayan con lo absurdo: uno de una familia con ni\u00f1os, uno de ellos en un coche, donde se met\u00edan al estadio por una reja y alzando el coche para pasar con todo el grupo familiar; y el otro, muchos meti\u00e9ndose por ductos de ventilaci\u00f3n como si fuera cualquier pel\u00edcula de Tom Cruise.<\/p>\n\n\n\n<div style=\"height:100px\" aria-hidden=\"true\" class=\"wp-block-spacer\"><\/div>\n\n\n\n<p style=\"font-size:22px\">Y eso no es todo, por si parec\u00eda poco; qu\u00e9 tal el presidente de la Federaci\u00f3n Colombiana de F\u00fatbol, Ram\u00f3n Jesur\u00fan, y su hijo, detenidos por agredir a personal de log\u00edstica en la final. De nuevo, \u00a1qu\u00e9 puta verg\u00fcenza!<\/p>\n\n\n\n<div style=\"height:100px\" aria-hidden=\"true\" class=\"wp-block-spacer\"><\/div>\n\n\n\n<p style=\"font-size:22px\">Y como se ha demostrado, lastimosamente, esto no es cuesti\u00f3n de edad, g\u00e9nero, religi\u00f3n, estrato o grado de escolaridad. Esto es cuesti\u00f3n de cultura.<\/p>\n\n\n\n<div style=\"height:100px\" aria-hidden=\"true\" class=\"wp-block-spacer\"><\/div>\n\n\n\n<p style=\"font-size:22px\">Gente, tenemos que cambiar, no podemos seguir igual. Tenemos que cambiar esos comportamientos y no aceptarlos de parte de otros, los mismos que no le hacen bien a la sociedad. Colombia y su gente debe cambiar ese aspecto cultural.<\/p>\n\n\n\n<div style=\"height:100px\" aria-hidden=\"true\" class=\"wp-block-spacer\"><\/div>\n\n\n\n<p style=\"font-size:22px\">Lo anterior, suena a una verdadera utop\u00eda. Pero como he hablado con mi mejor amigo: si no perseguimos la utop\u00eda, entonces \u00bfqu\u00e9 perseguimos?<\/p>\n\n\n\n<figure class=\"wp-block-image size-large\"><img data-recalc-dims=\"1\" loading=\"lazy\" decoding=\"async\" width=\"1024\" height=\"347\" src=\"https:\/\/i0.wp.com\/elcuyabranpost.com\/wp-content\/uploads\/2024\/06\/10-3.png?resize=1024%2C347\" alt=\"\" class=\"wp-image-3124\" srcset=\"https:\/\/i0.wp.com\/elcuyabranpost.com\/wp-content\/uploads\/2024\/06\/10-3.png?resize=1024%2C347&amp;ssl=1 1024w, https:\/\/i0.wp.com\/elcuyabranpost.com\/wp-content\/uploads\/2024\/06\/10-3.png?resize=300%2C102&amp;ssl=1 300w, https:\/\/i0.wp.com\/elcuyabranpost.com\/wp-content\/uploads\/2024\/06\/10-3.png?resize=768%2C260&amp;ssl=1 768w, https:\/\/i0.wp.com\/elcuyabranpost.com\/wp-content\/uploads\/2024\/06\/10-3.png?resize=1536%2C520&amp;ssl=1 1536w, https:\/\/i0.wp.com\/elcuyabranpost.com\/wp-content\/uploads\/2024\/06\/10-3.png?w=1920&amp;ssl=1 1920w\" sizes=\"(max-width: 1000px) 100vw, 1000px\" \/><\/figure>\n\n\n\n<hr class=\"wp-block-separator has-alpha-channel-opacity\"\/>\n\n\n\n<ul class=\"wp-block-list\" style=\"font-size:22px\">\n<li><em>Las fotos que acompa\u00f1an esta columna son de Matador (instagram.com\/matador000) y Bacteria (instagram.com\/eltajalapiz)<\/em><\/li>\n<\/ul>\n\n\n\n<ul class=\"wp-block-list\" style=\"font-size:22px\">\n<li><em>Las opiniones plasmadas ac\u00e1 no representan puntualmente la postura del medio de comunicaci\u00f3n<\/em><\/li>\n<\/ul>\n","protected":false},"excerpt":{"rendered":"<p>En mi ser solo hubo tristeza y silencio cuando el \u00e1rbitro Raphael Claus pit\u00f3 el final del partido. Fue una nueva derrota en el f\u00fatbol, y se apag\u00f3 aquella ilusi\u00f3n que ten\u00edamos los colombianos de quedar campeones de Am\u00e9rica de nuevo, luego de largos 23 a\u00f1os sin repetir un campeonato. Quede con el sinsabor de [&hellip;]<\/p>\n","protected":false},"author":1,"featured_media":3413,"comment_status":"open","ping_status":"open","sticky":false,"template":"","format":"standard","meta":{"om_disable_all_campaigns":false,"_monsterinsights_skip_tracking":false,"_monsterinsights_sitenote_active":false,"_monsterinsights_sitenote_note":"","_monsterinsights_sitenote_category":0,"_uf_show_specific_survey":0,"_uf_disable_surveys":false,"_jetpack_memberships_contains_paid_content":false,"footnotes":""},"categories":[40],"tags":[345,330,371],"class_list":["post-3411","post","type-post","status-publish","format-standard","has-post-thumbnail","hentry","category-opinion","tag-cultura-ciudadana","tag-futbol","tag-marca-pais"],"aioseo_notices":[],"jetpack_featured_media_url":"https:\/\/i0.wp.com\/elcuyabranpost.com\/wp-content\/uploads\/2024\/07\/2-4.png?fit=1080%2C1080&ssl=1","jetpack_sharing_enabled":true,"_links":{"self":[{"href":"https:\/\/elcuyabranpost.com\/index.php\/wp-json\/wp\/v2\/posts\/3411"}],"collection":[{"href":"https:\/\/elcuyabranpost.com\/index.php\/wp-json\/wp\/v2\/posts"}],"about":[{"href":"https:\/\/elcuyabranpost.com\/index.php\/wp-json\/wp\/v2\/types\/post"}],"author":[{"embeddable":true,"href":"https:\/\/elcuyabranpost.com\/index.php\/wp-json\/wp\/v2\/users\/1"}],"replies":[{"embeddable":true,"href":"https:\/\/elcuyabranpost.com\/index.php\/wp-json\/wp\/v2\/comments?post=3411"}],"version-history":[{"count":1,"href":"https:\/\/elcuyabranpost.com\/index.php\/wp-json\/wp\/v2\/posts\/3411\/revisions"}],"predecessor-version":[{"id":3414,"href":"https:\/\/elcuyabranpost.com\/index.php\/wp-json\/wp\/v2\/posts\/3411\/revisions\/3414"}],"wp:featuredmedia":[{"embeddable":true,"href":"https:\/\/elcuyabranpost.com\/index.php\/wp-json\/wp\/v2\/media\/3413"}],"wp:attachment":[{"href":"https:\/\/elcuyabranpost.com\/index.php\/wp-json\/wp\/v2\/media?parent=3411"}],"wp:term":[{"taxonomy":"category","embeddable":true,"href":"https:\/\/elcuyabranpost.com\/index.php\/wp-json\/wp\/v2\/categories?post=3411"},{"taxonomy":"post_tag","embeddable":true,"href":"https:\/\/elcuyabranpost.com\/index.php\/wp-json\/wp\/v2\/tags?post=3411"}],"curies":[{"name":"wp","href":"https:\/\/api.w.org\/{rel}","templated":true}]}}