{"id":3430,"date":"2024-07-23T08:58:55","date_gmt":"2024-07-23T13:58:55","guid":{"rendered":"https:\/\/elcuyabranpost.com\/?p=3430"},"modified":"2024-07-23T10:34:04","modified_gmt":"2024-07-23T15:34:04","slug":"que-fue-de-la-galeria-la-hija-de-la-singularidad","status":"publish","type":"post","link":"https:\/\/elcuyabranpost.com\/index.php\/2024\/07\/23\/que-fue-de-la-galeria-la-hija-de-la-singularidad\/","title":{"rendered":"\u00bfQu\u00e9 fue de La Galer\u00eda? La hija de la singularidad"},"content":{"rendered":"\n<div style=\"height:100px\" aria-hidden=\"true\" class=\"wp-block-spacer\"><\/div>\n\n\n\n<p style=\"font-size:22px\">Lo habl\u00e1bamos con una amiga: por ah\u00ed en 2016 Armenia estaba muerta. Recordamos salir a recorrer las calles un viernes o un s\u00e1bado por la noche y toparnos de frente con calles vac\u00edas te\u00f1idas de melancol\u00eda y desesperanza. La falta de oportunidades y el desempleo hab\u00edan pegado tan fuerte a la comunidad, que la ola migratoria a otras ciudades hab\u00eda expulsado a m\u00e1s gente que el mismo terremoto del 99. Y nos sent\u00edamos solos, \u00fanicos sobrevivientes de una debacle; los que nos hab\u00edamos quedado a sembrar entre los escombros.<\/p>\n\n\n\n<div style=\"height:100px\" aria-hidden=\"true\" class=\"wp-block-spacer\"><\/div>\n\n\n\n<p style=\"font-size:22px\">Y un d\u00eda, en medio de la cotidianidad gris que envolv\u00eda la ciudad, emergi\u00f3 una posibilidad. Tan ex\u00f3tica que necesitaba de dos cabezas reci\u00e9n repatriadas para poder imaginar otro futuro. Cuando nos citaron a un edificio en el marco del CAM (y que hab\u00eda funcionado por a\u00f1os como un hotel de mala muerte) asistimos extra\u00f1ados, m\u00e1s con curiosidad que con convencimiento. \u201cVamos a hacer un <em>makerspace<\/em>\u201d, nos dijeron Hern\u00e1n Dar\u00edo \u00c1lvarez y Nicol\u00e1s Gonz\u00e1lez mientras mir\u00e1bamos desde la terraza la cara m\u00e1s popular del centro de Armenia.&nbsp;<\/p>\n\n\n\n<div style=\"height:100px\" aria-hidden=\"true\" class=\"wp-block-spacer\"><\/div>\n\n\n\n<p style=\"font-size:22px\">Siguiendo conceptos desconocidos en la \u00e9poca en esta regi\u00f3n y con la ubicaci\u00f3n m\u00e1s ex\u00f3tica imaginable, nac\u00eda La Galer\u00eda. Un lugar que en solo 6 a\u00f1os le cambi\u00f3 el pensamiento a muchos y se convirti\u00f3 en la semilla de una cascada de emprendimientos y negocios, pero tambi\u00e9n de movimientos ambientalistas, sociales, culturales y pol\u00edticos.<\/p>\n\n\n\n<figure class=\"wp-block-image size-large\"><img data-recalc-dims=\"1\" loading=\"lazy\" decoding=\"async\" width=\"1024\" height=\"576\" src=\"https:\/\/i0.wp.com\/elcuyabranpost.com\/wp-content\/uploads\/2024\/07\/2-6-1024x576.png?resize=1024%2C576&#038;ssl=1\" alt=\"\" class=\"wp-image-3440\" srcset=\"https:\/\/i0.wp.com\/elcuyabranpost.com\/wp-content\/uploads\/2024\/07\/2-6.png?resize=1024%2C576&amp;ssl=1 1024w, https:\/\/i0.wp.com\/elcuyabranpost.com\/wp-content\/uploads\/2024\/07\/2-6.png?resize=300%2C169&amp;ssl=1 300w, https:\/\/i0.wp.com\/elcuyabranpost.com\/wp-content\/uploads\/2024\/07\/2-6.png?resize=768%2C432&amp;ssl=1 768w, https:\/\/i0.wp.com\/elcuyabranpost.com\/wp-content\/uploads\/2024\/07\/2-6.png?resize=1536%2C864&amp;ssl=1 1536w, https:\/\/i0.wp.com\/elcuyabranpost.com\/wp-content\/uploads\/2024\/07\/2-6.png?w=1920&amp;ssl=1 1920w\" sizes=\"(max-width: 1000px) 100vw, 1000px\" \/><\/figure>\n\n\n\n<p style=\"font-size:22px\">\u201cHay que agradecerle a Hern\u00e1n la cuesti\u00f3n del sitio en el centro de la ciudad. Cuando empezamos a buscar el lugar para la iniciativa yo quer\u00eda hacerlo al lado del restaurante El Solar. Pero \u00e9l me dec\u00eda que necesit\u00e1bamos un lugar adonde llegaran todos los buses de Armenia\u201d, comenta Gonz\u00e1lez. Y aunque fue lindo arrancar en un pulguero, hab\u00eda problemas, sobre todo para salir tarde al CAM. Entonces apareci\u00f3 una casa en el parque Sucre, la primera de dos contiguas que con el tiempo se unir\u00edan para completar el espacio. \u201cEs un lugar de encuentro, por ac\u00e1 se hace la vuelta del banco, de la notar\u00eda, de la Gobernaci\u00f3n. Cumplimos con uno de los requisitos de un negocio y es una buena ubicaci\u00f3n para todo el p\u00fablico\u201d, a\u00f1ade.<\/p>\n\n\n\n<div style=\"height:100px\" aria-hidden=\"true\" class=\"wp-block-spacer\"><\/div>\n\n\n\n<p style=\"font-size:22px\">Un experimento tan singular que no ha podido ser replicado luego de su desaparici\u00f3n. Pero la idea se mantiene. Y hablando con algunos que la vivieron desde su primer hasta su \u00faltimo d\u00eda, una idea a la que le apostar\u00edan de nuevo.<\/p>\n\n\n\n<div style=\"height:100px\" aria-hidden=\"true\" class=\"wp-block-spacer\"><\/div>\n\n\n\n<figure class=\"wp-block-image size-large\"><img data-recalc-dims=\"1\" loading=\"lazy\" decoding=\"async\" width=\"1024\" height=\"576\" src=\"https:\/\/i0.wp.com\/elcuyabranpost.com\/wp-content\/uploads\/2024\/07\/9-3-1024x576.png?resize=1024%2C576&#038;ssl=1\" alt=\"\" class=\"wp-image-3441\" srcset=\"https:\/\/i0.wp.com\/elcuyabranpost.com\/wp-content\/uploads\/2024\/07\/9-3.png?resize=1024%2C576&amp;ssl=1 1024w, https:\/\/i0.wp.com\/elcuyabranpost.com\/wp-content\/uploads\/2024\/07\/9-3.png?resize=300%2C169&amp;ssl=1 300w, https:\/\/i0.wp.com\/elcuyabranpost.com\/wp-content\/uploads\/2024\/07\/9-3.png?resize=768%2C432&amp;ssl=1 768w, https:\/\/i0.wp.com\/elcuyabranpost.com\/wp-content\/uploads\/2024\/07\/9-3.png?resize=1536%2C864&amp;ssl=1 1536w, https:\/\/i0.wp.com\/elcuyabranpost.com\/wp-content\/uploads\/2024\/07\/9-3.png?w=1920&amp;ssl=1 1920w\" sizes=\"(max-width: 1000px) 100vw, 1000px\" \/><\/figure>\n\n\n\n<p style=\"font-size:22px\"><strong>Testigos y protagonistas hasta el \u00faltimo d\u00eda<\/strong><\/p>\n\n\n\n<p style=\"font-size:22px\">Al frente m\u00edo tratan de organizar sus ideas Diego Torres, ilustrador, tatuador, fot\u00f3grafo, publicista y ahora docente (\u00bfqu\u00e9 no ha hecho este se\u00f1or?); Danilo Bocanegra, el vide\u00f3grafo, docente y 50% del cineclub La Galemba; Nicol\u00e1s Gonz\u00e1lez, profesional en Gobierno y Relaciones Internacionales, empresario gastron\u00f3mico y administrador de fincas. De los que siempre frentearon faltaron el ingeniero electr\u00f3nico Hern\u00e1n Dar\u00edo \u00c1lvarez, que no lleg\u00f3 a la cita, y \u00c1rlex Parra, impulsor de la radio on line en el Quind\u00edo (y al que olvide citar, mala m\u00eda). Todos estuvieron desde el primer hasta el \u00faltimo d\u00eda de La Galer\u00eda.<\/p>\n\n\n\n<div style=\"height:100px\" aria-hidden=\"true\" class=\"wp-block-spacer\"><\/div>\n\n\n\n<p style=\"font-size:22px\">\u00bfC\u00f3mo definir\u00edan a La Galer\u00eda? La respuesta es elusiva, lo s\u00e9: es dif\u00edcil resumirla en una sola descripci\u00f3n.<\/p>\n\n\n\n<div style=\"height:100px\" aria-hidden=\"true\" class=\"wp-block-spacer\"><\/div>\n\n\n\n<p style=\"font-size:22px\">-Cuando pensamos la idea con Hern\u00e1n cre\u00edamos que era como poner una antena para recibir propuestas de trabajo en un mercado tan limitado como este, y lo que hicimos fue tomar un esquema ya existente que era los <em>makerspaces<\/em> (espacios para el trabajo colaborativo enfocado en tecnolog\u00eda y fabricaci\u00f3n y dise\u00f1o en 3D)- describe Gonz\u00e1lez -pero como en Armenia la inclinaci\u00f3n por la industria es peque\u00f1a, aprovechamos el modelo y lo tropicalizamos, para construir el sustento social. Terminamos con un espacio de convergencia de personas con alguna idea de su oficio o quisieran hacer algo como proyecto de vida, en un espacio con los recursos necesarios para llevarlo a cabo.<\/p>\n\n\n\n<div style=\"height:100px\" aria-hidden=\"true\" class=\"wp-block-spacer\"><\/div>\n\n\n\n<p style=\"font-size:22px\">Torres coincide. \u201cEl espacio era tan flexible y permeable, que cada iniciativa le daba un tinte diferente. Si llegaba alguien con bisuter\u00eda, el espacio se tinturaba de bisuter\u00eda. \u00c9ramos una congruencia de puntos de vista, de muchas miradas, y el espacio asum\u00eda esas miradas\u201d. Bocanegra se sincera: \u201cEn un principio fue la posibilidad de tener un espacio de trabajo ajeno a mi casa. Con el tiempo me di cuenta que se pod\u00eda trabajar con otros, despoj\u00e1ndome de egos (algo raro en Armenia). Eso hizo que se creara una comunidad; en alg\u00fan momento alcanzamos a ser como una familia\u201d.<\/p>\n\n\n\n<div style=\"height:100px\" aria-hidden=\"true\" class=\"wp-block-spacer\"><\/div>\n\n\n\n<figure class=\"wp-block-image size-large\"><img data-recalc-dims=\"1\" loading=\"lazy\" decoding=\"async\" width=\"1024\" height=\"576\" src=\"https:\/\/i0.wp.com\/elcuyabranpost.com\/wp-content\/uploads\/2024\/07\/3-4-1024x576.png?resize=1024%2C576&#038;ssl=1\" alt=\"\" class=\"wp-image-3442\" srcset=\"https:\/\/i0.wp.com\/elcuyabranpost.com\/wp-content\/uploads\/2024\/07\/3-4.png?resize=1024%2C576&amp;ssl=1 1024w, https:\/\/i0.wp.com\/elcuyabranpost.com\/wp-content\/uploads\/2024\/07\/3-4.png?resize=300%2C169&amp;ssl=1 300w, https:\/\/i0.wp.com\/elcuyabranpost.com\/wp-content\/uploads\/2024\/07\/3-4.png?resize=768%2C432&amp;ssl=1 768w, https:\/\/i0.wp.com\/elcuyabranpost.com\/wp-content\/uploads\/2024\/07\/3-4.png?resize=1536%2C864&amp;ssl=1 1536w, https:\/\/i0.wp.com\/elcuyabranpost.com\/wp-content\/uploads\/2024\/07\/3-4.png?w=1920&amp;ssl=1 1920w\" sizes=\"(max-width: 1000px) 100vw, 1000px\" \/><\/figure>\n\n\n\n<p style=\"font-size:22px\"><strong>Una casa de locos<\/strong><\/p>\n\n\n\n<p style=\"font-size:22px\">\u00bfNos pusimos empalagosos? Puedo confirmar que dicen la verdad, que cuando se habla de familia no es como cuando se usa la palabra en una charla motivacional de la empresa. Lo puedo hacer porque fui parte del colectivo. En la casa cada uno ten\u00eda una oficina en la que trabajaba, pero tambi\u00e9n se colaboraba con proyectos de los dem\u00e1s. Se tuvo cineclub, se hizo huerta comunitaria, se dise\u00f1\u00f3 un marco de madera para una bicicleta, se rompi\u00f3 un Guinness Record de interpretaci\u00f3n de conga, se armaron fiestas, pataconazos, festivales de performance, clases de cocina para ni\u00f1os, festivales cristianos, Marchas Carnaval. Estuvieron desde Jes\u00fas Santrich hasta Germ\u00e1n Vargas Lleras. All\u00ed nacieron Caf\u00e9 360, El Cacharrito, Tuk Tuk. Se tatuaba, se cortaba el cabello, se hizo el peri\u00f3dico de la C\u00e1mara de Comercio, se gestaron campa\u00f1as pol\u00edticas, oper\u00f3 Calle Bohemia. Inspir\u00f3 iniciativas como Pan Rebelde, Yukasa, Casa Creactiva; el mismo Cuyabran Post lleva su ADN\u2026<\/p>\n\n\n\n<div style=\"height:100px\" aria-hidden=\"true\" class=\"wp-block-spacer\"><\/div>\n\n\n\n<p style=\"font-size:22px\">&nbsp;\u201cArranc\u00f3 como una posibilidad, pero como se abri\u00f3 a todos las opciones y escenarios, termin\u00f3 creando su propia identidad. Una de las cosas que m\u00e1s valoro es que se volvi\u00f3 parte del circuito cultural de la ciudad, \u00e9ramos referentes de lo que pasaba en la ciudad, y eso enriquec\u00eda la mirada de los participantes del espacio\u201d, a\u00f1ade Gonz\u00e1lez. \u201cLa palabra Convivencia es esencial porque porque nos oblig\u00f3 a volvernos tolerantes con personas con las que no congeni\u00e1bamos desde la forma de pensar, personales y hasta pol\u00edticas\u201d, complementa Bocanegra.<\/p>\n\n\n\n<figure class=\"wp-block-image size-large\"><img data-recalc-dims=\"1\" loading=\"lazy\" decoding=\"async\" width=\"1024\" height=\"576\" src=\"https:\/\/i0.wp.com\/elcuyabranpost.com\/wp-content\/uploads\/2024\/07\/6-4-1024x576.png?resize=1024%2C576&#038;ssl=1\" alt=\"\" class=\"wp-image-3443\" srcset=\"https:\/\/i0.wp.com\/elcuyabranpost.com\/wp-content\/uploads\/2024\/07\/6-4.png?resize=1024%2C576&amp;ssl=1 1024w, https:\/\/i0.wp.com\/elcuyabranpost.com\/wp-content\/uploads\/2024\/07\/6-4.png?resize=300%2C169&amp;ssl=1 300w, https:\/\/i0.wp.com\/elcuyabranpost.com\/wp-content\/uploads\/2024\/07\/6-4.png?resize=768%2C432&amp;ssl=1 768w, https:\/\/i0.wp.com\/elcuyabranpost.com\/wp-content\/uploads\/2024\/07\/6-4.png?resize=1536%2C864&amp;ssl=1 1536w, https:\/\/i0.wp.com\/elcuyabranpost.com\/wp-content\/uploads\/2024\/07\/6-4.png?w=1920&amp;ssl=1 1920w\" sizes=\"(max-width: 1000px) 100vw, 1000px\" \/><\/figure>\n\n\n\n<p style=\"font-size:22px\">Es el vide\u00f3grafo el que recuerda el d\u00eda en el que nadie ten\u00eda para comprar almuerzo y David Montoya (empresario del agro propietario de Ecogranja Primavera) lleg\u00f3 con unos fr\u00edjoles y una auyama. \u201cAlmorzamos como a las 3:00 de la tarde porque no ten\u00edamos ni olla pitadora y vaya ablande esos fr\u00edjoles\u201d. El cuento se reg\u00f3 por la comunidad y empezaron a surgir almuerzos comunitarios en los que todos colaboraban con algo. Fue tal el \u00e9xito que algunos invitados ajenos a la casa empezaron a pedir ampliarlos a la comunidad, y por un par de veces se vendi\u00f3 patac\u00f3n verde con salsas hechas por cada una de las organizaciones miembro.<\/p>\n\n\n\n<div style=\"height:100px\" aria-hidden=\"true\" class=\"wp-block-spacer\"><\/div>\n\n\n\n<p style=\"font-size:22px\">\u201cEmpec\u00e9 a mirar, qu\u00e9, de lo que ensay\u00e1bamos, pod\u00eda funcionar comercialmente, y me d\u00ed cuenta que el tema de la comida funcionaba\u201d, confiesa Gonz\u00e1lez, hoy propietario del restaurante Tuk Tuk en Filandia. Para m\u00ed fue un prototipo social y econ\u00f3mico en el cual examinar actividades econ\u00f3micamente viables. Fue como una incubadora\u201d. Bocanegra recuerda a Mauricio Hoyos \u201cy su trabajo durante semanas fue sentarse en una silla a pensar. De ah\u00ed sali\u00f3 El Cacharrito\u201d.<\/p>\n\n\n\n<div style=\"height:100px\" aria-hidden=\"true\" class=\"wp-block-spacer\"><\/div>\n\n\n\n<figure class=\"wp-block-image size-large\"><img data-recalc-dims=\"1\" loading=\"lazy\" decoding=\"async\" width=\"1024\" height=\"576\" src=\"https:\/\/i0.wp.com\/elcuyabranpost.com\/wp-content\/uploads\/2024\/07\/4-1-1024x576.png?resize=1024%2C576&#038;ssl=1\" alt=\"\" class=\"wp-image-3444\" srcset=\"https:\/\/i0.wp.com\/elcuyabranpost.com\/wp-content\/uploads\/2024\/07\/4-1.png?resize=1024%2C576&amp;ssl=1 1024w, https:\/\/i0.wp.com\/elcuyabranpost.com\/wp-content\/uploads\/2024\/07\/4-1.png?resize=300%2C169&amp;ssl=1 300w, https:\/\/i0.wp.com\/elcuyabranpost.com\/wp-content\/uploads\/2024\/07\/4-1.png?resize=768%2C432&amp;ssl=1 768w, https:\/\/i0.wp.com\/elcuyabranpost.com\/wp-content\/uploads\/2024\/07\/4-1.png?resize=1536%2C864&amp;ssl=1 1536w, https:\/\/i0.wp.com\/elcuyabranpost.com\/wp-content\/uploads\/2024\/07\/4-1.png?w=1920&amp;ssl=1 1920w\" sizes=\"(max-width: 1000px) 100vw, 1000px\" \/><\/figure>\n\n\n\n<p style=\"font-size:22px\"><strong>El d\u00eda en que se resquebraj\u00f3<\/strong><\/p>\n\n\n\n<p style=\"font-size:22px\">La confluencia de tantas miradas, tantos procesos, tanta diversidad, termin\u00f3 haciendo ebullici\u00f3n y reventando el caldero. Y mientras La Galer\u00eda cerraba, los grupos que hab\u00edan hecho <em>match<\/em> por sus planteamientos y actividades tomaron camino aparte para abrir otras \u2018galer\u00edas\u2019. Fue un momento en el que parec\u00eda que el modelo se iba a multiplicar en diversas casas de coworking. Hoy \u2013hasta donde me alcanza la memoria- no queda ninguna.<\/p>\n\n\n\n<div style=\"height:100px\" aria-hidden=\"true\" class=\"wp-block-spacer\"><\/div>\n\n\n\n<p style=\"font-size:22px\">\u201cNo consideramos que seamos el punto de partida para ellas, pero s\u00ed que el pensamiento de la ciudad fue permeado con el concepto de trabajo colaborativo. Nosotros le apuntamos a un nicho de mercado que no estaba definido: era una puerta abierta para quien quisiera. Personas con un perfil muy amplio. El problema de los sitios que nacieron luego es que estaban muy especializados, y eso en una ciudad tan peque\u00f1a, hace que el mercado sea muy reducido\u201d, explica Torres. <\/p>\n\n\n\n<div style=\"height:100px\" aria-hidden=\"true\" class=\"wp-block-spacer\"><\/div>\n\n\n\n<p style=\"font-size:22px\">De hecho, el modelo, luego de \u2018tropicalizarse\u2019, trat\u00f3 tambi\u00e9n de ser implementado por entidades como la C\u00e1mara de Comercio, Parquesoft o la Alcald\u00eda de Armenia. Los tres concuerdan que mientras las iniciativas m\u00e1s sofisticadas y corporativas contaban con los recursos de los que careci\u00f3 La Galer\u00eda, fallaban en no tener la estructura social que era la base para que funcionaran los proyectos. El hecho de que adem\u00e1s de pagar el canon de arrendamiento (uno absurdamente bajo), los miembros se tuvieran que hacer cargo de cosas como el aseo del inmueble, gener\u00f3 capital social dif\u00edcil de alcanzar para una persona \u201csi no le duele la casa\u201d.<\/p>\n\n\n\n<figure class=\"wp-block-image size-large\"><img data-recalc-dims=\"1\" loading=\"lazy\" decoding=\"async\" width=\"1024\" height=\"576\" src=\"https:\/\/i0.wp.com\/elcuyabranpost.com\/wp-content\/uploads\/2024\/07\/8-3-1024x576.png?resize=1024%2C576&#038;ssl=1\" alt=\"\" class=\"wp-image-3445\" srcset=\"https:\/\/i0.wp.com\/elcuyabranpost.com\/wp-content\/uploads\/2024\/07\/8-3.png?resize=1024%2C576&amp;ssl=1 1024w, https:\/\/i0.wp.com\/elcuyabranpost.com\/wp-content\/uploads\/2024\/07\/8-3.png?resize=300%2C169&amp;ssl=1 300w, https:\/\/i0.wp.com\/elcuyabranpost.com\/wp-content\/uploads\/2024\/07\/8-3.png?resize=768%2C432&amp;ssl=1 768w, https:\/\/i0.wp.com\/elcuyabranpost.com\/wp-content\/uploads\/2024\/07\/8-3.png?resize=1536%2C864&amp;ssl=1 1536w, https:\/\/i0.wp.com\/elcuyabranpost.com\/wp-content\/uploads\/2024\/07\/8-3.png?w=1920&amp;ssl=1 1920w\" sizes=\"(max-width: 1000px) 100vw, 1000px\" \/><\/figure>\n\n\n\n<p style=\"font-size:22px\">-Bueno, pero \u00bfLa Galer\u00eda se acab\u00f3 por falta de plata?<\/p>\n\n\n\n<div style=\"height:100px\" aria-hidden=\"true\" class=\"wp-block-spacer\"><\/div>\n\n\n\n<p style=\"font-size:22px\">\u201cEn un principio con Hern\u00e1n planteamos la din\u00e1mica, pero la gran revoluci\u00f3n que hay que reconocerle a \u00e9l, es que ide\u00f3 la forma para que se autosostuviera y no tuvi\u00e9ramos que sacar plata de nuestros bolsillos, sino que con lo que se recog\u00eda se financiaba el m\u00ednimo viable, pero no como un modelo econ\u00f3mico propiamente dicho. En gran medida fue lo que uni\u00f3 a la gente porque todos sab\u00edan que no nos est\u00e1bamos lucrando de esto: a m\u00ed nunca me dio para tomarme un caf\u00e9, me dio para tener d\u00f3nde tom\u00e1rmelo\u201d, confes\u00f3 Gonz\u00e1lez. \u201cNo nos dio plata, antes nos quit\u00f3\u201d, a\u00f1ade entre risas Bocanegra.<\/p>\n\n\n\n<div style=\"height:100px\" aria-hidden=\"true\" class=\"wp-block-spacer\"><\/div>\n\n\n\n<p style=\"font-size:22px\">Eso hizo que nunca se tuviera la posibilidad de tener una especie de administrador. Simplemente no hab\u00eda con qu\u00e9 pagar por su trabajo. Y mientras en su momento se pens\u00f3 como un ideal deseable pero no absolutamente necesario, mirando hacia atr\u00e1s la experiencia todos reconocen que fue la falta de esa figura la que termin\u00f3 con el colectivo. A\u00fan as\u00ed, todos se plantean regularmente c\u00f3mo ser\u00eda abrir de nuevo. Porque las ganas subsisten, porque Armenia lo necesita, porque durante esos 6 a\u00f1os La Galer\u00eda irrumpi\u00f3 en una sociedad medio pacata, conformista y por qu\u00e9 no decirlo, clasista, y le abri\u00f3 el espectro a una generaci\u00f3n que hoy adelanta iniciativas con altos niveles de innovaci\u00f3n en todos los \u00e1mbitos. Necesitamos una Galer\u00eda, las universidades la necesitan, los Gobiernos lo necesitan. Y no todo est\u00e1 perdido; de hecho, la original naci\u00f3 de una conversaci\u00f3n tomando tinto muy parecida a la de esta entrevista.<\/p>\n\n\n\n<div style=\"height:100px\" aria-hidden=\"true\" class=\"wp-block-spacer\"><\/div>\n\n\n\n<p style=\"font-size:22px\"><em>De antemano mil disculpas a todos los que pasaron por el espacio y no fueron entrevistados. Entender\u00e1n que La Galer\u00eda da para un libro entero\u2026<\/em><\/p>\n","protected":false},"excerpt":{"rendered":"<p>Lo habl\u00e1bamos con una amiga: por ah\u00ed en 2016 Armenia estaba muerta. Recordamos salir a recorrer las calles un viernes o un s\u00e1bado por la noche y toparnos de frente con calles vac\u00edas te\u00f1idas de melancol\u00eda y desesperanza. La falta de oportunidades y el desempleo hab\u00edan pegado tan fuerte a la comunidad, que la ola [&hellip;]<\/p>\n","protected":false},"author":1,"featured_media":3439,"comment_status":"open","ping_status":"open","sticky":false,"template":"","format":"standard","meta":{"om_disable_all_campaigns":false,"_monsterinsights_skip_tracking":false,"_monsterinsights_sitenote_active":false,"_monsterinsights_sitenote_note":"","_monsterinsights_sitenote_category":0,"_uf_show_specific_survey":0,"_uf_disable_surveys":false,"_jetpack_memberships_contains_paid_content":false,"footnotes":""},"categories":[105],"tags":[377,376,372,375,373,374],"class_list":["post-3430","post","type-post","status-publish","format-standard","has-post-thumbnail","hentry","category-plataforma","tag-activismo","tag-capital-social","tag-coworking","tag-emprendimiento","tag-makerspace","tag-trabajo-colaborativo"],"aioseo_notices":[],"jetpack_featured_media_url":"https:\/\/i0.wp.com\/elcuyabranpost.com\/wp-content\/uploads\/2024\/07\/1.gif?fit=1152%2C648&ssl=1","jetpack_sharing_enabled":true,"_links":{"self":[{"href":"https:\/\/elcuyabranpost.com\/index.php\/wp-json\/wp\/v2\/posts\/3430"}],"collection":[{"href":"https:\/\/elcuyabranpost.com\/index.php\/wp-json\/wp\/v2\/posts"}],"about":[{"href":"https:\/\/elcuyabranpost.com\/index.php\/wp-json\/wp\/v2\/types\/post"}],"author":[{"embeddable":true,"href":"https:\/\/elcuyabranpost.com\/index.php\/wp-json\/wp\/v2\/users\/1"}],"replies":[{"embeddable":true,"href":"https:\/\/elcuyabranpost.com\/index.php\/wp-json\/wp\/v2\/comments?post=3430"}],"version-history":[{"count":5,"href":"https:\/\/elcuyabranpost.com\/index.php\/wp-json\/wp\/v2\/posts\/3430\/revisions"}],"predecessor-version":[{"id":3465,"href":"https:\/\/elcuyabranpost.com\/index.php\/wp-json\/wp\/v2\/posts\/3430\/revisions\/3465"}],"wp:featuredmedia":[{"embeddable":true,"href":"https:\/\/elcuyabranpost.com\/index.php\/wp-json\/wp\/v2\/media\/3439"}],"wp:attachment":[{"href":"https:\/\/elcuyabranpost.com\/index.php\/wp-json\/wp\/v2\/media?parent=3430"}],"wp:term":[{"taxonomy":"category","embeddable":true,"href":"https:\/\/elcuyabranpost.com\/index.php\/wp-json\/wp\/v2\/categories?post=3430"},{"taxonomy":"post_tag","embeddable":true,"href":"https:\/\/elcuyabranpost.com\/index.php\/wp-json\/wp\/v2\/tags?post=3430"}],"curies":[{"name":"wp","href":"https:\/\/api.w.org\/{rel}","templated":true}]}}