{"id":3489,"date":"2024-07-26T17:06:22","date_gmt":"2024-07-26T22:06:22","guid":{"rendered":"https:\/\/elcuyabranpost.com\/?p=3489"},"modified":"2024-08-01T11:01:01","modified_gmt":"2024-08-01T16:01:01","slug":"una-nueva-generacion-de-materiales-de-construccion-busca-mitigar-el-calor-en-las-ciudades","status":"publish","type":"post","link":"https:\/\/elcuyabranpost.com\/index.php\/2024\/07\/26\/una-nueva-generacion-de-materiales-de-construccion-busca-mitigar-el-calor-en-las-ciudades\/","title":{"rendered":"Una nueva generaci\u00f3n de materiales de construcci\u00f3n busca mitigar el calor en las ciudades"},"content":{"rendered":"\n<div style=\"height:100px\" aria-hidden=\"true\" class=\"wp-block-spacer\"><\/div>\n\n\n\n<p style=\"font-size:22px\">\u00bfSintieron calor la semana pasada? \u00bfC\u00f3mo les fue con el veranito del lunes? \u00bfFuerte? Pues resulta que la fecha se convirti\u00f3 en un hito hist\u00f3rico para la historia del planeta. De acuerdo con el servicio europeo de cambio clim\u00e1tico Copernicus, que monitorea, entre otros datos, el clima global, el 22 de julio de 2024 ha sido el d\u00eda m\u00e1s caluroso en la historia de la Tierra: una temperatura media global de 17,15 grados Celsius (62,87 grados Fahrenheit). Las alarmas no solo saltan por romper el r\u00e9cord, sino porque adem\u00e1s bati\u00f3 el anterior, registrado apenas el a\u00f1o pasado, tambi\u00e9n en julio: fue el momento en el que el planeta super\u00f3 por primera vez la barrera de los 17 grados cent\u00edgrados.<\/p>\n\n\n\n<div style=\"height:100px\" aria-hidden=\"true\" class=\"wp-block-spacer\"><\/div>\n\n\n\n<p style=\"font-size:22px\">El tema tiene mucho de d\u00f3nde abordar, por la cantidad de variables que involucra, de responsables que tiene cada una, y de ecosistemas y especies afectadas. Y como toda actividad humana, la construcci\u00f3n se est\u00e1 autoanalizando, explorando posibilidades para reducir su huella de carbono y sumar en un esfuerzo que, esperamos como especie, no sea demasiado tard\u00edo. Por eso el eje central del XXII Encuentro de Constructores ofrecido por SIKA en Armenia el pasado jueves 25 de julio gir\u00f3 en torno a la sostenibilidad ambiental.<\/p>\n\n\n\n<div style=\"height:100px\" aria-hidden=\"true\" class=\"wp-block-spacer\"><\/div>\n\n\n\n<p style=\"font-size:22px\">Mar\u00eda Cristina Escobar Valencia, especificador l\u00edder Sika Colombia, fue quien expuso las iniciativas que, desde la compa\u00f1\u00eda de insumos qu\u00edmicos, se adelantan. Pero adem\u00e1s, la manera en la que desde el sector constructor se puede abordar la actividad ofreciendo alternativas amigables para ayudar al planeta a regular su temperatura.<\/p>\n\n\n\n<figure class=\"wp-block-image size-large\"><img data-recalc-dims=\"1\" loading=\"lazy\" decoding=\"async\" width=\"1024\" height=\"576\" src=\"https:\/\/i0.wp.com\/elcuyabranpost.com\/wp-content\/uploads\/2024\/07\/4-2-1024x576.png?resize=1024%2C576&#038;ssl=1\" alt=\"\" class=\"wp-image-3491\" srcset=\"https:\/\/i0.wp.com\/elcuyabranpost.com\/wp-content\/uploads\/2024\/07\/4-2.png?resize=1024%2C576&amp;ssl=1 1024w, https:\/\/i0.wp.com\/elcuyabranpost.com\/wp-content\/uploads\/2024\/07\/4-2.png?resize=300%2C169&amp;ssl=1 300w, https:\/\/i0.wp.com\/elcuyabranpost.com\/wp-content\/uploads\/2024\/07\/4-2.png?resize=768%2C432&amp;ssl=1 768w, https:\/\/i0.wp.com\/elcuyabranpost.com\/wp-content\/uploads\/2024\/07\/4-2.png?resize=1536%2C864&amp;ssl=1 1536w, https:\/\/i0.wp.com\/elcuyabranpost.com\/wp-content\/uploads\/2024\/07\/4-2.png?w=1920&amp;ssl=1 1920w\" sizes=\"(max-width: 1000px) 100vw, 1000px\" \/><\/figure>\n\n\n\n<p style=\"font-size:22px\">\u201cTodo Colombia est\u00e1 en un nivel muy bajo de consciencia para lograr un impacto real y poder decir que la construcci\u00f3n es una actividad \u2018limpia\u2019. Si de 5 tipos de actores que se involucran en la cadena (los que entregamos el producto, los que lo reciben, los que construyen, los que hacen la disposici\u00f3n final y los usuarios que lo adquieren), solo algunos se comprometen a desarrollar acciones orientadas a mitigar el impacto medioambiental, no vamos a lograr una sinergia que permita un resultado concreto y tangible\u201d.<\/p>\n\n\n\n<div style=\"height:100px\" aria-hidden=\"true\" class=\"wp-block-spacer\"><\/div>\n\n\n\n<p style=\"font-size:22px\">El panorama, de acuerdo con la conferencista, es m\u00e1s precario a\u00fan en las ciudades emergentes, como Armenia, en parte porque algunos de los actores involucrados no perciben una ganancia real en la adopci\u00f3n de este tipo de pr\u00e1cticas.<\/p>\n\n\n\n<div style=\"height:100px\" aria-hidden=\"true\" class=\"wp-block-spacer\"><\/div>\n\n\n\n<figure class=\"wp-block-image size-large\"><img data-recalc-dims=\"1\" loading=\"lazy\" decoding=\"async\" width=\"1024\" height=\"576\" src=\"https:\/\/i0.wp.com\/elcuyabranpost.com\/wp-content\/uploads\/2024\/07\/3-5-1024x576.png?resize=1024%2C576&#038;ssl=1\" alt=\"\" class=\"wp-image-3492\" srcset=\"https:\/\/i0.wp.com\/elcuyabranpost.com\/wp-content\/uploads\/2024\/07\/3-5.png?resize=1024%2C576&amp;ssl=1 1024w, https:\/\/i0.wp.com\/elcuyabranpost.com\/wp-content\/uploads\/2024\/07\/3-5.png?resize=300%2C169&amp;ssl=1 300w, https:\/\/i0.wp.com\/elcuyabranpost.com\/wp-content\/uploads\/2024\/07\/3-5.png?resize=768%2C432&amp;ssl=1 768w, https:\/\/i0.wp.com\/elcuyabranpost.com\/wp-content\/uploads\/2024\/07\/3-5.png?resize=1536%2C864&amp;ssl=1 1536w, https:\/\/i0.wp.com\/elcuyabranpost.com\/wp-content\/uploads\/2024\/07\/3-5.png?w=1920&amp;ssl=1 1920w\" sizes=\"(max-width: 1000px) 100vw, 1000px\" \/><\/figure>\n\n\n\n<p style=\"font-size:22px\"><strong>Co creando islas de calor<\/strong><\/p>\n\n\n\n<p style=\"font-size:22px\">Abrimos esta nota hablando de fen\u00f3menos que nos ata\u00f1en a todos sin excepci\u00f3n de nuestro entorno. Pero tal vez uno de los ambientes que m\u00e1s sufra de las altas temperaturas sean las ciudades. Ya lo hab\u00edamos hablado <a href=\"https:\/\/elcuyabranpost.com\/index.php\/2023\/07\/04\/primavera-cero-armenia-se-esta-quedando-sin-arboles\/\" title=\"\">en una nota en El Cuyabran Post<\/a>, en donde revisamos la costumbre (fea pero necesaria, seg\u00fan algunas entidades) de eliminar arbolado urbano y dejarnos viviendo en una placa de concreto en donde nos rebote el sol en la cara.<\/p>\n\n\n\n<div style=\"height:100px\" aria-hidden=\"true\" class=\"wp-block-spacer\"><\/div>\n\n\n\n<p style=\"font-size:22px\">Este tipo de condiciones son las que han creado un efecto denominado \u2018Islas de Calor\u2019: la aglomeraci\u00f3n de poblaciones viviendo concentradas, con veh\u00edculos emitiendo gases de efecto invernadero y equipos el\u00e9ctricos encendidos, se suman a superficies existentes en edificios, calles, aceras y asfalto, cuya composici\u00f3n retiene m\u00e1s el calor del sol, que los campos o los bosques; espacios que, por sus cualidades naturales, ofrecen una mayor capacidad de enfriamiento.<\/p>\n\n\n\n<div style=\"height:100px\" aria-hidden=\"true\" class=\"wp-block-spacer\"><\/div>\n\n\n\n<p style=\"font-size:22px\">\u201cNos enfrentamos a dos panoramas: el efecto invernadero y el tema del cambio clim\u00e1tico. Con los adecuados m\u00e9todos de construcci\u00f3n, y nosotros como productores de sistemas qu\u00edmicos sostenibles, buscamos aportar a que la absorci\u00f3n del calor se reduzca para permitir un menor consumo de agua y de energ\u00eda; que al instalar estos productos se mejore la condici\u00f3n de confort t\u00e9rmico al interior de un inmueble, evitando que se deba usar calefacci\u00f3n o aire acondicionado\u201d, aclara Escobar Valencia.<\/p>\n\n\n\n<figure class=\"wp-block-image size-large\"><img data-recalc-dims=\"1\" loading=\"lazy\" decoding=\"async\" width=\"1024\" height=\"576\" src=\"https:\/\/i0.wp.com\/elcuyabranpost.com\/wp-content\/uploads\/2024\/07\/2-7-1024x576.png?resize=1024%2C576&#038;ssl=1\" alt=\"\" class=\"wp-image-3493\" srcset=\"https:\/\/i0.wp.com\/elcuyabranpost.com\/wp-content\/uploads\/2024\/07\/2-7.png?resize=1024%2C576&amp;ssl=1 1024w, https:\/\/i0.wp.com\/elcuyabranpost.com\/wp-content\/uploads\/2024\/07\/2-7.png?resize=300%2C169&amp;ssl=1 300w, https:\/\/i0.wp.com\/elcuyabranpost.com\/wp-content\/uploads\/2024\/07\/2-7.png?resize=768%2C432&amp;ssl=1 768w, https:\/\/i0.wp.com\/elcuyabranpost.com\/wp-content\/uploads\/2024\/07\/2-7.png?resize=1536%2C864&amp;ssl=1 1536w, https:\/\/i0.wp.com\/elcuyabranpost.com\/wp-content\/uploads\/2024\/07\/2-7.png?w=1920&amp;ssl=1 1920w\" sizes=\"(max-width: 1000px) 100vw, 1000px\" \/><\/figure>\n\n\n\n<p style=\"font-size:22px\">De parte del Gobierno y del usuario final \u2013el consumidor de la cadena- ya se empiezan a valorar estas acciones. Certificaciones como LEED (Leadership in Energy and Environmental Design), reconocen las edificaciones que, por medio de su dise\u00f1o y pr\u00e1cticas en la construcci\u00f3n, reducen su impacto medioambiental y mejoren la calidad de vida de sus ocupantes a nivel internacional. Por su parte la certificaci\u00f3n EDGE va m\u00e1s all\u00e1, permiti\u00e9ndole a un desarrollador calcular el consumo que tendr\u00e1.<\/p>\n\n\n\n<div style=\"height:100px\" aria-hidden=\"true\" class=\"wp-block-spacer\"><\/div>\n\n\n\n<p style=\"font-size:22px\">\u201cLa metodolog\u00eda requiere de una precertificaci\u00f3n, que arroja unos par\u00e1metros que se deben cumplir para que, al entregar en operaci\u00f3n el proyecto, se logre certificar. Es una gu\u00eda de qu\u00e9 actividades, productos y acciones se deben realizar\u201d. A\u00f1ade que el an\u00e1lisis efectuado no solo contempla la etapa de ejecuci\u00f3n de la obra, sino tambi\u00e9n cuando esta es ocupada por quienes la hayan adquirido. \u201cEso genera r\u00e9ditos para la constructora (en tasas de cr\u00e9dito diferenciales y beneficios tributarios), pero tambi\u00e9n para el propietario que compra el inmueble y lo ve reflejado en menores costos de servicios p\u00fablicos, una mayor valorizaci\u00f3n y precio de reventa a futuro y descuentos en la tasa de inter\u00e9s para cr\u00e9ditos hipotecarios\u201d.<\/p>\n\n\n\n<div style=\"height:100px\" aria-hidden=\"true\" class=\"wp-block-spacer\"><\/div>\n\n\n\n<p style=\"font-size:22px\">Algo particular de esta certificaci\u00f3n es que se eval\u00faan, incluso, temas como el desplazamiento de las materias primas hasta el sitio de la obra (para medir las emisiones), y exige una reducci\u00f3n de por lo menos un 20% en el uso de energ\u00eda, agua y carbono incorporado en los materiales, comparados con un edificio est\u00e1ndar local. Sika lo sabe y por eso ha definido una fuerte estrategia que incluye la recuperaci\u00f3n y reaprovechamiento de agua, el uso de energ\u00eda solar, pr\u00e1cticas de econom\u00eda circular, una efectiva gesti\u00f3n de residuos s\u00f3lidos y la obtenci\u00f3n en 2022 del estatus de empresa carbononeutral.<\/p>\n","protected":false},"excerpt":{"rendered":"<p>\u00bfSintieron calor la semana pasada? \u00bfC\u00f3mo les fue con el veranito del lunes? \u00bfFuerte? Pues resulta que la fecha se convirti\u00f3 en un hito hist\u00f3rico para la historia del planeta. De acuerdo con el servicio europeo de cambio clim\u00e1tico Copernicus, que monitorea, entre otros datos, el clima global, el 22 de julio de 2024 ha [&hellip;]<\/p>\n","protected":false},"author":1,"featured_media":3490,"comment_status":"open","ping_status":"open","sticky":false,"template":"","format":"standard","meta":{"om_disable_all_campaigns":false,"_monsterinsights_skip_tracking":false,"_monsterinsights_sitenote_active":false,"_monsterinsights_sitenote_note":"","_monsterinsights_sitenote_category":0,"_uf_show_specific_survey":0,"_uf_disable_surveys":false,"_jetpack_memberships_contains_paid_content":false,"footnotes":""},"categories":[16],"tags":[6,43,385,386,199],"class_list":["post-3489","post","type-post","status-publish","format-standard","has-post-thumbnail","hentry","category-elpostreporta","tag-cambio-climatico","tag-construccion","tag-efecto-invernadero","tag-huella-de-carbono","tag-sostenibilidad"],"aioseo_notices":[],"jetpack_featured_media_url":"https:\/\/i0.wp.com\/elcuyabranpost.com\/wp-content\/uploads\/2024\/07\/Diseno-sin-titulo-11-1.gif?fit=1152%2C648&ssl=1","jetpack_sharing_enabled":true,"_links":{"self":[{"href":"https:\/\/elcuyabranpost.com\/index.php\/wp-json\/wp\/v2\/posts\/3489"}],"collection":[{"href":"https:\/\/elcuyabranpost.com\/index.php\/wp-json\/wp\/v2\/posts"}],"about":[{"href":"https:\/\/elcuyabranpost.com\/index.php\/wp-json\/wp\/v2\/types\/post"}],"author":[{"embeddable":true,"href":"https:\/\/elcuyabranpost.com\/index.php\/wp-json\/wp\/v2\/users\/1"}],"replies":[{"embeddable":true,"href":"https:\/\/elcuyabranpost.com\/index.php\/wp-json\/wp\/v2\/comments?post=3489"}],"version-history":[{"count":3,"href":"https:\/\/elcuyabranpost.com\/index.php\/wp-json\/wp\/v2\/posts\/3489\/revisions"}],"predecessor-version":[{"id":3511,"href":"https:\/\/elcuyabranpost.com\/index.php\/wp-json\/wp\/v2\/posts\/3489\/revisions\/3511"}],"wp:featuredmedia":[{"embeddable":true,"href":"https:\/\/elcuyabranpost.com\/index.php\/wp-json\/wp\/v2\/media\/3490"}],"wp:attachment":[{"href":"https:\/\/elcuyabranpost.com\/index.php\/wp-json\/wp\/v2\/media?parent=3489"}],"wp:term":[{"taxonomy":"category","embeddable":true,"href":"https:\/\/elcuyabranpost.com\/index.php\/wp-json\/wp\/v2\/categories?post=3489"},{"taxonomy":"post_tag","embeddable":true,"href":"https:\/\/elcuyabranpost.com\/index.php\/wp-json\/wp\/v2\/tags?post=3489"}],"curies":[{"name":"wp","href":"https:\/\/api.w.org\/{rel}","templated":true}]}}