{"id":3564,"date":"2024-08-05T15:39:22","date_gmt":"2024-08-05T20:39:22","guid":{"rendered":"https:\/\/elcuyabranpost.com\/?p=3564"},"modified":"2024-08-05T15:40:18","modified_gmt":"2024-08-05T20:40:18","slug":"70-actividades-gratuitas-buscan-consolidar-la-industria-de-las-tecnologias-en-el-eje","status":"publish","type":"post","link":"https:\/\/elcuyabranpost.com\/index.php\/2024\/08\/05\/70-actividades-gratuitas-buscan-consolidar-la-industria-de-las-tecnologias-en-el-eje\/","title":{"rendered":"70 actividades gratuitas buscan consolidar la industria de las Tecnolog\u00edas en el Eje"},"content":{"rendered":"\n<div style=\"height:100px\" aria-hidden=\"true\" class=\"wp-block-spacer\"><\/div>\n\n\n\n<p style=\"font-size:22px\">Hicimos un checklist mental: El Eje Cafetero tiene programas t\u00e9cnicos y universitarios orientados a las nuevas tecnolog\u00edas; por tanto, hay mano de obra calificada. Hay servicios financieros, incubadoras de empresas, buena conectividad. A\u00fan as\u00ed llevamos unos 20 a\u00f1os tratando de consolidar un ecosistema de innovaci\u00f3n y emprendimiento que gire en torno a start up, y seguimos pegados, mir\u00e1ndonos extra\u00f1ados los unos a los otros mientras los talentos se van a trabajar a otras regiones o afuera del pa\u00eds.<\/p>\n\n\n\n<div style=\"height:100px\" aria-hidden=\"true\" class=\"wp-block-spacer\"><\/div>\n\n\n\n<p style=\"font-size:22px\">\u00bfSer\u00e1 que falta un trabajo de mayor relacionamiento? \u00bfDe buscar sinergias, alianzas, articulaciones con otros actores de la regi\u00f3n? Esto mismo lo debieron pensar los miembros de El Hub Ventures cuando, de la mano con Incubar Manizales, decidieron crear en la regi\u00f3n una semana para generar lo que en este entorno se conoce como networking: el proceso de hacer relaciones que se traduzcan en valor real y tangible para los emprendimientos. As\u00ed naci\u00f3 el Eje Tech Week, el evento que estar\u00e1 realiz\u00e1ndose en Quind\u00edo, Caldas y Risaralda para ofrecer espacios donde conversar, gestar oportunidades y conocer personas que podr\u00edan ser influyentes en carreras y proyectos a futuro (o por qu\u00e9 no, de manera inmediata).<\/p>\n\n\n\n<div style=\"height:100px\" aria-hidden=\"true\" class=\"wp-block-spacer\"><\/div>\n\n\n\n<p style=\"font-size:22px\">Hablamos con Juli\u00e1n Arango, de El Hub Ventures, para que nos contara de qu\u00e9 se trata todo este merequetenge tecnol\u00f3gico.<\/p>\n\n\n\n<div style=\"height:100px\" aria-hidden=\"true\" class=\"wp-block-spacer\"><\/div>\n\n\n\n<p style=\"font-size:22px\">\u201cEs que ac\u00e1 est\u00e1 todo por hacer\u201d, explica, \u201cdesde la fundaci\u00f3n hicimos parte de la elaboraci\u00f3n de un estudio que la Andi del Futuro (la c\u00e1mara de la Asociaci\u00f3n Nacional de Industriales enfocada en el emprendimiento y la aceleraci\u00f3n) y la aceleradora de negocios Rockstar, y encontramos datos preocupantes. Mientras Manizales aparece en el cuarto lugar de ecosistemas de emprendimiento del pa\u00eds, Pereira y Armenia se consideran como incipientes. Y de las m\u00e1s de 1.700 start up del pa\u00eds, el Eje Cafetero tiene menos del 1%. Estamos muy lejos de lo que podr\u00eda ser calificados como de alto impacto. En innovaci\u00f3n ni siquiera aparecemos. Por eso queremos cimentar las bases de lo que ser\u00eda un desarrollo, conectando a los actores con las nuevas iniciativas, y potenciar eso desde nuestros saberes\u201d.<\/p>\n\n\n\n<figure class=\"wp-block-image size-large\"><img data-recalc-dims=\"1\" loading=\"lazy\" decoding=\"async\" width=\"1024\" height=\"576\" src=\"https:\/\/i0.wp.com\/elcuyabranpost.com\/wp-content\/uploads\/2024\/08\/1-1.png?resize=1024%2C576\" alt=\"\" class=\"wp-image-3565\" srcset=\"https:\/\/i0.wp.com\/elcuyabranpost.com\/wp-content\/uploads\/2024\/08\/1-1.png?resize=1024%2C576&amp;ssl=1 1024w, https:\/\/i0.wp.com\/elcuyabranpost.com\/wp-content\/uploads\/2024\/08\/1-1.png?resize=300%2C169&amp;ssl=1 300w, https:\/\/i0.wp.com\/elcuyabranpost.com\/wp-content\/uploads\/2024\/08\/1-1.png?resize=768%2C432&amp;ssl=1 768w, https:\/\/i0.wp.com\/elcuyabranpost.com\/wp-content\/uploads\/2024\/08\/1-1.png?resize=1536%2C864&amp;ssl=1 1536w, https:\/\/i0.wp.com\/elcuyabranpost.com\/wp-content\/uploads\/2024\/08\/1-1.png?w=1920&amp;ssl=1 1920w\" sizes=\"(max-width: 1000px) 100vw, 1000px\" \/><\/figure>\n\n\n\n<p style=\"font-size:22px\">De ah\u00ed que se hayan programado m\u00e1s de 70 sesiones en las tres capitales, incluyendo actividades con speakers, founders (los personajes que desarrollan una idea de negocio hasta concretarla), un Fuckup Night (en la que los empresarios exitosos cuentan cu\u00e1ndo la cagaron y lo que aprendieron de ello), desconferencias (donde cualquiera se puede convertir en el conferencista), colaboratorios y conversatorios, pero tambi\u00e9n actividades de reforestaci\u00f3n, torneos de padel y tenis, una carrera creada por la Media Marat\u00f3n Quind\u00edo &#8211; MMQ, un c\u00f3ctel en Helena Adentro de Filandia y una cena con los speakers.<\/p>\n\n\n\n<div style=\"height:100px\" aria-hidden=\"true\" class=\"wp-block-spacer\"><\/div>\n\n\n\n<p style=\"font-size:22px\">\u201cQueremos quitarle tanta formalidad a los eventos, porque lo que hemos aprendido de las ruedas de negocio es que no sirven. Los contactos que valen son los que haces en los pasillos, cuando ves a la persona que te interesa, la invitas a un caf\u00e9 y expones tu proyecto en 5 minutos\u201d, revela. Para Arango, el hecho de que, por ejemplo, la se\u00f1ora de la tienda del barrio vaya y logre aprender algo, ser\u00eda un logro importante. Sin embargo es consciente de cu\u00e1l es el p\u00fablico objetivo.<\/p>\n\n\n\n<div style=\"height:100px\" aria-hidden=\"true\" class=\"wp-block-spacer\"><\/div>\n\n\n\n<p style=\"font-size:22px\">-S\u00e9 que quienes m\u00e1s le van a sacar provecho son los emprendedores, los aspirantes a emprendedores, y quienes est\u00e1n estudiando y quieren a futuro emprender o conseguir un trabajo en la industria de las TI.<\/p>\n\n\n\n<div style=\"height:100px\" aria-hidden=\"true\" class=\"wp-block-spacer\"><\/div>\n\n\n\n<p style=\"font-size:22px\">-Bueno, pero\u2026 cu\u00e1les son las oportunidades de este rengl\u00f3n de la econom\u00eda en el Eje?- le pregunto.<\/p>\n\n\n\n<figure class=\"wp-block-image size-large\"><img data-recalc-dims=\"1\" loading=\"lazy\" decoding=\"async\" width=\"1024\" height=\"576\" src=\"https:\/\/i0.wp.com\/elcuyabranpost.com\/wp-content\/uploads\/2024\/08\/2-2-1024x576.png?resize=1024%2C576&#038;ssl=1\" alt=\"\" class=\"wp-image-3568\" srcset=\"https:\/\/i0.wp.com\/elcuyabranpost.com\/wp-content\/uploads\/2024\/08\/2-2.png?resize=1024%2C576&amp;ssl=1 1024w, https:\/\/i0.wp.com\/elcuyabranpost.com\/wp-content\/uploads\/2024\/08\/2-2.png?resize=300%2C169&amp;ssl=1 300w, https:\/\/i0.wp.com\/elcuyabranpost.com\/wp-content\/uploads\/2024\/08\/2-2.png?resize=768%2C432&amp;ssl=1 768w, https:\/\/i0.wp.com\/elcuyabranpost.com\/wp-content\/uploads\/2024\/08\/2-2.png?resize=1536%2C864&amp;ssl=1 1536w, https:\/\/i0.wp.com\/elcuyabranpost.com\/wp-content\/uploads\/2024\/08\/2-2.png?w=1920&amp;ssl=1 1920w\" sizes=\"(max-width: 1000px) 100vw, 1000px\" \/><\/figure>\n\n\n\n<p style=\"font-size:22px\">-Hay tres industrias muy fuertes en el Eje que suponen una gran oportunidad. La principal para el Quind\u00edo es el turismo, donde hay demasiado, pero es un turismo can\u00edbal que terminar\u00e1 siendo bastante problem\u00e1tico para la regi\u00f3n en el corto plazo. Hay que trabajar en uno sostenible y que sea escalable, y la \u00fanica forma de hacerlo es pensando que se apoye en la tecnolog\u00eda.<\/p>\n\n\n\n<div style=\"height:100px\" aria-hidden=\"true\" class=\"wp-block-spacer\"><\/div>\n\n\n\n<p style=\"font-size:22px\">El segundo, de acuerdo con su percepci\u00f3n, ser\u00eda el agro, con muchos procesos ya tecnificados pero a\u00fan lejanos de tecnolog\u00edas de vanguardia que ayudar\u00edan a la optimizaci\u00f3n de los procesos, lo nuevos modelos de negocio y las nuevas unidades productivas (cof cof, inteligencia artificial, por supuesto).<\/p>\n\n\n\n<div style=\"height:100px\" aria-hidden=\"true\" class=\"wp-block-spacer\"><\/div>\n\n\n\n<p style=\"font-size:22px\">\u201cY finalmente, la \u2018silver economy\u2019, que es como se conoce a los productos enfocados en esas personas mayores que encuentran en la regi\u00f3n su destino de vivienda de retiro. Esto es un para\u00edso para jubilados y pensionados, pero realmente no encuentran muchos servicios tecnificados ni tecnol\u00f3gicos para ellos; creo que ah\u00ed hay una gran oportunidad\u201d.<\/p>\n\n\n\n<div style=\"height:100px\" aria-hidden=\"true\" class=\"wp-block-spacer\"><\/div>\n\n\n\n<p style=\"font-size:22px\">\u00bfInteresado? Lo mejor es que toda la agenda es gratis, aunque cada actividad requiere un pre registro. Para diligenciarlo o para conocer toda la agenda, se pueden visitar las redes sociales de <a href=\"https:\/\/www.instagram.com\/elhub.co?igsh=MThleG1zNGNnbDJ4cg==\" title=\"\">El Hub Ventures<\/a>, el Instagram de <a href=\"https:\/\/www.instagram.com\/incubar.in?igsh=MWE1MWgwbjBjOGJt\" title=\"\">Incubar Manizales<\/a> o la p\u00e1gina oficial del evento, <a href=\"https:\/\/www.ejetechweek.co\/\" title=\"\">EjeTechWeek.co<\/a>. Es el momento de pensarnos como regi\u00f3n e impulsar una econom\u00eda basada en la tecnolog\u00eda. Lo tenemos todo, solo falta trabajar en conjunto. Ya lo hizo el valle de Santa Clara, que engloba 30 ciudades alrededor de la bah\u00eda de San Francisco y hoy en d\u00eda es conocido como Silicon Valley. No vamos a poder nosotros con 53 municipios en un \u00e1rea de 1.411 kil\u00f3metros cuadrados\u2026<\/p>\n","protected":false},"excerpt":{"rendered":"<p>Hicimos un checklist mental: El Eje Cafetero tiene programas t\u00e9cnicos y universitarios orientados a las nuevas tecnolog\u00edas; por tanto, hay mano de obra calificada. Hay servicios financieros, incubadoras de empresas, buena conectividad. A\u00fan as\u00ed llevamos unos 20 a\u00f1os tratando de consolidar un ecosistema de innovaci\u00f3n y emprendimiento que gire en torno a start up, y [&hellip;]<\/p>\n","protected":false},"author":1,"featured_media":3567,"comment_status":"open","ping_status":"open","sticky":false,"template":"","format":"standard","meta":{"om_disable_all_campaigns":false,"_monsterinsights_skip_tracking":false,"_monsterinsights_sitenote_active":false,"_monsterinsights_sitenote_note":"","_monsterinsights_sitenote_category":0,"_uf_show_specific_survey":0,"_uf_disable_surveys":false,"_jetpack_memberships_contains_paid_content":false,"footnotes":""},"categories":[105],"tags":[255,375,396,15,254,395],"class_list":["post-3564","post","type-post","status-publish","format-standard","has-post-thumbnail","hentry","category-plataforma","tag-caldas","tag-emprendimiento","tag-networking","tag-quindio","tag-risaralda","tag-start-up"],"aioseo_notices":[],"jetpack_featured_media_url":"https:\/\/i0.wp.com\/elcuyabranpost.com\/wp-content\/uploads\/2024\/08\/3-1.png?fit=1920%2C1080&ssl=1","jetpack_sharing_enabled":true,"_links":{"self":[{"href":"https:\/\/elcuyabranpost.com\/index.php\/wp-json\/wp\/v2\/posts\/3564"}],"collection":[{"href":"https:\/\/elcuyabranpost.com\/index.php\/wp-json\/wp\/v2\/posts"}],"about":[{"href":"https:\/\/elcuyabranpost.com\/index.php\/wp-json\/wp\/v2\/types\/post"}],"author":[{"embeddable":true,"href":"https:\/\/elcuyabranpost.com\/index.php\/wp-json\/wp\/v2\/users\/1"}],"replies":[{"embeddable":true,"href":"https:\/\/elcuyabranpost.com\/index.php\/wp-json\/wp\/v2\/comments?post=3564"}],"version-history":[{"count":1,"href":"https:\/\/elcuyabranpost.com\/index.php\/wp-json\/wp\/v2\/posts\/3564\/revisions"}],"predecessor-version":[{"id":3569,"href":"https:\/\/elcuyabranpost.com\/index.php\/wp-json\/wp\/v2\/posts\/3564\/revisions\/3569"}],"wp:featuredmedia":[{"embeddable":true,"href":"https:\/\/elcuyabranpost.com\/index.php\/wp-json\/wp\/v2\/media\/3567"}],"wp:attachment":[{"href":"https:\/\/elcuyabranpost.com\/index.php\/wp-json\/wp\/v2\/media?parent=3564"}],"wp:term":[{"taxonomy":"category","embeddable":true,"href":"https:\/\/elcuyabranpost.com\/index.php\/wp-json\/wp\/v2\/categories?post=3564"},{"taxonomy":"post_tag","embeddable":true,"href":"https:\/\/elcuyabranpost.com\/index.php\/wp-json\/wp\/v2\/tags?post=3564"}],"curies":[{"name":"wp","href":"https:\/\/api.w.org\/{rel}","templated":true}]}}