{"id":3586,"date":"2024-08-09T13:36:06","date_gmt":"2024-08-09T18:36:06","guid":{"rendered":"https:\/\/elcuyabranpost.com\/?p=3586"},"modified":"2024-08-09T13:37:10","modified_gmt":"2024-08-09T18:37:10","slug":"buscando-la-cordura","status":"publish","type":"post","link":"https:\/\/elcuyabranpost.com\/index.php\/2024\/08\/09\/buscando-la-cordura\/","title":{"rendered":"Buscando la cordura"},"content":{"rendered":"\n<div style=\"height:100px\" aria-hidden=\"true\" class=\"wp-block-spacer\"><\/div>\n\n\n\n<p style=\"font-size:22px\">A\u00f1o 2013. Un lunes cualquiera a las 4:30 de la ma\u00f1ana en un barrio popular de Bogot\u00e1. El ingeniero neonato orgulloso de su primer trabajo -el que le va a permitir inaugurar un cart\u00f3n por el que estuvo recluido 5 a\u00f1os en un sal\u00f3n de clase en su ciudad natal- se levanta con las expectativas infladas por la novedad de nuevos territorios, nuevas personas, nuevas calles y nuevas situaciones.<\/p>\n\n\n\n<div style=\"height:100px\" aria-hidden=\"true\" class=\"wp-block-spacer\"><\/div>\n\n\n\n<p style=\"font-size:22px\">A\u00f1o 2018. Pasaron 5 a\u00f1os. El ingeniero ve en el reflejo de la ventana de un Transmilenio una expresi\u00f3n neutral, sin vida, rodeado de un grupo de aut\u00f3matas con el mismo gesto en sus rostros. Unos mirando pantallas, otros simplemente durmiendo, inconscientes de su propia existencia. Engranajes de un sistema que funciona perfecto d\u00eda tras d\u00eda para cumplir los intereses de personas mucho m\u00e1s importantes que ellos mismos.<\/p>\n\n\n\n<figure class=\"wp-block-image size-large\"><img data-recalc-dims=\"1\" loading=\"lazy\" decoding=\"async\" width=\"1024\" height=\"576\" src=\"https:\/\/i0.wp.com\/elcuyabranpost.com\/wp-content\/uploads\/2024\/08\/estacion-1024x576.webp?resize=1024%2C576&#038;ssl=1\" alt=\"\" class=\"wp-image-3587\" srcset=\"https:\/\/i0.wp.com\/elcuyabranpost.com\/wp-content\/uploads\/2024\/08\/estacion-jpg.webp?resize=1024%2C576&amp;ssl=1 1024w, https:\/\/i0.wp.com\/elcuyabranpost.com\/wp-content\/uploads\/2024\/08\/estacion-jpg.webp?resize=300%2C169&amp;ssl=1 300w, https:\/\/i0.wp.com\/elcuyabranpost.com\/wp-content\/uploads\/2024\/08\/estacion-jpg.webp?resize=768%2C432&amp;ssl=1 768w, https:\/\/i0.wp.com\/elcuyabranpost.com\/wp-content\/uploads\/2024\/08\/estacion-jpg.webp?w=1280&amp;ssl=1 1280w\" sizes=\"(max-width: 1000px) 100vw, 1000px\" \/><\/figure>\n\n\n\n<p style=\"font-size:22px\">El ingeniero, al darse cuenta de su situaci\u00f3n, comenz\u00f3 a observar su vida, se percat\u00f3 de la rueda de h\u00e1mster en la que habitaba. Su ciclo diario lo agobi\u00f3. Sub\u00eda su piedra hasta la cima de la monta\u00f1a y al final del d\u00eda la dejaba caer, para comenzar a subirla otra vez el d\u00eda siguiente. Este S\u00edsifo moderno comenz\u00f3 a pensar una v\u00eda de escape. Tuvo m\u00faltiples conversaciones con su ni\u00f1o interno, construy\u00f3 unas alas en forma de carta de renuncia y salt\u00f3 por la ventana.<\/p>\n\n\n\n<div style=\"height:100px\" aria-hidden=\"true\" class=\"wp-block-spacer\"><\/div>\n\n\n\n<p style=\"font-size:22px\">Tom\u00f3 un avi\u00f3n con rumbo al destino m\u00e1s lejano posible. Comenz\u00f3 un viaje sin destino final, sus expectativas volvieron a ser infladas por la novedad de nuevos territorios, nuevas personas, nuevas calles, nuevas situaciones y ahora, nuevos idiomas. Su ni\u00f1o interno estuvo feliz de nuevo, tuvo miedo muchas veces, se perdi\u00f3 otras tantas. La sensaci\u00f3n de ser analfabeta por no entender nada de lo que dec\u00edan los letreros, le pareci\u00f3 cautivadora. Un a\u00f1o de nuevas experiencias pas\u00f3 y lleg\u00f3 el momento de terminar su recorrido. Record\u00f3 la imagen del Transmilenio, el miedo regres\u00f3. De pie en el aeropuerto de su ciudad natal, con su maleta en la mano, despu\u00e9s de recorrer muchas calles extra\u00f1as alrededor del mundo, se encontr\u00f3 con un sabor de familiaridad en el pecho. De nuevo sus plantas fueron novedad, tanto tiempo sin ver sus aves le hizo verlas con otros ojos, el olor de sus calles y el acento de su gente. Encontr\u00f3 en su regreso una nueva forma de ver sus calles, una nueva forma de vivir su ciclo diario, encontr\u00f3 en su rostro una sonrisa, regres\u00f3 a su casa, encontr\u00f3 su cordura.<\/p>\n\n\n\n<div style=\"height:100px\" aria-hidden=\"true\" class=\"wp-block-spacer\"><\/div>\n\n\n\n<p style=\"font-size:22px\">Este no es un final feliz, ni siquiera un final; su cordura sigui\u00f3 yendo y viniendo. Lo importante es que su historia a\u00fan no termina.<\/p>\n\n\n\n<figure class=\"wp-block-image size-large\"><img data-recalc-dims=\"1\" loading=\"lazy\" decoding=\"async\" width=\"1024\" height=\"347\" src=\"https:\/\/i0.wp.com\/elcuyabranpost.com\/wp-content\/uploads\/2024\/08\/Comunicador-social-y-periodista-1024x347.png?resize=1024%2C347&#038;ssl=1\" alt=\"\" class=\"wp-image-3588\" srcset=\"https:\/\/i0.wp.com\/elcuyabranpost.com\/wp-content\/uploads\/2024\/08\/Comunicador-social-y-periodista.png?resize=1024%2C347&amp;ssl=1 1024w, https:\/\/i0.wp.com\/elcuyabranpost.com\/wp-content\/uploads\/2024\/08\/Comunicador-social-y-periodista.png?resize=300%2C102&amp;ssl=1 300w, https:\/\/i0.wp.com\/elcuyabranpost.com\/wp-content\/uploads\/2024\/08\/Comunicador-social-y-periodista.png?resize=768%2C260&amp;ssl=1 768w, https:\/\/i0.wp.com\/elcuyabranpost.com\/wp-content\/uploads\/2024\/08\/Comunicador-social-y-periodista.png?resize=1536%2C520&amp;ssl=1 1536w, https:\/\/i0.wp.com\/elcuyabranpost.com\/wp-content\/uploads\/2024\/08\/Comunicador-social-y-periodista.png?w=1920&amp;ssl=1 1920w\" sizes=\"(max-width: 1000px) 100vw, 1000px\" \/><\/figure>\n\n\n\n<hr class=\"wp-block-separator has-alpha-channel-opacity\"\/>\n\n\n\n<ul class=\"wp-block-list\">\n<li style=\"font-size:22px\">La foto de abrir esta columna fue tomada de Pixabay.<\/li>\n<\/ul>\n\n\n\n<ul class=\"wp-block-list\">\n<li style=\"font-size:22px\">Las opiniones expresadas reflejan la postura del columnista, pero no precisamente la del medio de comunicaci\u00f3n.<\/li>\n<\/ul>\n","protected":false},"excerpt":{"rendered":"<p>A\u00f1o 2013. Un lunes cualquiera a las 4:30 de la ma\u00f1ana en un barrio popular de Bogot\u00e1. El ingeniero neonato orgulloso de su primer trabajo -el que le va a permitir inaugurar un cart\u00f3n por el que estuvo recluido 5 a\u00f1os en un sal\u00f3n de clase en su ciudad natal- se levanta con las expectativas [&hellip;]<\/p>\n","protected":false},"author":1,"featured_media":3589,"comment_status":"open","ping_status":"open","sticky":false,"template":"","format":"standard","meta":{"om_disable_all_campaigns":false,"_monsterinsights_skip_tracking":false,"_monsterinsights_sitenote_active":false,"_monsterinsights_sitenote_note":"","_monsterinsights_sitenote_category":0,"_uf_show_specific_survey":0,"_uf_disable_surveys":false,"_jetpack_memberships_contains_paid_content":false,"footnotes":""},"categories":[40],"tags":[33,387],"class_list":["post-3586","post","type-post","status-publish","format-standard","has-post-thumbnail","hentry","category-opinion","tag-mercado-laboral","tag-migracion"],"aioseo_notices":[],"jetpack_featured_media_url":"https:\/\/i0.wp.com\/elcuyabranpost.com\/wp-content\/uploads\/2024\/08\/rain-839075_1280-jpg.webp?fit=960%2C1280&ssl=1","jetpack_sharing_enabled":true,"_links":{"self":[{"href":"https:\/\/elcuyabranpost.com\/index.php\/wp-json\/wp\/v2\/posts\/3586"}],"collection":[{"href":"https:\/\/elcuyabranpost.com\/index.php\/wp-json\/wp\/v2\/posts"}],"about":[{"href":"https:\/\/elcuyabranpost.com\/index.php\/wp-json\/wp\/v2\/types\/post"}],"author":[{"embeddable":true,"href":"https:\/\/elcuyabranpost.com\/index.php\/wp-json\/wp\/v2\/users\/1"}],"replies":[{"embeddable":true,"href":"https:\/\/elcuyabranpost.com\/index.php\/wp-json\/wp\/v2\/comments?post=3586"}],"version-history":[{"count":1,"href":"https:\/\/elcuyabranpost.com\/index.php\/wp-json\/wp\/v2\/posts\/3586\/revisions"}],"predecessor-version":[{"id":3590,"href":"https:\/\/elcuyabranpost.com\/index.php\/wp-json\/wp\/v2\/posts\/3586\/revisions\/3590"}],"wp:featuredmedia":[{"embeddable":true,"href":"https:\/\/elcuyabranpost.com\/index.php\/wp-json\/wp\/v2\/media\/3589"}],"wp:attachment":[{"href":"https:\/\/elcuyabranpost.com\/index.php\/wp-json\/wp\/v2\/media?parent=3586"}],"wp:term":[{"taxonomy":"category","embeddable":true,"href":"https:\/\/elcuyabranpost.com\/index.php\/wp-json\/wp\/v2\/categories?post=3586"},{"taxonomy":"post_tag","embeddable":true,"href":"https:\/\/elcuyabranpost.com\/index.php\/wp-json\/wp\/v2\/tags?post=3586"}],"curies":[{"name":"wp","href":"https:\/\/api.w.org\/{rel}","templated":true}]}}