{"id":3661,"date":"2024-08-17T18:31:46","date_gmt":"2024-08-17T23:31:46","guid":{"rendered":"https:\/\/elcuyabranpost.com\/?p=3661"},"modified":"2024-08-18T12:56:14","modified_gmt":"2024-08-18T17:56:14","slug":"la-crq-negocio-de-particulares-caracteristicas","status":"publish","type":"post","link":"https:\/\/elcuyabranpost.com\/index.php\/2024\/08\/17\/la-crq-negocio-de-particulares-caracteristicas\/","title":{"rendered":"La CRQ: negocio de particulares\u2026 caracter\u00edsticas"},"content":{"rendered":"\n<div style=\"height:100px\" aria-hidden=\"true\" class=\"wp-block-spacer\"><\/div>\n\n\n\n<p style=\"font-size:22px\">Corrupci\u00f3n Rampante en el Quind\u00edo. Curioso que sean las mismas siglas de CRQ. Y con toda la mesura que exige la utilizaci\u00f3n del t\u00e9rmino, tenemos que se\u00f1alar que lo que se vive en la Corporaci\u00f3n Aut\u00f3noma Regional del Quind\u00edo es un acto de corrupci\u00f3n. Y de descaro, si se tiene en cuenta que se realiza frente a la mirada de los entes de control, la ciudadan\u00eda y los medios de comunicaci\u00f3n; de nuevo, se pasaron por la galleta el ordenamiento jur\u00eddico, demostrando su intenci\u00f3n de mandarse solos como si fuese un negocio particular.<\/p>\n\n\n\n<p style=\"font-size:22px\">El m\u00e1s reciente hecho se dio el pasado jueves 15 de agosto, cuando se eligi\u00f3 de manera fraudulenta como director encargado de la entidad a Juan Esteban Cort\u00e9s, hermano del ex director Jos\u00e9 Manuel Cort\u00e9s. Y se hizo en medio de vicios de procedimiento que violan, de manera flagrante, la Ley, la jurisprudencia y los mismos estatutos de la instituci\u00f3n. Mejor a\u00fan: se hizo pasando por alto lo mismo por lo que cay\u00f3 el anterior director de la CRQ, el ingeniero industrial J\u00e1ider Andr\u00e9s Lopera Soscu\u00e9, nombrado en medio de irregularidades.<\/p>\n\n\n\n<p style=\"font-size:22px\">Como se recordar\u00e1, Lopera Soscu\u00e9 tom\u00f3 posesi\u00f3n en el cargo el pasado 1 de enero. Esto luego de una elecci\u00f3n que se hizo a pupitrazo limpio el 16 de diciembre de 2023 (precisamente un s\u00e1bado, d\u00eda inusual para un tr\u00e1mite como este) ignorando las alertas generadas por entes de control. Fuimos muchos los que adem\u00e1s, vimos con suspicacia el hecho de que se realizara apenas 3 d\u00edas antes de que iniciara la vacancia judicial de final de vigencia, lo que le dio unos d\u00edas de respiro a la nueva administraci\u00f3n para prepararse al inminente fallo jur\u00eddico que dej\u00f3 sin validez la designaci\u00f3n.<\/p>\n\n\n\n<div style=\"height:100px\" aria-hidden=\"true\" class=\"wp-block-spacer\"><\/div>\n\n\n\n<figure class=\"wp-block-image size-large\"><img data-recalc-dims=\"1\" loading=\"lazy\" decoding=\"async\" width=\"1024\" height=\"576\" src=\"https:\/\/i0.wp.com\/elcuyabranpost.com\/wp-content\/uploads\/2024\/08\/3-3.png?resize=1024%2C576\" alt=\"\" class=\"wp-image-3669\" srcset=\"https:\/\/i0.wp.com\/elcuyabranpost.com\/wp-content\/uploads\/2024\/08\/3-3.png?resize=1024%2C576&amp;ssl=1 1024w, https:\/\/i0.wp.com\/elcuyabranpost.com\/wp-content\/uploads\/2024\/08\/3-3.png?resize=300%2C169&amp;ssl=1 300w, https:\/\/i0.wp.com\/elcuyabranpost.com\/wp-content\/uploads\/2024\/08\/3-3.png?resize=768%2C432&amp;ssl=1 768w, https:\/\/i0.wp.com\/elcuyabranpost.com\/wp-content\/uploads\/2024\/08\/3-3.png?resize=1536%2C864&amp;ssl=1 1536w, https:\/\/i0.wp.com\/elcuyabranpost.com\/wp-content\/uploads\/2024\/08\/3-3.png?w=1920&amp;ssl=1 1920w\" sizes=\"(max-width: 1000px) 100vw, 1000px\" \/><\/figure>\n\n\n\n<p style=\"font-size:22px\"><strong>Una cadena de jugaditas<\/strong><\/p>\n\n\n\n<p style=\"font-size:22px\">Para entender el entramado de irregularidades en el que lleg\u00f3 Lopera Soscu\u00e9 al cargo, El Cuyabran Post se contact\u00f3 en su momento con el abogado y ambientalista Diego Felipe Urrea, quien tambi\u00e9n postulo su nombre para la direcci\u00f3n de la CRQ. Alej\u00e1ndose de su rol como candidato, prefiri\u00f3 explicar el conflicto desde su papel como veedor ciudadano.<\/p>\n\n\n\n<p style=\"font-size:22px\">\u201cInstauramos una acci\u00f3n de tutela para que se suspendiera el proceso de elecci\u00f3n, ya que no hab\u00edan tramitado unas recusaciones interpuestas por otros ciudadanos a diferentes miembros del consejo directivo\u201d, se\u00f1ala. Para los que no somos jur\u00eddicos, es \u00fatil entender que como recusaci\u00f3n se conoce al instrumento con el que se pide que un juez o un funcionario no intervenga en un proceso por motivos de imparcialidad o conflicto de intereses. Y en la votaci\u00f3n del a\u00f1o pasado lo que abundaban eran motivos para hacer uso de este recurso.<\/p>\n\n\n\n<p style=\"font-size:22px\">Agrupamos en tres categor\u00edas los alegatos de quienes interpusieron este instrumento:<\/p>\n\n\n\n<div style=\"height:100px\" aria-hidden=\"true\" class=\"wp-block-spacer\"><\/div>\n\n\n\n<ol class=\"wp-block-list\" type=\"1\">\n<li style=\"font-size:22px\"><strong>Conflicto de intereses vinculados a la contrataci\u00f3n<\/strong><\/li>\n<\/ol>\n\n\n\n<p style=\"font-size:22px\">Existe un primer grupo de acusaciones que habla de la contrataci\u00f3n, de parte de la CRQ, de servicios con empresas y fundaciones en las que algunos miembros del Consejo Directivo hacen parte, lo que configurar\u00eda un claro conflicto de inter\u00e9s, al contar los se\u00f1alados con el poder de decisi\u00f3n suficiente para intervenir en los procesos de selecci\u00f3n.<\/p>\n\n\n\n<p style=\"font-size:22px\">Uno de los casos ya hab\u00eda sonado en El Cuyabran Post, puntualmente con la fundaci\u00f3n Aotus, en cuya junta aparec\u00eda uno de los candidatos al mismo cargo, Luis Carlos Serna Giraldo. Pero \u00bfc\u00f3mo se vincula este hecho con la elecci\u00f3n?<\/p>\n\n\n\n<div style=\"height:100px\" aria-hidden=\"true\" class=\"wp-block-spacer\"><\/div>\n\n\n\n<p style=\"font-size:22px\">   2. <strong>La puerta giratoria<\/strong><\/p>\n\n\n\n<p style=\"font-size:22px\">En este segundo grupo de recusaciones se se\u00f1ala directamente un mecanismo que en la jerga popular se conoce una puerta giratoria. En este caso en particular, varios de los consejeros lograron su cupo en esta junta apoyados por algunos personajes vinculados a la Corporaci\u00f3n, y estos a su vez postularon su nombre a la direcci\u00f3n, apoyados por quienes recibieron sus favores. <\/p>\n\n\n\n<p style=\"font-size:22px\">En documentos recopilados por Urrea, se refleja la estrecha relaci\u00f3n entre los consejeros y el director reci\u00e9n posesionado, Jaider Arl\u00e9s Lopera, cuando era asesor de la direcci\u00f3n y mano derecha de su antecesor; del entonces director Administrativo y Financiero (y hoy director del Departamento Administrativo de Fortalecimiento Institucional de la Alcald\u00eda de Armenia) Andr\u00e9s Alberto Campuzano; del subdirector de Regulaci\u00f3n y Control, Carlos Ariel Truke; y del jefe de la oficina asesora Jur\u00eddica, Johan Sebasti\u00e1n Pulecio. Estos cuatro funcionarios hicieron parte de la baraja de aspirantes en el reciente proceso de elecci\u00f3n, cuyo resultado estaba en manos de quienes ayudaron a entrar al \u00f3rgano de decisi\u00f3n.<\/p>\n\n\n\n<figure class=\"wp-block-image size-large\"><img data-recalc-dims=\"1\" loading=\"lazy\" decoding=\"async\" width=\"1024\" height=\"576\" src=\"https:\/\/i0.wp.com\/elcuyabranpost.com\/wp-content\/uploads\/2024\/08\/6-1024x576.webp?resize=1024%2C576\" alt=\"\" class=\"wp-image-3666\" srcset=\"https:\/\/i0.wp.com\/elcuyabranpost.com\/wp-content\/uploads\/2024\/08\/6-jpg.webp?resize=1024%2C576&amp;ssl=1 1024w, https:\/\/i0.wp.com\/elcuyabranpost.com\/wp-content\/uploads\/2024\/08\/6-jpg.webp?resize=300%2C169&amp;ssl=1 300w, https:\/\/i0.wp.com\/elcuyabranpost.com\/wp-content\/uploads\/2024\/08\/6-jpg.webp?resize=768%2C432&amp;ssl=1 768w, https:\/\/i0.wp.com\/elcuyabranpost.com\/wp-content\/uploads\/2024\/08\/6-jpg.webp?resize=1536%2C864&amp;ssl=1 1536w, https:\/\/i0.wp.com\/elcuyabranpost.com\/wp-content\/uploads\/2024\/08\/6-jpg.webp?w=1920&amp;ssl=1 1920w\" sizes=\"(max-width: 1000px) 100vw, 1000px\" \/><figcaption class=\"wp-element-caption\"><em>El gobernador Juan Miguel Galvis, en la posesi\u00f3n de J\u00e1ider Lopera como director. Cumpliendo su rol pero con dudas, si se tiene en cuenta su postura actual.<\/em><\/figcaption><\/figure>\n\n\n\n<p style=\"font-size:22px\">\u201cParticiparon en el ingreso de los consejeros, descabezando algunos candidatos y habilitando otros; estos, posteriormente, ser\u00edan quienes tendr\u00edan en sus manos el poder de determinar qui\u00e9n se quedaba con la direcci\u00f3n, ignorando lo establecido por el r\u00e9gimen de inhabilidades, incompatibilidades, impedimentos y conflictos de inter\u00e9s, cuyo car\u00e1cter es taxativo: es obligatorio que se haga lo que diga exactamente la norma\u201d, indica Urrea.<\/p>\n\n\n\n<p style=\"font-size:22px\">Esto exigir\u00eda que, ante el proceso de elecci\u00f3n, se declararan impedidos 10 consejeros: los dos cupos del sector empresarial (Viviana \u00c1lvarez Rojas, de la ladrillera La Campana y Juan Carlos Uribe, de Don Pollo), los dos de las ONG ambientalistas (Carlos Efr\u00e9n Granada y John Elvis Vera), el representante de las comunidades negras (Jaime Mar\u00edn Arce), de la comunidades ind\u00edgenas (Luz Melina Siagama), y los cuatro alcaldes en su momento (Ana Yulieth D\u00edaz, de Circasia; Jhon Jairo Pacheco, de C\u00f3rdoba; Juan Camilo Pinz\u00f3n, de Pijao; y Jos\u00e9 Vicente Young, de La Tebaida). No obstante, todos votaron.<\/p>\n\n\n\n<div style=\"height:100px\" aria-hidden=\"true\" class=\"wp-block-spacer\"><\/div>\n\n\n\n<p style=\"font-size:22px\">    3. <strong>Los alcaldes nunca fueron parte del Consejo Directivo<\/strong><\/p>\n\n\n\n<p style=\"font-size:22px\">En cumplimiento a la pluralidad que el Consejo Directivo de la CRQ debe tener, en esta junta hay cupo para cuatro alcaldes; los anteriormente mencionados. Sin embargo, los ahora ex mandatarios no ten\u00edan la facultad para participar con su voto, simplemente porque nunca hicieron parte del \u00f3rgano.<\/p>\n\n\n\n<p style=\"font-size:22px\">\u201cDe acuerdo con el art\u00edculo 26 de la Ley 99 de 1993 \u2013que reordena el sector p\u00fablico encargado de la gesti\u00f3n y conservaci\u00f3n del medio ambiente y los recursos naturales- el periodo de los mandatarios en el Consejo Directivo debe ser de un a\u00f1o. Los alcaldes de Circasia, Pijao, C\u00f3rdoba y La Tebaida fueron reelegidos en febrero de 2023, pero nunca se aprob\u00f3 ni se public\u00f3 el acta de elecci\u00f3n, por lo que su participaci\u00f3n en la junta no se oficializ\u00f3 y por tanto, no se permitieron las garant\u00edas para que los ciudadanos ejercieran el derecho de contradicci\u00f3n y defensa. Incluso el ex gobernador Roberto Jairo Jaramillo convoc\u00f3 a la Asamblea Corporativa de la entidad \u2013m\u00e1ximo \u00f3rgano, compuesto por el mandatario departamental y los de los 12 municipios- para cumplir con este requisito, exigido por la Funci\u00f3n P\u00fablica, y los alcaldes ni fueron\u201d, indica Urrea.<\/p>\n\n\n\n<div style=\"height:100px\" aria-hidden=\"true\" class=\"wp-block-spacer\"><\/div>\n\n\n\n<figure class=\"wp-block-image size-large\"><img data-recalc-dims=\"1\" loading=\"lazy\" decoding=\"async\" width=\"1024\" height=\"576\" src=\"https:\/\/i0.wp.com\/elcuyabranpost.com\/wp-content\/uploads\/2024\/08\/8-1024x576.png?resize=1024%2C576&#038;ssl=1\" alt=\"\" class=\"wp-image-3668\" srcset=\"https:\/\/i0.wp.com\/elcuyabranpost.com\/wp-content\/uploads\/2024\/08\/8.png?resize=1024%2C576&amp;ssl=1 1024w, https:\/\/i0.wp.com\/elcuyabranpost.com\/wp-content\/uploads\/2024\/08\/8.png?resize=300%2C169&amp;ssl=1 300w, https:\/\/i0.wp.com\/elcuyabranpost.com\/wp-content\/uploads\/2024\/08\/8.png?resize=768%2C432&amp;ssl=1 768w, https:\/\/i0.wp.com\/elcuyabranpost.com\/wp-content\/uploads\/2024\/08\/8.png?resize=1536%2C864&amp;ssl=1 1536w, https:\/\/i0.wp.com\/elcuyabranpost.com\/wp-content\/uploads\/2024\/08\/8.png?w=1920&amp;ssl=1 1920w\" sizes=\"(max-width: 1000px) 100vw, 1000px\" \/><\/figure>\n\n\n\n<p style=\"font-size:22px\"><strong>La Ley por la galleta<\/strong><\/p>\n\n\n\n<p style=\"font-size:22px\">Estas acusaciones llevaron a que el Juzgado Quinto de Armenia suspendiera la elecci\u00f3n en octubre de 2023, pero en noviembre, un juez declar\u00f3 improcedente las solicitudes y revoc\u00f3 la medida provisional de suspensi\u00f3n del proceso y del cronograma. No obstante \u201cla Procuradur\u00eda General de la Naci\u00f3n tambi\u00e9n detecta unas irregularidades\u201d, explica Urrea, y acepta la impugnaci\u00f3n presentada por \u00e9l, \u201cpor lo que se pronunci\u00f3 emitiendo 2 autos donde se le ordena al Consejo darles tr\u00e1mite a esas recusaciones\u201d. Es decir, ordena resolver las recusaciones presentadas antes de llevar a cabo cualquier actuaci\u00f3n. En contra de toda l\u00f3gica, el Consejo Directivo de la CRQ decidi\u00f3 seguir adelante, pasando por alto el concepto de la entidad de control, e incluso desacatando la norma que habla de un periodo de 5 d\u00edas para que hubiera una aceptaci\u00f3n o rechazo de los recusados.<\/p>\n\n\n\n<p style=\"font-size:22px\">Lopera Soscu\u00e9 se posesion\u00f3, y estuvo medio a\u00f1o al mando de la corporaci\u00f3n, hasta que, a mediados del mes de julio de este a\u00f1o, el Consejo de Estado declar\u00f3 la nulidad de su nombramiento, se\u00f1alando \u201cque las modificaciones al cronograma de la designaci\u00f3n, materializadas en los Acuerdos 013, 014 y 015 de 2023, se realizaron sin tramitar adecuadamente las recusaciones presentadas. Nueve de los diez consejeros recusados votaron por Lopera Soscu\u00e9 sin que sus recusaciones fueran resueltas por la autoridad competente, lo cual constituye una infracci\u00f3n normativa\u201d, se\u00f1ala <a href=\"https:\/\/quindionoticias.com\/consejo-de-estado-declara-nula-la-eleccion-del-actual-director-de-la-crq\/\" title=\"\">en este art\u00edculo<\/a> el portal Quind\u00edo Noticias.<\/p>\n\n\n\n<p style=\"font-size:22px\">La papa caliente entonces cay\u00f3 de nuevo, en manos del consejo directivo. Y para avanzar en el tema, se convoc\u00f3 a junta el pasado 15 de agosto. Fue all\u00ed donde algunos de los nuevos miembros del \u00f3rgano se dieron cuenta que se aproximaba otra ilegalidad con la que se buscaba que el poder no saliera de las mismas manos: las de Jos\u00e9 Manuel Cort\u00e9s.<\/p>\n\n\n\n<p style=\"font-size:22px\">Cuentan los rumores que, al conocer que las recusaciones anteriores no hab\u00edan sido subsanadas y que, sin embargo, se planteaba la remoci\u00f3n de Lopera Soscu\u00e9 y la elecci\u00f3n de un director encargado (actuaciones que no se pueden ejecutar hasta que TODO quede claro), el Gobierno del Quind\u00edo; la consejera delegada de Presidencia de la Rep\u00fablica; y los alcaldes de Buenavista, Jhon Steban Aristiz\u00e1bal Rend\u00f3n, y de La Tebaida, Ricardo Alfonso Celis Rojas, se levantaron de la mesa y abandonaron la reuni\u00f3n. Sin estos 4 votos y sin la presencia de Minambiente (que no envi\u00f3 delegado), se tom\u00f3 la decisi\u00f3n, no solo de nombrar de manera fraudulenta al director encargado, sino de elegir a un nombre bien pol\u00e9mico.<\/p>\n\n\n\n<div style=\"height:100px\" aria-hidden=\"true\" class=\"wp-block-spacer\"><\/div>\n\n\n\n<figure class=\"wp-block-image size-large\"><img data-recalc-dims=\"1\" loading=\"lazy\" decoding=\"async\" width=\"1024\" height=\"576\" src=\"https:\/\/i0.wp.com\/elcuyabranpost.com\/wp-content\/uploads\/2024\/08\/4-2.png?resize=1024%2C576\" alt=\"\" class=\"wp-image-3665\" srcset=\"https:\/\/i0.wp.com\/elcuyabranpost.com\/wp-content\/uploads\/2024\/08\/4-2.png?resize=1024%2C576&amp;ssl=1 1024w, https:\/\/i0.wp.com\/elcuyabranpost.com\/wp-content\/uploads\/2024\/08\/4-2.png?resize=300%2C169&amp;ssl=1 300w, https:\/\/i0.wp.com\/elcuyabranpost.com\/wp-content\/uploads\/2024\/08\/4-2.png?resize=768%2C432&amp;ssl=1 768w, https:\/\/i0.wp.com\/elcuyabranpost.com\/wp-content\/uploads\/2024\/08\/4-2.png?resize=1536%2C864&amp;ssl=1 1536w, https:\/\/i0.wp.com\/elcuyabranpost.com\/wp-content\/uploads\/2024\/08\/4-2.png?w=1920&amp;ssl=1 1920w\" sizes=\"(max-width: 1000px) 100vw, 1000px\" \/><figcaption class=\"wp-element-caption\"><em>El ex director de CRQ, Jos\u00e9 Manuel Cort\u00e9s, nunca ha abandonado el control de la entidad. El poder detr\u00e1s del poder, justo antecitos de quien tiene el verdadero poder.<\/em><\/figcaption><\/figure>\n\n\n\n<p style=\"font-size:22px\"><strong>Una nueva cagadita en la lista<\/strong><\/p>\n\n\n\n<p style=\"font-size:22px\">El elegido fue Juan Esteban Cort\u00e9s Orozco, el hermano de Jos\u00e9 Manuel Cort\u00e9s, ex director al que sucedi\u00f3 J\u00e1ider Andr\u00e9s Lopera Soscu\u00e9, el cual actu\u00f3 como un ejecutivo de transici\u00f3n entre parientes con primer nivel de consanguinidad. Pero adem\u00e1s alguien sobre el que tambi\u00e9n se mece una recusaci\u00f3n, esta vez interpuesta por la veedur\u00eda ciudadana Tequendama.<\/p>\n\n\n\n<p style=\"font-size:22px\">Se\u00f1ala la veedur\u00eda que Esteban Cort\u00e9s y su c\u00f3nyuge, Ana Milena Londo\u00f1o Gil, fueron propietarios de la empresa Distriguadua S.A.S. hasta el 22 de abril de 2024, en la que \u00e9l adem\u00e1s oper\u00f3 como representante legal mientras Jos\u00e9 Manuel fue director de la CRQ: justamente la entidad encargada de expedir los permisos para el corte y aprovechamiento de la guadua. Con esta cola lleg\u00f3 Esteban Cort\u00e9s a la direcci\u00f3n por encargo de la autoridad ambiental.<\/p>\n\n\n\n<p style=\"font-size:22px\">\u201cSeg\u00fan esa recusaci\u00f3n, \u00e9l tambi\u00e9n tendr\u00eda que cumplir la Ley 1437, en su cap\u00edtulo 2 art\u00edculo 11, que establece que \u201ccuando el inter\u00e9s general propio de la funci\u00f3n p\u00fablica entre en conflicto con el inter\u00e9s particular y directo del servidor p\u00fablico, este deber\u00e1 declararse impedido\u201d. De acuerdo con lo establecido en el cumplimiento del fallo del Consejo de Estado \u2013el que tumb\u00f3 el nombramiento de Lopera Soscu\u00e9-, se le debe dar el tr\u00e1mite correspondiente tambi\u00e9n a esta recusaci\u00f3n, y suspender cualquier actuaci\u00f3n que genere un conflicto de intereses con su hermano\u201d, se\u00f1ala Urrea.<\/p>\n\n\n\n<p style=\"font-size:22px\">Pero aparte, la elecci\u00f3n se hizo sin lograr el qu\u00f3rum. Hagamos cuentas: En total son 13 miembros, por lo que, para validar cualquier decisi\u00f3n, se requiere por lo menos de 7. Al total de 13, r\u00e9stele la Gobernaci\u00f3n, Presidencia de la Rep\u00fablica, y alcald\u00edas de La Tebaida y Buenavista; ah\u00ed van 4. Minambiente no lleg\u00f3 y por lo tanto no se cuenta; van 5. Y los dos de los organismos ambientalistas (Carlos Efr\u00e9n Granada Madrid y John Elvis Vera), que no tienen silla en el Consejo Directivo por haber sido declarada nula su elecci\u00f3n como consejeros por parte del Tribunal Administrativo del Quind\u00edo \u2013 TAQ. Esto como parte de la puerta giratoria mencionada al principio de esta nota.<\/p>\n\n\n\n<figure class=\"wp-block-image size-large\"><img data-recalc-dims=\"1\" loading=\"lazy\" decoding=\"async\" width=\"1024\" height=\"576\" src=\"https:\/\/i0.wp.com\/elcuyabranpost.com\/wp-content\/uploads\/2024\/08\/7-2.png?resize=1024%2C576\" alt=\"\" class=\"wp-image-3667\" srcset=\"https:\/\/i0.wp.com\/elcuyabranpost.com\/wp-content\/uploads\/2024\/08\/7-2.png?resize=1024%2C576&amp;ssl=1 1024w, https:\/\/i0.wp.com\/elcuyabranpost.com\/wp-content\/uploads\/2024\/08\/7-2.png?resize=300%2C169&amp;ssl=1 300w, https:\/\/i0.wp.com\/elcuyabranpost.com\/wp-content\/uploads\/2024\/08\/7-2.png?resize=768%2C432&amp;ssl=1 768w, https:\/\/i0.wp.com\/elcuyabranpost.com\/wp-content\/uploads\/2024\/08\/7-2.png?resize=1536%2C864&amp;ssl=1 1536w, https:\/\/i0.wp.com\/elcuyabranpost.com\/wp-content\/uploads\/2024\/08\/7-2.png?w=1920&amp;ssl=1 1920w\" sizes=\"(max-width: 1000px) 100vw, 1000px\" \/><\/figure>\n\n\n\n<p style=\"font-size:22px\">Eso quiere decir que al director lo oficializaron apenas 6 de 13 consejeros, 4 de los cuales adem\u00e1s est\u00e1n recusados: los representantes de la empresa privada (Viviana \u00c1lvarez Rojas, de la ladrillera La Campana y Juan Carlos Uribe, de Don Pollo), el representante de las comunidades negras (Jaime Mar\u00edn Arce), y la de comunidades ind\u00edgenas (Luz Melina Siagama), junto con los alcaldes de Circasia, Juli\u00e1n Andr\u00e9s Pe\u00f1a Sierra; y de C\u00f3rdoba, Guillermo Andr\u00e9s Valencia Henao: \u201cuna clara violaci\u00f3n de car\u00e1cter procedimental que desconoce el principio de la funci\u00f3n p\u00fablica, administrativa y del debido proceso\u201d, advierte Urrea.<\/p>\n\n\n\n<p style=\"font-size:22px\">En los pasillos de CRQ se habla de que, desde el Gobierno del Quind\u00edo se tiene \u2018bloqueada\u2019 a la CRQ, que la tiene en el limbo, que est\u00e1 frenando su operatividad. Cantos de sirena para navegantes desprevenidos. La Ley es clara: el proceso est\u00e1 viciado desde la salida de Jos\u00e9 Manuel Cort\u00e9s (el due\u00f1o del negocio que se hace con el medio ambiente en el departamento). Y vaya negocio: se calcula que la entidad puede manejar un presupuesto anual superior a los 30.000 millones de pesos, adem\u00e1s de d\u00e1divas que algunos privados podr\u00edan dar bajo cuerda para que pasarse, de nuevo por la galleta, los controles ambientales de las actividades propias de sus funciones. Eso aparte de representar un fort\u00edn pol\u00edtico de un partido cuyas siglas empiezan con C y terminan con R. Desde El Cuyabran Post ponemos una velita al prop\u00f3sito. Porque, aparte de los intereses proselitistas y la corrupci\u00f3n flagrante de la que somos testigos, estamos hablando de algo absolutamente importante para la regi\u00f3n: sus ecosistemas.<\/p>\n","protected":false},"excerpt":{"rendered":"<p>Corrupci\u00f3n Rampante en el Quind\u00edo. Curioso que sean las mismas siglas de CRQ. Y con toda la mesura que exige la utilizaci\u00f3n del t\u00e9rmino, tenemos que se\u00f1alar que lo que se vive en la Corporaci\u00f3n Aut\u00f3noma Regional del Quind\u00edo es un acto de corrupci\u00f3n. Y de descaro, si se tiene en cuenta que se realiza [&hellip;]<\/p>\n","protected":false},"author":1,"featured_media":3662,"comment_status":"open","ping_status":"open","sticky":false,"template":"","format":"standard","meta":{"om_disable_all_campaigns":false,"_monsterinsights_skip_tracking":false,"_monsterinsights_sitenote_active":false,"_monsterinsights_sitenote_note":"","_monsterinsights_sitenote_category":0,"_uf_show_specific_survey":0,"_uf_disable_surveys":false,"_jetpack_memberships_contains_paid_content":false,"footnotes":""},"categories":[16],"tags":[137,406,407,286,8,15],"class_list":["post-3661","post","type-post","status-publish","format-standard","has-post-thumbnail","hentry","category-elpostreporta","tag-crq","tag-jaider-lopera","tag-jose-manuel-cortes","tag-juan-miguel-galvis","tag-medio-ambiente","tag-quindio"],"aioseo_notices":[],"jetpack_featured_media_url":"https:\/\/i0.wp.com\/elcuyabranpost.com\/wp-content\/uploads\/2024\/08\/1-4.png?fit=1920%2C1080&ssl=1","jetpack_sharing_enabled":true,"_links":{"self":[{"href":"https:\/\/elcuyabranpost.com\/index.php\/wp-json\/wp\/v2\/posts\/3661"}],"collection":[{"href":"https:\/\/elcuyabranpost.com\/index.php\/wp-json\/wp\/v2\/posts"}],"about":[{"href":"https:\/\/elcuyabranpost.com\/index.php\/wp-json\/wp\/v2\/types\/post"}],"author":[{"embeddable":true,"href":"https:\/\/elcuyabranpost.com\/index.php\/wp-json\/wp\/v2\/users\/1"}],"replies":[{"embeddable":true,"href":"https:\/\/elcuyabranpost.com\/index.php\/wp-json\/wp\/v2\/comments?post=3661"}],"version-history":[{"count":3,"href":"https:\/\/elcuyabranpost.com\/index.php\/wp-json\/wp\/v2\/posts\/3661\/revisions"}],"predecessor-version":[{"id":3679,"href":"https:\/\/elcuyabranpost.com\/index.php\/wp-json\/wp\/v2\/posts\/3661\/revisions\/3679"}],"wp:featuredmedia":[{"embeddable":true,"href":"https:\/\/elcuyabranpost.com\/index.php\/wp-json\/wp\/v2\/media\/3662"}],"wp:attachment":[{"href":"https:\/\/elcuyabranpost.com\/index.php\/wp-json\/wp\/v2\/media?parent=3661"}],"wp:term":[{"taxonomy":"category","embeddable":true,"href":"https:\/\/elcuyabranpost.com\/index.php\/wp-json\/wp\/v2\/categories?post=3661"},{"taxonomy":"post_tag","embeddable":true,"href":"https:\/\/elcuyabranpost.com\/index.php\/wp-json\/wp\/v2\/tags?post=3661"}],"curies":[{"name":"wp","href":"https:\/\/api.w.org\/{rel}","templated":true}]}}