{"id":3996,"date":"2024-09-26T16:33:53","date_gmt":"2024-09-26T21:33:53","guid":{"rendered":"https:\/\/elcuyabranpost.com\/?p=3996"},"modified":"2024-09-26T16:46:09","modified_gmt":"2024-09-26T21:46:09","slug":"un-tsunami-plateado-se-aproxima-sin-que-sepamos-que-hacer","status":"publish","type":"post","link":"https:\/\/elcuyabranpost.com\/index.php\/2024\/09\/26\/un-tsunami-plateado-se-aproxima-sin-que-sepamos-que-hacer\/","title":{"rendered":"Un tsunami plateado se aproxima sin que sepamos qu\u00e9 hacer"},"content":{"rendered":"\n<div style=\"height:100px\" aria-hidden=\"true\" class=\"wp-block-spacer\"><\/div>\n\n\n\n<p style=\"font-size:22px\"><em>Por: Sandra Arias y Andr\u00e9s Mej\u00eda<\/em><\/p>\n\n\n\n<p style=\"font-size:22px\">Una bomba demogr\u00e1fica podr\u00eda colapsar los sistemas de salud y de atenci\u00f3n del departamento y parece que nadie se hace cargo. Hace bastante (est\u00e1bamos empezando con este medio de comunicaci\u00f3n) hablamos sobre <a href=\"https:\/\/elcuyabranpost.com\/index.php\/2023\/07\/04\/ese-momento-extrano-llamado-volver-a-cuidar-de-los-padres\/\" title=\"\">el proceso acelerado de envejecimiento que se presenta en el departamento<\/a>. Generado por la baja tasa de natalidad y <a href=\"https:\/\/elcuyabranpost.com\/index.php\/2023\/11\/03\/la-sombra-de-la-gentrificacion-amenaza-al-quindio\/\" title=\"\">la conversi\u00f3n de la regi\u00f3n como destino s\u00e9nior<\/a> para retirados que encuentran en su clima, su oferta de servicios y su peque\u00f1a extensi\u00f3n geogr\u00e1fica los mejores atributos para pasar sus a\u00f1os de vejez, el Quind\u00edo parece destinado a liderar un fen\u00f3meno que ya origina tensiones y discusiones a nivel global: el Silver Tsunami.<\/p>\n\n\n\n<p style=\"font-size:22px\">\u201cEs un fen\u00f3meno que ya se ha presentado en pa\u00edses europeos y asi\u00e1ticos, pero ahora nos toca a nosotros. En Colombia, donde m\u00e1s se ha evidenciado m\u00e1s es, en primer lugar, el Quind\u00edo, acompa\u00f1ado por Caldas y Tolima\u201d. \u00c9l es Joan Sebasti\u00e1n Arbel\u00e1ez Caro, psic\u00f3logo con magister en neurociencia social de la universidad Icesi; actualmente docente en las universidades de San Buenaventura y Alexander von Humboldt, esta \u00faltima tambi\u00e9n es coordinador de investigaciones. \u00bfQuieren m\u00e1s credenciales? Es coordinador del nodo de Neurociencias de la Asociaci\u00f3n Colombiana de Facultades de Psicolog\u00eda, y l\u00edder del grupo de Investigaci\u00f3n en Problemas Cl\u00ednicos y Psicosociales.<\/p>\n\n\n\n<p style=\"font-size:22px\">Pero vayamos al grano. \u00bfQu\u00e9 es el <a href=\"https:\/\/www.go4it.solutions\/es\/blog\/que-es-el-silver-tsunami-y-como-desafiarlo\" title=\"\">Silver Tsunami<\/a>? Detr\u00e1s de este nombre pomposo y llamativo se esconde una problem\u00e1tica que afectar\u00e1 a toda la sociedad si no se encuentra preparada para su nueva realidad. El concepto naci\u00f3 de la llegada a la edad del retiro de la generaci\u00f3n de los baby boomers (los hijos de quienes pelearon en la II Guerra Mundial); estas personas llegaron, a mediados del siglo XX a constituir el 40% de la poblaci\u00f3n mundial, y cuando salieron del mercado laboral empezaron a crear presi\u00f3n en las instituciones. Y ojo, que no estamos de acuerdo con crear, mediante el uso de este t\u00e9rmino, un trato despectivo a los adultos mayores, a quienes les debemos todo con lo que nacimos. Pero, la situaci\u00f3n se complejiza.<\/p>\n\n\n\n<div style=\"height:100px\" aria-hidden=\"true\" class=\"wp-block-spacer\"><\/div>\n\n\n\n<figure class=\"wp-block-image size-large\"><img data-recalc-dims=\"1\" loading=\"lazy\" decoding=\"async\" width=\"1024\" height=\"576\" src=\"https:\/\/i0.wp.com\/elcuyabranpost.com\/wp-content\/uploads\/2024\/09\/1-3.png?resize=1024%2C576\" alt=\"\" class=\"wp-image-3997\" srcset=\"https:\/\/i0.wp.com\/elcuyabranpost.com\/wp-content\/uploads\/2024\/09\/1-3.png?resize=1024%2C576&amp;ssl=1 1024w, https:\/\/i0.wp.com\/elcuyabranpost.com\/wp-content\/uploads\/2024\/09\/1-3.png?resize=300%2C169&amp;ssl=1 300w, https:\/\/i0.wp.com\/elcuyabranpost.com\/wp-content\/uploads\/2024\/09\/1-3.png?resize=768%2C432&amp;ssl=1 768w, https:\/\/i0.wp.com\/elcuyabranpost.com\/wp-content\/uploads\/2024\/09\/1-3.png?resize=1536%2C864&amp;ssl=1 1536w, https:\/\/i0.wp.com\/elcuyabranpost.com\/wp-content\/uploads\/2024\/09\/1-3.png?w=1920&amp;ssl=1 1920w\" sizes=\"(max-width: 1000px) 100vw, 1000px\" \/><\/figure>\n\n\n\n<p style=\"font-size:22px\"><strong>Soledad y desamparo<\/strong><\/p>\n\n\n\n<p style=\"font-size:22px\">La entrevista la hicimos el pasado 21 de septiembre fecha en la que se celebra el d\u00eda mundial del Alzheimer. Partiendo de la base de que esta patolog\u00eda es, de las asociadas al tema de la demencia, una de las que m\u00e1s carga los sistemas de salud. Adicional a esto, llega por lo general, en la vejez, lo que nos abri\u00f3 la perspectiva a un panorama desconocido por quienes no trabajamos directamente con estos temas, pese a que nos afectar\u00e1 a todos.<\/p>\n\n\n\n<p style=\"font-size:22px\">\u201cSi revisamos las estad\u00edsticas a nivel poblacional, el 19% de nuestra poblaci\u00f3n est\u00e1 envejecida, lo que implica que a futuro tambi\u00e9n: los puntos porcentuales de crecimiento de hace 10 a\u00f1os son mayores que los de hace 20\u201d, explica Arbel\u00e1ez. Ya hab\u00edamos abordado par de factores determinantes para el fen\u00f3meno: hay cada vez menos nacimientos, mientras que la poblaci\u00f3n que ronda o sobrepasa los 60 se ve multiplicada por la llegada de retirados del pa\u00eds y del mundo en busca de una vivienda acorde a sus expectativas de una vejez feliz. A esto s\u00famale el aumento en la expectativa de vida (resultado de los avances en medicina y farma), y la migraci\u00f3n de j\u00f3venes a lugares con mayores y mejores oportunidades.<\/p>\n\n\n\n<p style=\"font-size:22px\">En su labor de investigador, Arbel\u00e1ez Caro es el coautor de dos estudios que dan cuenta del panorama que enfrenta la poblaci\u00f3n <em>s\u00e9nior<\/em> en el departamento. Comparando a ambos, se puede identificar una diferencia grande en c\u00f3mo se afronta la vejez, tanto en el \u00e1rea rural como en la zona urbana. Pero ambos casos, la visi\u00f3n preocupa.<\/p>\n\n\n\n<figure class=\"wp-block-image size-large\"><img data-recalc-dims=\"1\" loading=\"lazy\" decoding=\"async\" width=\"1024\" height=\"576\" src=\"https:\/\/i0.wp.com\/elcuyabranpost.com\/wp-content\/uploads\/2024\/09\/3-4.png?resize=1024%2C576\" alt=\"\" class=\"wp-image-3999\" srcset=\"https:\/\/i0.wp.com\/elcuyabranpost.com\/wp-content\/uploads\/2024\/09\/3-4.png?resize=1024%2C576&amp;ssl=1 1024w, https:\/\/i0.wp.com\/elcuyabranpost.com\/wp-content\/uploads\/2024\/09\/3-4.png?resize=300%2C169&amp;ssl=1 300w, https:\/\/i0.wp.com\/elcuyabranpost.com\/wp-content\/uploads\/2024\/09\/3-4.png?resize=768%2C432&amp;ssl=1 768w, https:\/\/i0.wp.com\/elcuyabranpost.com\/wp-content\/uploads\/2024\/09\/3-4.png?resize=1536%2C864&amp;ssl=1 1536w, https:\/\/i0.wp.com\/elcuyabranpost.com\/wp-content\/uploads\/2024\/09\/3-4.png?w=1920&amp;ssl=1 1920w\" sizes=\"(max-width: 1000px) 100vw, 1000px\" \/><\/figure>\n\n\n\n<p style=\"font-size:22px\">-Junto con Juan Gonz\u00e1les, Andr\u00e9s Ahumada, Nelsi Marisol Ram\u00edrez, Alexa Viviana Trujillo y Juli\u00e1n Andr\u00e9s Velasco hicimos el estudio \u2018Factores de vulnerabilidad asociada a la percepci\u00f3n de soledad social en adultos mayores del departamento del Quindio (Colombia)\u2019 que explor\u00f3 el tema en ambientes urbanos. Son individuos que pueden estar viviendo en lugares muy privilegiados en el norte de Armenia con todos los recursos necesarios para atender sus necesidades. Los encuestados declararon no sentirse acompa\u00f1ados, pese a contar con una enfermera o alg\u00fan acompa\u00f1ante en sus residencias. Por lo general sus hijos pagan sus gastos, pero no los visitan, aisl\u00e1ndolos de una interacci\u00f3n social con sus propios n\u00facleos familiares.<\/p>\n\n\n\n<p style=\"font-size:22px\">El otro estudio, correspondiente al levantamiento de un perfil vincular de la poblaci\u00f3n recolectora de caf\u00e9, fue publicado de la mano con Ricardo Andrade Rodr\u00edguez, y arroj\u00f3 pautas sobre c\u00f3mo se vinculan socialmente, cu\u00e1l es su relaci\u00f3n con s\u00ed mismos y con su salud: \u201cUna poblaci\u00f3n con alto nivel de envejecimiento, porque no hay el suficiente relevo generacional, como pasa con todos los campesinos\u201d, indica. Los resultados se\u00f1alan, primero, que la demencia, como el resto de las enfermedades, se entiende como algo destinado a pasar. \u201cPero tambi\u00e9n encontramos que existe un prejuicio en torno a recibir atenci\u00f3n m\u00e9dica. No acuden a las EPS o a los centros de salud, si piden una cita la programan muchas semanas despu\u00e9s, si el abuelito se cae no hay qui\u00e9n lo lleve. En general se perciben como personas solas\u201d.<\/p>\n\n\n\n<p style=\"font-size:22px\">-\u00bfEn ambos casos se presentan casos de aislamiento y percepci\u00f3n de soledad?<\/p>\n\n\n\n<p style=\"font-size:22px\">-S\u00ed, y este es uno de los factores que puede desencadenar la demencia. No me quiero imaginar c\u00f3mo ser\u00e1 en estratos bajos de zonas urbanas: un segmento de la poblaci\u00f3n que no hemos abordado y en los que, suponemos, debe haber un alto volumen de casos de abandono.<\/p>\n\n\n\n<div style=\"height:100px\" aria-hidden=\"true\" class=\"wp-block-spacer\"><\/div>\n\n\n\n<figure class=\"wp-block-image size-large\"><img data-recalc-dims=\"1\" loading=\"lazy\" decoding=\"async\" width=\"1024\" height=\"576\" src=\"https:\/\/i0.wp.com\/elcuyabranpost.com\/wp-content\/uploads\/2024\/09\/2-4.png?resize=1024%2C576\" alt=\"\" class=\"wp-image-3998\" srcset=\"https:\/\/i0.wp.com\/elcuyabranpost.com\/wp-content\/uploads\/2024\/09\/2-4.png?resize=1024%2C576&amp;ssl=1 1024w, https:\/\/i0.wp.com\/elcuyabranpost.com\/wp-content\/uploads\/2024\/09\/2-4.png?resize=300%2C169&amp;ssl=1 300w, https:\/\/i0.wp.com\/elcuyabranpost.com\/wp-content\/uploads\/2024\/09\/2-4.png?resize=768%2C432&amp;ssl=1 768w, https:\/\/i0.wp.com\/elcuyabranpost.com\/wp-content\/uploads\/2024\/09\/2-4.png?resize=1536%2C864&amp;ssl=1 1536w, https:\/\/i0.wp.com\/elcuyabranpost.com\/wp-content\/uploads\/2024\/09\/2-4.png?w=1920&amp;ssl=1 1920w\" sizes=\"(max-width: 1000px) 100vw, 1000px\" \/><\/figure>\n\n\n\n<p style=\"font-size:22px\"><strong>De cara a una nueva demograf\u00eda<\/strong><\/p>\n\n\n\n<p style=\"font-size:22px\">-\u00bfEstamos preparados para esto?<\/p>\n\n\n\n<p style=\"font-size:22px\">-Claramente no. Ya estaba en el diagn\u00f3stico que hab\u00eda hecho el gobierno Petro sobre el sistema para alimentar la propuesta de su reforma de Salud, que era m\u00e1s preventivo. Lastimosamente el proyecto se cay\u00f3, pero si lo pensamos desde la \u00f3ptica de la capacidad instalada actual de nuestras comunidades, la realidad es que no estamos preparados.<\/p>\n\n\n\n<p style=\"font-size:22px\">Y no lo estamos, a\u00f1ade, si se tiene en cuenta que nuestras ciudades no est\u00e1n dise\u00f1adas para dar una buena atenci\u00f3n a nuestros mayores.<\/p>\n\n\n\n<p style=\"font-size:22px\">-Me pregunt\u00f3, por ejemplo, qu\u00e9 pasa con los adultos mayores que vienen de Circasia, Filandia o Salento y van para la sede de Onc\u00f3logos del Occidente, en la Centenario, en Armenia. La buseta los deja en el <em>roundpoint<\/em> pero al otro lado de la avenida, y no hay cebras (pasos peatonales) ni puentes, ni hay d\u00f3nde se resguarden de la lluvia o el sol.<\/p>\n\n\n\n<p style=\"font-size:22px\">Es decir, las ciudades no cuentan con las facilidades requeridas para que una poblaci\u00f3n masiva y entrada en a\u00f1os se movilice con facilidad, y esto influye en su calidad de vida. Pero hay algo m\u00e1s: una carencia importante en la misma salud mental de los adultos mayores. Y es una crisis que incluso resulta peor, sin que haya ning\u00fan programa que aborde esta situaci\u00f3n. \u201cRequerimos que se realicen an\u00e1lisis intersectoriales entre los actores relacionados con el tema para poder proponer soluciones. Entre estas, sin lugar a dudas, est\u00e1 lo que quede establecido en los Planes y Esquemas de Ordenamiento Territorial\u201d.<\/p>\n\n\n\n<figure class=\"wp-block-image size-large\"><img data-recalc-dims=\"1\" loading=\"lazy\" decoding=\"async\" width=\"1024\" height=\"576\" src=\"https:\/\/i0.wp.com\/elcuyabranpost.com\/wp-content\/uploads\/2024\/09\/6-1.png?resize=1024%2C576\" alt=\"\" class=\"wp-image-4002\" srcset=\"https:\/\/i0.wp.com\/elcuyabranpost.com\/wp-content\/uploads\/2024\/09\/6-1.png?resize=1024%2C576&amp;ssl=1 1024w, https:\/\/i0.wp.com\/elcuyabranpost.com\/wp-content\/uploads\/2024\/09\/6-1.png?resize=300%2C169&amp;ssl=1 300w, https:\/\/i0.wp.com\/elcuyabranpost.com\/wp-content\/uploads\/2024\/09\/6-1.png?resize=768%2C432&amp;ssl=1 768w, https:\/\/i0.wp.com\/elcuyabranpost.com\/wp-content\/uploads\/2024\/09\/6-1.png?resize=1536%2C864&amp;ssl=1 1536w, https:\/\/i0.wp.com\/elcuyabranpost.com\/wp-content\/uploads\/2024\/09\/6-1.png?w=1920&amp;ssl=1 1920w\" sizes=\"(max-width: 1000px) 100vw, 1000px\" \/><\/figure>\n\n\n\n<p style=\"font-size:22px\">Pero tambi\u00e9n ser\u00e1 necesario un significativo esfuerzo interinstitucional para revisar las pautas de atenci\u00f3n, de acompa\u00f1amiento (un tema en el que <a href=\"https:\/\/elcuyabranpost.com\/index.php\/2023\/10\/25\/como-salir-del-top-del-desempleo-4-aproximaciones\/\" title=\"\">una parte de la poblaci\u00f3n migrante podr\u00eda participar<\/a> e ingresar de este modo a un mercado laboral m\u00e1s formal), y algo que incre\u00edblemente, siempre se pasa por alto: la prevenci\u00f3n en t\u00e9rminos de salud mental.<\/p>\n\n\n\n<p style=\"font-size:22px\">-\u00bfSe puede prevenir la demencia?<\/p>\n\n\n\n<p style=\"font-size:22px\">-No se puede detener, pero se puede minimizar el impacto del deterioro cognitivo- explica Arbel\u00e1ez \u2013siempre y cuando se atiendan los factores potencialmente modificables.<\/p>\n\n\n\n<p style=\"font-size:22px\">El psic\u00f3logo nos remite a <a href=\"https:\/\/www.thelancet.com\/journals\/lancet\/article\/PIIS0140-6736(24)01296-0\/abstract?mc_cid=9d4b08a8a6&amp;mc_eid=UNIQID\" title=\"\">una publicaci\u00f3n de la revista m\u00e9dica The Lancet<\/a>, en el que se identifican factores potencialmente modificables y que intervendr\u00edan en el desarrollo de este tipo de cuadros. De acuerdo con el estudio \u2018Dementia prevention, intervention, and care: 2024 report of the Lancet standing Commission\u2019. Entre los hallazgos se encuentran cosas bien particulares que podr\u00edan ayudar a orientar las pol\u00edticas de salud mental en la regi\u00f3n:<\/p>\n\n\n\n<figure class=\"wp-block-image size-large\"><img data-recalc-dims=\"1\" loading=\"lazy\" decoding=\"async\" width=\"1024\" height=\"576\" src=\"https:\/\/i0.wp.com\/elcuyabranpost.com\/wp-content\/uploads\/2024\/09\/7-2.png?resize=1024%2C576\" alt=\"\" class=\"wp-image-4003\" srcset=\"https:\/\/i0.wp.com\/elcuyabranpost.com\/wp-content\/uploads\/2024\/09\/7-2.png?resize=1024%2C576&amp;ssl=1 1024w, https:\/\/i0.wp.com\/elcuyabranpost.com\/wp-content\/uploads\/2024\/09\/7-2.png?resize=300%2C169&amp;ssl=1 300w, https:\/\/i0.wp.com\/elcuyabranpost.com\/wp-content\/uploads\/2024\/09\/7-2.png?resize=768%2C432&amp;ssl=1 768w, https:\/\/i0.wp.com\/elcuyabranpost.com\/wp-content\/uploads\/2024\/09\/7-2.png?resize=1536%2C864&amp;ssl=1 1536w, https:\/\/i0.wp.com\/elcuyabranpost.com\/wp-content\/uploads\/2024\/09\/7-2.png?w=1920&amp;ssl=1 1920w\" sizes=\"(max-width: 1000px) 100vw, 1000px\" \/><\/figure>\n\n\n\n<p style=\"font-size:22px\">-El nivel de educaci\u00f3n en la ni\u00f1ez influye en la incidencia de estas patolog\u00edas. En el periodo comprendido entre los 18 y los 65 a\u00f1os, recomienda tener una vida activa en los \u00e1mbitos cognitivo, f\u00edsico y social, lo que reduce los riesgos incluso, si no se cont\u00f3 con un buen acceso a la educaci\u00f3n en la infancia.<\/p>\n\n\n\n<p style=\"font-size:22px\">-Entre los factores ambientales, llama la atenci\u00f3n la influencia de la poluci\u00f3n del aire en la ocurrencia de cuadros de demencia. \u201cLos encargados de las pol\u00edticas p\u00fablicas deben implementar estrategias para mejorar la calidad del aire\u201d, indica el informe. Tambi\u00e9n conmina a incentivar el uso de cascos en el uso de bicicletas o en deportes de contacto.<\/p>\n\n\n\n<p style=\"font-size:22px\">-La p\u00e9rdida de audici\u00f3n o de visi\u00f3n, el consumo de cigarrillo y de alcohol, la hipertensi\u00f3n, el colesterol, la obesidad, la soledad, tienen alguna relaci\u00f3n con el desarrollo de este tipo de cuadros.<\/p>\n\n\n\n<p style=\"font-size:22px\">\u201cPero, adem\u00e1s, en la poblaci\u00f3n m\u00e1s adulta, recomienda tanto el manejo de un segundo idioma como el uso de redes sociales: el primero al ser un ejercicio de memoria que mantiene un nivel de actividad cerebral, y el segundo, porque pueden suplir de alguna manera, el apoyo emocional en los \u00faltimos a\u00f1os\u201d, indica Arbel\u00e1ez. Hasta all\u00e1 llegar\u00eda la responsabilidad del Estado en este prop\u00f3sito, y que no nos agarre desprevenidos una crisis que podr\u00eda desbordar la capacidad de respuesta de una sociedad que se envejece a espaldas de los tomadores de decisiones.<\/p>\n\n\n\n<hr class=\"wp-block-separator has-alpha-channel-opacity\"\/>\n\n\n\n<p style=\"font-size:22px\"><em>Para la realizaci\u00f3n de las im\u00e1genes que acompa\u00f1an este art\u00edculo se emplearon recursos de inteligencia artificial y de Pixabay.<\/em><\/p>\n","protected":false},"excerpt":{"rendered":"<p>Por: Sandra Arias y Andr\u00e9s Mej\u00eda Una bomba demogr\u00e1fica podr\u00eda colapsar los sistemas de salud y de atenci\u00f3n del departamento y parece que nadie se hace cargo. Hace bastante (est\u00e1bamos empezando con este medio de comunicaci\u00f3n) hablamos sobre el proceso acelerado de envejecimiento que se presenta en el departamento. Generado por la baja tasa de [&hellip;]<\/p>\n","protected":false},"author":1,"featured_media":4000,"comment_status":"open","ping_status":"open","sticky":false,"template":"","format":"standard","meta":{"om_disable_all_campaigns":false,"_monsterinsights_skip_tracking":false,"_monsterinsights_sitenote_active":false,"_monsterinsights_sitenote_note":"","_monsterinsights_sitenote_category":0,"_uf_show_specific_survey":0,"_uf_disable_surveys":false,"_jetpack_memberships_contains_paid_content":false,"footnotes":""},"categories":[16],"tags":[28,442,126,32],"class_list":["post-3996","post","type-post","status-publish","format-standard","has-post-thumbnail","hentry","category-elpostreporta","tag-demografia","tag-envejecimiento","tag-pot","tag-salud-mental"],"aioseo_notices":[],"jetpack_featured_media_url":"https:\/\/i0.wp.com\/elcuyabranpost.com\/wp-content\/uploads\/2024\/09\/4-3.png?fit=1920%2C1080&ssl=1","jetpack_sharing_enabled":true,"_links":{"self":[{"href":"https:\/\/elcuyabranpost.com\/index.php\/wp-json\/wp\/v2\/posts\/3996"}],"collection":[{"href":"https:\/\/elcuyabranpost.com\/index.php\/wp-json\/wp\/v2\/posts"}],"about":[{"href":"https:\/\/elcuyabranpost.com\/index.php\/wp-json\/wp\/v2\/types\/post"}],"author":[{"embeddable":true,"href":"https:\/\/elcuyabranpost.com\/index.php\/wp-json\/wp\/v2\/users\/1"}],"replies":[{"embeddable":true,"href":"https:\/\/elcuyabranpost.com\/index.php\/wp-json\/wp\/v2\/comments?post=3996"}],"version-history":[{"count":2,"href":"https:\/\/elcuyabranpost.com\/index.php\/wp-json\/wp\/v2\/posts\/3996\/revisions"}],"predecessor-version":[{"id":4006,"href":"https:\/\/elcuyabranpost.com\/index.php\/wp-json\/wp\/v2\/posts\/3996\/revisions\/4006"}],"wp:featuredmedia":[{"embeddable":true,"href":"https:\/\/elcuyabranpost.com\/index.php\/wp-json\/wp\/v2\/media\/4000"}],"wp:attachment":[{"href":"https:\/\/elcuyabranpost.com\/index.php\/wp-json\/wp\/v2\/media?parent=3996"}],"wp:term":[{"taxonomy":"category","embeddable":true,"href":"https:\/\/elcuyabranpost.com\/index.php\/wp-json\/wp\/v2\/categories?post=3996"},{"taxonomy":"post_tag","embeddable":true,"href":"https:\/\/elcuyabranpost.com\/index.php\/wp-json\/wp\/v2\/tags?post=3996"}],"curies":[{"name":"wp","href":"https:\/\/api.w.org\/{rel}","templated":true}]}}