{"id":4206,"date":"2024-10-20T19:12:17","date_gmt":"2024-10-21T00:12:17","guid":{"rendered":"https:\/\/elcuyabranpost.com\/?p=4206"},"modified":"2024-10-20T20:35:13","modified_gmt":"2024-10-21T01:35:13","slug":"nous-el-camino-a-la-consciencia-por-medio-del-techno","status":"publish","type":"post","link":"https:\/\/elcuyabranpost.com\/index.php\/2024\/10\/20\/nous-el-camino-a-la-consciencia-por-medio-del-techno\/","title":{"rendered":"Nous: El camino a la consciencia por medio del techno"},"content":{"rendered":"\n<div style=\"height:100px\" aria-hidden=\"true\" class=\"wp-block-spacer\"><\/div>\n\n\n\n<p style=\"font-size:22px\">El caos y el orden. Dos conceptos que rigen el universo, y que ya fueron abordados por fil\u00f3sofos como Anax\u00e1goras, Plat\u00f3n o Arist\u00f3teles. Deber\u00eda haber un principio, eterno e infinito, que permitir\u00eda que el primero se convierta en el segundo, se preguntaron. Y a esto le llamaron Nous, un estado superior a la simple percepci\u00f3n de la realidad, a la imaginaci\u00f3n o incluso a la creencia. \u201cPerfecta consciencia despierta, la perfecta iluminaci\u00f3n profunda, leg\u00edtima clarividencia objetiva, intuici\u00f3n, mundo de los arquetipos divinales\u201d; la definici\u00f3n (la buscamos) es de Samael Aun Weor. Pero me la est\u00e1 leyendo Rommel Eduardo Sosa Su\u00e1rez, ingeniero de software, cuando le pregunto de d\u00f3nde sale su nombre art\u00edstico. S\u00ed se\u00f1ores: Rommel es Nous.<\/p>\n\n\n\n<p style=\"font-size:22px\">\u00bfQu\u00e9 tiene que ver el techno con los fil\u00f3sofos griegos cl\u00e1sicos? Para que vean amigues, en El Cuyabran Post se aprende de todo un poco. Pero adem\u00e1s, es este concepto enraizado en el mundo cl\u00e1sico el que ha guiado la carrera del productor de m\u00fasica electr\u00f3nica, dj profesional y gestor cultural y de eventos. Uno de los nombres con m\u00e1s trayectoria y que a\u00fan se mantienen activos en la escena del Eje Cafetero. Hace unos d\u00edas se present\u00f3 en Transition Club, en Armenia, y para este jueves 24 va a estar Whole Night Long en <a href=\"https:\/\/www.instagram.com\/mod3_house\/?igsh=MW9kZ2I2cWZ4dm96cQ%3D%3D\" title=\"\">Mod3 House<\/a>, en Pereira.<\/p>\n\n\n\n<p style=\"font-size:22px\">-Voy a tocar durante 7 horas seguidas, toda la noche.<\/p>\n\n\n\n<p style=\"font-size:22px\">-\u00bfToda la noche? Qu\u00e9 cansancio, te est\u00e1s tirando muy duro\u2026<\/p>\n\n\n\n<p style=\"font-size:22px\">-Pues en toda esta experiencia que he tenido con la m\u00fasica me doy cuenta hoy en d\u00eda que es el formato m\u00e1s personal que pueda tener un artista porque obliga a tener una coherencia para conectar con el p\u00fablico desde el primer momento que propones un beat hasta llevarlo a un cl\u00edmax.<\/p>\n\n\n\n<p style=\"font-size:22px\">Qui\u00e9n soy yo para contradecirlo. Si algo me queda claro es que Nous no es solo el alter ego con el que Rommel se para detr\u00e1s de una consola, sino el camino de vida que eligi\u00f3. Y es que el muchacho que por all\u00e1 en los 2000 asist\u00eda a las conferencias de Nueva Acr\u00f3polis encontr\u00f3 en la m\u00fasica, el detonante de un proceso de autodescubrimiento y sanaci\u00f3n propio.<\/p>\n\n\n\n<div style=\"height:100px\" aria-hidden=\"true\" class=\"wp-block-spacer\"><\/div>\n\n\n\n<figure class=\"wp-block-image size-large\"><img data-recalc-dims=\"1\" loading=\"lazy\" decoding=\"async\" width=\"1024\" height=\"576\" src=\"https:\/\/i0.wp.com\/elcuyabranpost.com\/wp-content\/uploads\/2024\/10\/verde-1024x576.png?resize=1024%2C576&#038;ssl=1\" alt=\"\" class=\"wp-image-4218\" srcset=\"https:\/\/i0.wp.com\/elcuyabranpost.com\/wp-content\/uploads\/2024\/10\/verde.png?resize=1024%2C576&amp;ssl=1 1024w, https:\/\/i0.wp.com\/elcuyabranpost.com\/wp-content\/uploads\/2024\/10\/verde.png?resize=300%2C169&amp;ssl=1 300w, https:\/\/i0.wp.com\/elcuyabranpost.com\/wp-content\/uploads\/2024\/10\/verde.png?resize=768%2C432&amp;ssl=1 768w, https:\/\/i0.wp.com\/elcuyabranpost.com\/wp-content\/uploads\/2024\/10\/verde.png?resize=1536%2C864&amp;ssl=1 1536w, https:\/\/i0.wp.com\/elcuyabranpost.com\/wp-content\/uploads\/2024\/10\/verde.png?w=1920&amp;ssl=1 1920w\" sizes=\"(max-width: 1000px) 100vw, 1000px\" \/><\/figure>\n\n\n\n<p style=\"font-size:22px\"><strong>El camino hasta el Nous de hoy en d\u00eda<\/strong><\/p>\n\n\n\n<p style=\"font-size:22px\">-El primer sonido que me gust\u00f3 de la electr\u00f3nica fue el m\u00e1s comercial\u2026 g\u00e9neros como el house, el tech house, el latin. Pero todo cambi\u00f3 cuando empec\u00e9 a vincularme con David Londo\u00f1o, con su proyecto Anarchy, al que apoyaba con log\u00edstica para el transporte del p\u00fablico. En esa \u00e9poca las fiestas se hac\u00edan en fincas, en parte porque no hab\u00eda establecimientos aptos para la m\u00fasica por los prejuicios, pero tambi\u00e9n porque la gente las relacionaba con drogas, con degenero, nos dec\u00edan que \u00e9ramos sat\u00e1nicos.<\/p>\n\n\n\n<p style=\"font-size:22px\">-Bueno pero es que el concepto gr\u00e1fico de Anarchy era bastante agresivo- le interpelo.<\/p>\n\n\n\n<p style=\"font-size:22px\">-S\u00ed (se rie)\u2026 es que todo, empezando por el nombre, estaba enfocado a la resistencia, la rebeld\u00eda, desde el colectivo intentaba ser disruptivo.<\/p>\n\n\n\n<p style=\"font-size:22px\">El mostrarse como el lado m\u00e1s heavy de la electr\u00f3nica en esa \u00e9poca no fue gratuito: Anarchy convirti\u00f3 a Armenia en la capital nacional del industrial y el hard techno, trayendo a artistas de de Alemania, Holanda, Sur\u00e1frica, Espa\u00f1a, Reino Unido o Estados Unidos, algunos de los cuales solo ten\u00edan una fecha en toda Colombia. Eso atrajo a un p\u00fablico nacional en su \u00e9poca. El mismo Nous reconoce el legado que Londo\u00f1o dej\u00f3 en el panorama.<\/p>\n\n\n\n<figure class=\"wp-block-image size-large\"><img data-recalc-dims=\"1\" loading=\"lazy\" decoding=\"async\" width=\"1024\" height=\"576\" src=\"https:\/\/i0.wp.com\/elcuyabranpost.com\/wp-content\/uploads\/2024\/10\/6-2.png?resize=1024%2C576\" alt=\"\" class=\"wp-image-4212\" srcset=\"https:\/\/i0.wp.com\/elcuyabranpost.com\/wp-content\/uploads\/2024\/10\/6-2.png?resize=1024%2C576&amp;ssl=1 1024w, https:\/\/i0.wp.com\/elcuyabranpost.com\/wp-content\/uploads\/2024\/10\/6-2.png?resize=300%2C169&amp;ssl=1 300w, https:\/\/i0.wp.com\/elcuyabranpost.com\/wp-content\/uploads\/2024\/10\/6-2.png?resize=768%2C432&amp;ssl=1 768w, https:\/\/i0.wp.com\/elcuyabranpost.com\/wp-content\/uploads\/2024\/10\/6-2.png?resize=1536%2C864&amp;ssl=1 1536w, https:\/\/i0.wp.com\/elcuyabranpost.com\/wp-content\/uploads\/2024\/10\/6-2.png?w=1920&amp;ssl=1 1920w\" sizes=\"(max-width: 1000px) 100vw, 1000px\" \/><\/figure>\n\n\n\n<p style=\"font-size:22px\">-Adem\u00e1s fueron mis bases, y me dio la oportunidad de pasar del backstage a la tarima. A presentarme las primeras veces en 2007 o 2008. En esa \u00e9poca todo era an\u00e1logo, e implicaba tener vinilos, tornamesas, equipos que hab\u00eda que comprar en Europa con una tarjeta de cr\u00e9dito. Eso me gust\u00f3 porque era s\u00faper exclusivo.<\/p>\n\n\n\n<p style=\"font-size:22px\">Pero no se lleven una impresi\u00f3n errada del joven Rommel. Lo que le motivaba no era tanto la far\u00e1ndula, sino la complejidad que se pod\u00eda lograr con un sonido m\u00e1s estructurado. Fue lo que lo llev\u00f3 de los hits de las listas a la oscuridad y la densidad del hard y el industrial.&nbsp; Y sin embargo, me cuenta, algo faltaba, luego de a\u00f1os de estar consumiendo y alimentando la bestia desde adentro. Entonces lleg\u00f3 a sus manos la m\u00fasica de <a href=\"https:\/\/open.spotify.com\/intl-es\/artist\/3jisZjR3TBVb9tIfTbRHTS?si=4bRm4CsuS2eATmtijF8ZYQ\" title=\"\">\u00d3scar Mulero<\/a>.<\/p>\n\n\n\n<p style=\"font-size:22px\">-Encontr\u00e9 en su trabajo unos matices que inconscientemente estaba buscando. Este man es un cham\u00e1n que a trav\u00e9s de un techno muy hipn\u00f3tico lleva a la gente a un trance. Me mostr\u00f3 otras posibilidades y me puso a investigar este tipo de sonido, a qu\u00e9 escuelas iban, cu\u00e1les eran las bases cient\u00edficas que le permit\u00eda hacer estas cosas. Hoy en d\u00eda mi set tiene de todo, un espectro muy amplio bajo la estructura de un sonido en espec\u00edfico, pero muy mental, psic\u00f3delico, buscando generar esas atmosferas. La conclusi\u00f3n es que he llegado a <a href=\"https:\/\/soundcloud.com\/conceptofractal\/concepto-fractal-series-001-n-o-u-s?ref=clipboard&amp;p=i&amp;c=0&amp;si=06454BAF5AA94A10A00B8B0332D62B55&amp;utm_source=clipboard&amp;utm_medium=text&amp;utm_campaign=social_sharing\" title=\"\">una composici\u00f3n mucho m\u00e1s completa<\/a> que la que hac\u00eda en mis inicios.<\/p>\n\n\n\n<div style=\"height:100px\" aria-hidden=\"true\" class=\"wp-block-spacer\"><\/div>\n\n\n\n<figure class=\"wp-block-image size-large\"><img data-recalc-dims=\"1\" loading=\"lazy\" decoding=\"async\" width=\"1024\" height=\"576\" src=\"https:\/\/i0.wp.com\/elcuyabranpost.com\/wp-content\/uploads\/2024\/10\/cita-1024x576.png?resize=1024%2C576&#038;ssl=1\" alt=\"\" class=\"wp-image-4214\" srcset=\"https:\/\/i0.wp.com\/elcuyabranpost.com\/wp-content\/uploads\/2024\/10\/cita.png?resize=1024%2C576&amp;ssl=1 1024w, https:\/\/i0.wp.com\/elcuyabranpost.com\/wp-content\/uploads\/2024\/10\/cita.png?resize=300%2C169&amp;ssl=1 300w, https:\/\/i0.wp.com\/elcuyabranpost.com\/wp-content\/uploads\/2024\/10\/cita.png?resize=768%2C432&amp;ssl=1 768w, https:\/\/i0.wp.com\/elcuyabranpost.com\/wp-content\/uploads\/2024\/10\/cita.png?resize=1536%2C864&amp;ssl=1 1536w, https:\/\/i0.wp.com\/elcuyabranpost.com\/wp-content\/uploads\/2024\/10\/cita.png?w=1920&amp;ssl=1 1920w\" sizes=\"(max-width: 1000px) 100vw, 1000px\" \/><\/figure>\n\n\n\n<p style=\"font-size:22px\"><strong>Orden y caos<\/strong><\/p>\n\n\n\n<p style=\"font-size:22px\">\u201cLo de sonar brutal para que la gente se enfieste y se drogue toda la noche hace mucho tiempo lo dej\u00e9 atr\u00e1s\u201d, me confiesa, \u201cprefiero tener la oportunidad de hacer una presentaci\u00f3n y que haya un p\u00fablico que sienta que algo cambi\u00f3, que la manera de percibir el espacio fue m\u00e1s fraternal, m\u00e1s consciente y de atenci\u00f3n\u201d.<\/p>\n\n\n\n<p style=\"font-size:22px\">La concordancia entre lo que se plantea actualmente y su b\u00fasqueda temprana es clara. Para Nous, su m\u00fasica debe ser para generar una consciencia, no para perderla. Una muestra de madurez, no solo de \u00e9l, parece, sino como una especie de zeitgeist en parte del mundo del techno. \u201cVarios artistas que admiro han llegado a las mismas conclusiones, haciendo que su sonido trascienda\u201d.<\/p>\n\n\n\n<p style=\"font-size:22px\">-\u00bfFue la pandemia el catalizador para que la electr\u00f3nica haya virado en parte a ser algo m\u00e1s personal y menos colectivo?<\/p>\n\n\n\n<figure class=\"wp-block-embed is-type-video is-provider-youtube wp-block-embed-youtube wp-embed-aspect-16-9 wp-has-aspect-ratio\"><div class=\"wp-block-embed__wrapper\">\n<iframe loading=\"lazy\" title=\"PODCAST [ NUR 018 ] | NOUS\" width=\"500\" height=\"281\" src=\"https:\/\/www.youtube.com\/embed\/teLhnZqVrjE?feature=oembed\" frameborder=\"0\" allow=\"accelerometer; autoplay; clipboard-write; encrypted-media; gyroscope; picture-in-picture; web-share\" referrerpolicy=\"strict-origin-when-cross-origin\" allowfullscreen><\/iframe>\n<\/div><\/figure>\n\n\n\n<p style=\"font-size:22px\">-Yo creo que s\u00ed, porque cambi\u00f3 la experiencia en todos los \u00e1mbitos y aspectos. Cuando nos encerraron y nos dimos cuenta que algunas personas que parec\u00edan no parar en la casa y mantener en la calle lo hac\u00edan, seguramente, porque ten\u00edan que enfrentar realidades que nadie sab\u00eda, de pronto un pap\u00e1 abusivo, una mala relaci\u00f3n con un familiar. Por eso en esa \u00e9poca creamos un podcast para acompa\u00f1ar el confinamiento con nuestra m\u00fasica. Pero cambiando el enfoque porque no era para bailar, sino para ponerse unos aud\u00edfonos y poder trabajar. Hab\u00eda que cambiar el formato.<\/p>\n\n\n\n<p style=\"font-size:22px\">Nous es contundente: la evoluci\u00f3n en el periodo entre 2020 y 2024 es tangible. \u201cHay gente que hace cosas brutales con sonidos de la selva, de la noche, de animales, y todo eso se masific\u00f3 en la pandemia porque muchos emergentes empezaron a sacar esos proyectos y a masificarse\u201d. Esto, obviamente, no cobija globalmente a toda la electr\u00f3nica; el Tomorrowland sigue llen\u00e1ndose hasta las tet*s. Pero muchos de los antiguos ravers, de noches sin fin y cocteles de estimulantes parecen haber dado un giro guiado por la exploraci\u00f3n de nuevos sonidos m\u00e1s atmosf\u00e9ricos y contemplativos que permiten que el caos de \u00e9pocas m\u00e1s j\u00f3venes empiecen a adquirir cierta estructura.<\/p>\n\n\n\n<div style=\"height:100px\" aria-hidden=\"true\" class=\"wp-block-spacer\"><\/div>\n\n\n\n<figure class=\"wp-block-image size-large\"><img data-recalc-dims=\"1\" loading=\"lazy\" decoding=\"async\" width=\"1024\" height=\"576\" src=\"https:\/\/i0.wp.com\/elcuyabranpost.com\/wp-content\/uploads\/2024\/10\/5-4.png?resize=1024%2C576\" alt=\"\" class=\"wp-image-4211\" srcset=\"https:\/\/i0.wp.com\/elcuyabranpost.com\/wp-content\/uploads\/2024\/10\/5-4.png?resize=1024%2C576&amp;ssl=1 1024w, https:\/\/i0.wp.com\/elcuyabranpost.com\/wp-content\/uploads\/2024\/10\/5-4.png?resize=300%2C169&amp;ssl=1 300w, https:\/\/i0.wp.com\/elcuyabranpost.com\/wp-content\/uploads\/2024\/10\/5-4.png?resize=768%2C432&amp;ssl=1 768w, https:\/\/i0.wp.com\/elcuyabranpost.com\/wp-content\/uploads\/2024\/10\/5-4.png?resize=1536%2C864&amp;ssl=1 1536w, https:\/\/i0.wp.com\/elcuyabranpost.com\/wp-content\/uploads\/2024\/10\/5-4.png?w=1920&amp;ssl=1 1920w\" sizes=\"(max-width: 1000px) 100vw, 1000px\" \/><\/figure>\n\n\n\n<p style=\"font-size:22px\"><strong>Por la escucha consciente<\/strong><\/p>\n\n\n\n<p style=\"font-size:22px\">Se acerca adem\u00e1s otra revoluci\u00f3n. Y es que, as\u00ed como en todos los campos de la producci\u00f3n humana, las bases parecen tambalearse con la irrupci\u00f3n de una Inteligencia Artificial que te genera un track bastante decente en 2 minutos.<\/p>\n\n\n\n<p style=\"font-size:22px\">-Pues hay un debate, pero sobre todo en la industria comercial. Pero para el m\u00fasico de estudio la producci\u00f3n es m\u00e1s an\u00e1loga, y eso le agrega atributos en la calidad del sonido. Igual es una herramienta y no me parece mal, siempre y cuando haya un componente org\u00e1nico en la concepci\u00f3n y creaci\u00f3n que humanice el producto final. Hay que entender que estamos en una transici\u00f3n, y si o si hay que aceptarla. Pero cada uno sigue en su esencia.<\/p>\n\n\n\n<p style=\"font-size:22px\">-\u00bfC\u00f3mo ves el panorama del Eje Cafetero?<\/p>\n\n\n\n<p style=\"font-size:22px\">-Est\u00e1 en muy buen momento. La escena ha pasado por muchos procesos y hoy vemos a colectivos que est\u00e1n haciendo cosas muy bacanas en el Eje Cafetero gracias a la uni\u00f3n, a apuntar en colectivo a intereses y metas en com\u00fan, a diferencia de hace 15 a\u00f1os, donde eran dos o tres los que propon\u00edan, pero siempre en competencia. Y no lo hablo por la escena de nosotros, sino que era generalizado y en todas las ciudades.<\/p>\n\n\n\n<figure class=\"wp-block-image size-large\"><img data-recalc-dims=\"1\" loading=\"lazy\" decoding=\"async\" width=\"1024\" height=\"576\" src=\"https:\/\/i0.wp.com\/elcuyabranpost.com\/wp-content\/uploads\/2024\/10\/4-4.png?resize=1024%2C576\" alt=\"\" class=\"wp-image-4210\" srcset=\"https:\/\/i0.wp.com\/elcuyabranpost.com\/wp-content\/uploads\/2024\/10\/4-4.png?resize=1024%2C576&amp;ssl=1 1024w, https:\/\/i0.wp.com\/elcuyabranpost.com\/wp-content\/uploads\/2024\/10\/4-4.png?resize=300%2C169&amp;ssl=1 300w, https:\/\/i0.wp.com\/elcuyabranpost.com\/wp-content\/uploads\/2024\/10\/4-4.png?resize=768%2C432&amp;ssl=1 768w, https:\/\/i0.wp.com\/elcuyabranpost.com\/wp-content\/uploads\/2024\/10\/4-4.png?resize=1536%2C864&amp;ssl=1 1536w, https:\/\/i0.wp.com\/elcuyabranpost.com\/wp-content\/uploads\/2024\/10\/4-4.png?w=1920&amp;ssl=1 1920w\" sizes=\"(max-width: 1000px) 100vw, 1000px\" \/><\/figure>\n\n\n\n<p style=\"font-size:22px\">-Esta pregunta ya la hab\u00eda hecho en otra oportunidad \u00bfHa cambiado el p\u00fablico?<\/p>\n\n\n\n<p style=\"font-size:22px\">-Pues mucha de la gente de la \u00e9poca se ha quedado porque cambiaron sus prioridades, tuvieron familia y en alg\u00fan momento no le encontraron m\u00e1s gusto. As\u00ed como hay otros que seguimos encontr\u00e1ndonos en estos espacios, porque la m\u00fasica es nuestra vida; no es que haya sido cuesti\u00f3n de una \u00e9poca en particular. Ahora, se ven muchos j\u00f3venes. Los eventos de Cenexpo atraen a un mont\u00f3n de personas, y uno dice \u201cde d\u00f3nde sale este mont\u00f3n de gente\u201d. Es algo evidente: si en un a\u00f1o hacemos 4 eventos, nunca est\u00e1n los mismos 40 asistentes, siempre hay personas nuevas.<\/p>\n\n\n\n<p style=\"font-size:22px\">Eventos como los que se est\u00e1n proyectando para despedir el a\u00f1o, incluyendo una feria de innovaci\u00f3n en noviembre en la capital risaraldense y en la que Nous estar\u00e1 participando, como no, con un sonido ambiental alejado del toteo de las fiestas. Y otro en diciembre en las instalaciones de la antigua f\u00e1brica de Bavaria en Pereira y que, suponemos, dar\u00e1 espacio al Nous m\u00e1s bailable, aunque siempre con la inquietud por construir paisajes sonoros que estimulen la consciencia. Ah, y el All Night Long en Mod3 House del que hablamos al principio.<\/p>\n\n\n\n<figure class=\"wp-block-embed is-type-video is-provider-youtube wp-block-embed-youtube wp-embed-aspect-16-9 wp-has-aspect-ratio\"><div class=\"wp-block-embed__wrapper\">\n<iframe loading=\"lazy\" title=\"Demo Roland MC 505 | Techno Music LIVE  N O U S\" width=\"500\" height=\"281\" src=\"https:\/\/www.youtube.com\/embed\/qmaJbGeLbIw?feature=oembed\" frameborder=\"0\" allow=\"accelerometer; autoplay; clipboard-write; encrypted-media; gyroscope; picture-in-picture; web-share\" referrerpolicy=\"strict-origin-when-cross-origin\" allowfullscreen><\/iframe>\n<\/div><\/figure>\n\n\n\n<p style=\"font-size:22px\">-Realmente no estoy aplicando a cuanto evento haya porque busco tener el control sobre algunas cosas, pueda intervenir en la producci\u00f3n audiovisual y otros aspectos, porque estoy buscando dise\u00f1ar espacios que generen ese est\u00edmulo que hoy en d\u00eda busco. Vengo hace un rato haciendo eventos y proponiendo espacios as\u00ed.<\/p>\n\n\n\n<p style=\"font-size:22px\">Interpreto sus palabras: la deconstrucci\u00f3n del dj que romp\u00eda escenarios con sesiones demoledoras para derretir cerebros ha estado reconfigurando la misma manera de pensar su m\u00fasica y de hacerla. Y tal vez a muchos nos falte eso: el encontrar una colina solitaria en nuestra mente, para sentarnos en la hierba fresca y empezar a darle atenci\u00f3n y no distracci\u00f3n, a nuestra perspectiva. Supongo que Plat\u00f3n estar\u00eda muy de acuerdo.<\/p>\n","protected":false},"excerpt":{"rendered":"<p>El caos y el orden. Dos conceptos que rigen el universo, y que ya fueron abordados por fil\u00f3sofos como Anax\u00e1goras, Plat\u00f3n o Arist\u00f3teles. Deber\u00eda haber un principio, eterno e infinito, que permitir\u00eda que el primero se convierta en el segundo, se preguntaron. Y a esto le llamaron Nous, un estado superior a la simple percepci\u00f3n [&hellip;]<\/p>\n","protected":false},"author":1,"featured_media":4216,"comment_status":"open","ping_status":"open","sticky":false,"template":"","format":"standard","meta":{"om_disable_all_campaigns":false,"_monsterinsights_skip_tracking":false,"_monsterinsights_sitenote_active":false,"_monsterinsights_sitenote_note":"","_monsterinsights_sitenote_category":0,"_uf_show_specific_survey":0,"_uf_disable_surveys":false,"_jetpack_memberships_contains_paid_content":false,"footnotes":""},"categories":[105],"tags":[14,341,329,458,459,338],"class_list":["post-4206","post","type-post","status-publish","format-standard","has-post-thumbnail","hentry","category-plataforma","tag-armenia","tag-consciencia","tag-dj","tag-filosofia","tag-pereira","tag-techno"],"aioseo_notices":[],"jetpack_featured_media_url":"https:\/\/i0.wp.com\/elcuyabranpost.com\/wp-content\/uploads\/2024\/10\/Platon.png?fit=1920%2C1080&ssl=1","jetpack_sharing_enabled":true,"_links":{"self":[{"href":"https:\/\/elcuyabranpost.com\/index.php\/wp-json\/wp\/v2\/posts\/4206"}],"collection":[{"href":"https:\/\/elcuyabranpost.com\/index.php\/wp-json\/wp\/v2\/posts"}],"about":[{"href":"https:\/\/elcuyabranpost.com\/index.php\/wp-json\/wp\/v2\/types\/post"}],"author":[{"embeddable":true,"href":"https:\/\/elcuyabranpost.com\/index.php\/wp-json\/wp\/v2\/users\/1"}],"replies":[{"embeddable":true,"href":"https:\/\/elcuyabranpost.com\/index.php\/wp-json\/wp\/v2\/comments?post=4206"}],"version-history":[{"count":2,"href":"https:\/\/elcuyabranpost.com\/index.php\/wp-json\/wp\/v2\/posts\/4206\/revisions"}],"predecessor-version":[{"id":4219,"href":"https:\/\/elcuyabranpost.com\/index.php\/wp-json\/wp\/v2\/posts\/4206\/revisions\/4219"}],"wp:featuredmedia":[{"embeddable":true,"href":"https:\/\/elcuyabranpost.com\/index.php\/wp-json\/wp\/v2\/media\/4216"}],"wp:attachment":[{"href":"https:\/\/elcuyabranpost.com\/index.php\/wp-json\/wp\/v2\/media?parent=4206"}],"wp:term":[{"taxonomy":"category","embeddable":true,"href":"https:\/\/elcuyabranpost.com\/index.php\/wp-json\/wp\/v2\/categories?post=4206"},{"taxonomy":"post_tag","embeddable":true,"href":"https:\/\/elcuyabranpost.com\/index.php\/wp-json\/wp\/v2\/tags?post=4206"}],"curies":[{"name":"wp","href":"https:\/\/api.w.org\/{rel}","templated":true}]}}