{"id":4340,"date":"2024-11-09T15:37:35","date_gmt":"2024-11-09T20:37:35","guid":{"rendered":"https:\/\/elcuyabranpost.com\/?p=4340"},"modified":"2024-11-09T17:03:35","modified_gmt":"2024-11-09T22:03:35","slug":"una-accion-de-acupuntura-urbana-en-armenia","status":"publish","type":"post","link":"https:\/\/elcuyabranpost.com\/index.php\/2024\/11\/09\/una-accion-de-acupuntura-urbana-en-armenia\/","title":{"rendered":"Una acci\u00f3n de acupuntura urbana en Armenia"},"content":{"rendered":"\n<div style=\"height:100px\" aria-hidden=\"true\" class=\"wp-block-spacer\"><\/div>\n\n\n\n<p style=\"font-size:22px\">Mi amigo Juan Camilo Ortega, arquitecto especialista en arquitectura bioclim\u00e1tica, luego de leer mi columna anterior publicada \u2018<em>Brixton<\/em>\u2019, me dej\u00f3 como comentario que a lo que yo me refer\u00eda sobre darle nueva vida a los edificios mediante el reciclaje de los mismos, era una acci\u00f3n de acupuntura urbana, un t\u00e9rmino que ley\u00f3 del arquitecto y urbanista Jaime Lerner. As\u00ed, me brind\u00f3 el libro <em>Acupuntura urbana, <\/em>una lectura corta pero muy valiosa para la gesti\u00f3n de las ciudades.<\/p>\n\n\n\n<p style=\"font-size:22px\">En su obra, expone algunos proyectos realizados como alcalde de Curitiba y gobernador del estado de Paran\u00e1, en Brasil, as\u00ed como experiencias de otras ciudades a partir de necesidades puntuales.<\/p>\n\n\n\n<p style=\"font-size:22px\">En la medicina tradicional china la acupuntura es un tratamiento para el dolor en el cual se insertan agujas en lugares estrat\u00e9gicos del cuerpo para activar \u00e1reas productoras de sustancias analg\u00e9sicas. Y Lerner acu\u00f1a el t\u00e9rmino acupuntura urbana para aquellas acciones que ayuden a gestionar los problemas de las ciudades.<\/p>\n\n\n\n<p style=\"font-size:22px\">Esas acciones no est\u00e1n clasificadas expresamente, pero no son necesariamente costosas, elaboradas, o implican una transformaci\u00f3n f\u00edsica. Las mismas deben ser r\u00e1pidas y estrat\u00e9gicas para llegar a cambiar un entorno <em>enfermo <\/em>o para consolidar sectores de la ciudad.<\/p>\n\n\n\n<p style=\"font-size:22px\">El patrimonio cultural genera identidad, y en la amplitud de su concepto legal, por preguntas a varios conocidos, me he dado cuenta que la mayor\u00eda de personas que vivimos en Armenia, naturales o for\u00e1neos, no conocemos el patrimonio arquitect\u00f3nico, que debe ser protegido, existente o en v\u00edsperas de serlo.<\/p>\n\n\n\n<figure class=\"wp-block-image size-large\"><img data-recalc-dims=\"1\" loading=\"lazy\" decoding=\"async\" width=\"1024\" height=\"576\" src=\"https:\/\/i0.wp.com\/elcuyabranpost.com\/wp-content\/uploads\/2024\/11\/1-2.png?resize=1024%2C576\" alt=\"\" class=\"wp-image-4335\" srcset=\"https:\/\/i0.wp.com\/elcuyabranpost.com\/wp-content\/uploads\/2024\/11\/1-2.png?resize=1024%2C576&amp;ssl=1 1024w, https:\/\/i0.wp.com\/elcuyabranpost.com\/wp-content\/uploads\/2024\/11\/1-2.png?resize=300%2C169&amp;ssl=1 300w, https:\/\/i0.wp.com\/elcuyabranpost.com\/wp-content\/uploads\/2024\/11\/1-2.png?resize=768%2C432&amp;ssl=1 768w, https:\/\/i0.wp.com\/elcuyabranpost.com\/wp-content\/uploads\/2024\/11\/1-2.png?resize=1536%2C864&amp;ssl=1 1536w, https:\/\/i0.wp.com\/elcuyabranpost.com\/wp-content\/uploads\/2024\/11\/1-2.png?w=1920&amp;ssl=1 1920w\" sizes=\"(max-width: 1000px) 100vw, 1000px\" \/><\/figure>\n\n\n\n<p style=\"font-size:22px\">En un documental realizado por el Centro de Estudios del Patrimonio &#8211; CEPA, se muestran los tesoros ocultos y las joyas arquitect\u00f3nicas de Armenia (El documental reposa en YouTube en el siguiente link:&nbsp; <a href=\"https:\/\/www.youtube.com\/watch?v=WG2mREYuUbk\">https:\/\/www.youtube.com\/watch?v=WG2mREYuUbk<\/a>). Estoy seguro, aunque algunas obras las tenemos referenciadas como tales (el Museo del Oro Quimbaya, del maestro Salmona, y la catedral La Inmaculada Concepci\u00f3n, por ejemplo) otras no son tan conocidas y vale la pena tenerlas en cuenta: el edificio de Bellas Artes, la plaza de toros El Bosque, el tanque de la EPA, el edificio Valorizaci\u00f3n, entre varias m\u00e1s.<\/p>\n\n\n\n<p style=\"font-size:22px\">Por otro lado, reclamamos que en Armenia el espacio p\u00fablico sea de calidad y para todos, pues se han adelantado programas desde la administraci\u00f3n municipal que no han sido efectivos, sobretodo en la recuperaci\u00f3n del mismo.<\/p>\n\n\n\n<p style=\"font-size:22px\">Por esto, una propuesta incipiente de<strong> acci\u00f3n de acupuntura urbana en Armenia,<\/strong> es que el espacio p\u00fablico est\u00e9 articulado con los Bienes de Inter\u00e9s Cultural o patrimonio arquitect\u00f3nico, mediante la creaci\u00f3n de una ruta -peatonal en lo deseable- que los conecte y que permita a los propios y turistas conocerlo, revitalizarlo, visitarlo y protegerlo.<\/p>\n\n\n\n<p style=\"font-size:22px\">Esa acci\u00f3n espec\u00edfica, con la funci\u00f3n de la aguja en la acupuntura, conectar\u00eda el sector p\u00fablico y privado permitiendo generar beneficios en distintas \u00e1reas al mismo tiempo: mejorar los \u00edndices de espacio p\u00fablico efectivo, fortalecer la seguridad, dinamizar la econom\u00eda, incrementar el empleo, salvaguardar el patrimonio cultural, y desde mi perspectiva, la m\u00e1s importante: la generaci\u00f3n de identidad y sentido de pertenencia por la ciudad.<\/p>\n\n\n\n<p style=\"font-size:22px\">Por \u00faltimo, me gustar\u00eda formular las siguientes preguntas a nuestros lectores: \u00bfPor qu\u00e9 amas a Armenia? \u00bfLa conoces? \u00bfTe sientes parte de ella? \u00bfQu\u00e9 opini\u00f3n tienes de esta ciudad? \u00bfCrees que Armenia ya no tiene soluci\u00f3n?<\/p>\n\n\n\n<figure class=\"wp-block-image size-large\"><img data-recalc-dims=\"1\" loading=\"lazy\" decoding=\"async\" width=\"1024\" height=\"347\" src=\"https:\/\/i0.wp.com\/elcuyabranpost.com\/wp-content\/uploads\/2024\/11\/Amariles.png?resize=1024%2C347\" alt=\"\" class=\"wp-image-4341\" srcset=\"https:\/\/i0.wp.com\/elcuyabranpost.com\/wp-content\/uploads\/2024\/11\/Amariles.png?resize=1024%2C347&amp;ssl=1 1024w, https:\/\/i0.wp.com\/elcuyabranpost.com\/wp-content\/uploads\/2024\/11\/Amariles.png?resize=300%2C102&amp;ssl=1 300w, https:\/\/i0.wp.com\/elcuyabranpost.com\/wp-content\/uploads\/2024\/11\/Amariles.png?resize=768%2C260&amp;ssl=1 768w, https:\/\/i0.wp.com\/elcuyabranpost.com\/wp-content\/uploads\/2024\/11\/Amariles.png?resize=1536%2C520&amp;ssl=1 1536w, https:\/\/i0.wp.com\/elcuyabranpost.com\/wp-content\/uploads\/2024\/11\/Amariles.png?w=1920&amp;ssl=1 1920w\" sizes=\"(max-width: 1000px) 100vw, 1000px\" \/><\/figure>\n\n\n\n<hr class=\"wp-block-separator has-alpha-channel-opacity\"\/>\n\n\n\n<ul class=\"wp-block-list\">\n<li style=\"font-size:22px\"><em>Las opiniones ac\u00e1 expresadas son responsabilidad del autor y no reflejan exactamente la postura del medio de comunicaci\u00f3n<\/em><\/li>\n<\/ul>\n\n\n\n<ul class=\"wp-block-list\">\n<li style=\"font-size:22px\"><em>La foto de la acupuntura fue tomada de Pixabay<\/em><\/li>\n<\/ul>\n","protected":false},"excerpt":{"rendered":"<p>Mi amigo Juan Camilo Ortega, arquitecto especialista en arquitectura bioclim\u00e1tica, luego de leer mi columna anterior publicada \u2018Brixton\u2019, me dej\u00f3 como comentario que a lo que yo me refer\u00eda sobre darle nueva vida a los edificios mediante el reciclaje de los mismos, era una acci\u00f3n de acupuntura urbana, un t\u00e9rmino que ley\u00f3 del arquitecto y [&hellip;]<\/p>\n","protected":false},"author":1,"featured_media":4334,"comment_status":"open","ping_status":"open","sticky":false,"template":"","format":"standard","meta":{"om_disable_all_campaigns":false,"_monsterinsights_skip_tracking":false,"_monsterinsights_sitenote_active":false,"_monsterinsights_sitenote_note":"","_monsterinsights_sitenote_category":0,"_uf_show_specific_survey":0,"_uf_disable_surveys":false,"_jetpack_memberships_contains_paid_content":false,"footnotes":""},"categories":[40],"tags":[14,435,42],"class_list":["post-4340","post","type-post","status-publish","format-standard","has-post-thumbnail","hentry","category-opinion","tag-armenia","tag-patrimonio","tag-urbanismo"],"aioseo_notices":[],"jetpack_featured_media_url":"https:\/\/i0.wp.com\/elcuyabranpost.com\/wp-content\/uploads\/2024\/11\/acupuncture-8487057_1280.jpg?fit=1280%2C1280&ssl=1","jetpack_sharing_enabled":true,"_links":{"self":[{"href":"https:\/\/elcuyabranpost.com\/index.php\/wp-json\/wp\/v2\/posts\/4340"}],"collection":[{"href":"https:\/\/elcuyabranpost.com\/index.php\/wp-json\/wp\/v2\/posts"}],"about":[{"href":"https:\/\/elcuyabranpost.com\/index.php\/wp-json\/wp\/v2\/types\/post"}],"author":[{"embeddable":true,"href":"https:\/\/elcuyabranpost.com\/index.php\/wp-json\/wp\/v2\/users\/1"}],"replies":[{"embeddable":true,"href":"https:\/\/elcuyabranpost.com\/index.php\/wp-json\/wp\/v2\/comments?post=4340"}],"version-history":[{"count":3,"href":"https:\/\/elcuyabranpost.com\/index.php\/wp-json\/wp\/v2\/posts\/4340\/revisions"}],"predecessor-version":[{"id":4351,"href":"https:\/\/elcuyabranpost.com\/index.php\/wp-json\/wp\/v2\/posts\/4340\/revisions\/4351"}],"wp:featuredmedia":[{"embeddable":true,"href":"https:\/\/elcuyabranpost.com\/index.php\/wp-json\/wp\/v2\/media\/4334"}],"wp:attachment":[{"href":"https:\/\/elcuyabranpost.com\/index.php\/wp-json\/wp\/v2\/media?parent=4340"}],"wp:term":[{"taxonomy":"category","embeddable":true,"href":"https:\/\/elcuyabranpost.com\/index.php\/wp-json\/wp\/v2\/categories?post=4340"},{"taxonomy":"post_tag","embeddable":true,"href":"https:\/\/elcuyabranpost.com\/index.php\/wp-json\/wp\/v2\/tags?post=4340"}],"curies":[{"name":"wp","href":"https:\/\/api.w.org\/{rel}","templated":true}]}}