{"id":4504,"date":"2024-11-28T16:19:57","date_gmt":"2024-11-28T21:19:57","guid":{"rendered":"https:\/\/elcuyabranpost.com\/?p=4504"},"modified":"2024-11-28T16:50:35","modified_gmt":"2024-11-28T21:50:35","slug":"luis-esteban-le-pone-el-corazon-a-la-donacion-de-organos-en-el-quindio","status":"publish","type":"post","link":"https:\/\/elcuyabranpost.com\/index.php\/2024\/11\/28\/luis-esteban-le-pone-el-corazon-a-la-donacion-de-organos-en-el-quindio\/","title":{"rendered":"Luis Esteban le pone el coraz\u00f3n a la donaci\u00f3n de \u00f3rganos en el Quind\u00edo"},"content":{"rendered":"\n<div style=\"height:100px\" aria-hidden=\"true\" class=\"wp-block-spacer\"><\/div>\n\n\n\n<p style=\"font-size:22px\">A veces el marco legal no coincide con las buenas iniciativas. Ejemplo de esto es la decisi\u00f3n de la Corte Constitucional, que decidi\u00f3 no avalar la creaci\u00f3n del Instituto Nacional de Donaci\u00f3n y Trasplante de \u00d3rganos y Tejidos \u2013 INDTOT, iniciativa del Gobierno nacional y que pretend\u00eda entrar a coordinar y operar el Sistema Nacional de Donaci\u00f3n y Trasplante de \u00d3rganos y Tejidos de Colombia, mejorar los est\u00e1ndares internacionales en materia de trasplantes, as\u00ed como la cooperaci\u00f3n, eficiencia, equidad y solidaridad en el \u00e1mbito de la salud.<\/p>\n\n\n\n<p style=\"font-size:22px\">La sentencia de la alta corte se\u00f1ala que, pese a que la constituci\u00f3n de esta entidad estaba incluida en el Plan Nacional de Desarrollo \u2013e incluso contaba ya con un decreto que estipulaba el nacimiento de la nueva entidad, firmado por los ministerios de Hacienda y Salud, as\u00ed como por el DAFP-, el dar a luz al organismo constitu\u00eda una transformaci\u00f3n institucional que no cumpl\u00eda con los principios de consecutividad e identidad flexible, al no haber sido abordada por el Congreso.<\/p>\n\n\n\n<p style=\"font-size:22px\">Mala esa, porque de acuerdo con el Instituto Nacional de Salud \u2013la entidad que hoy en d\u00eda tiene esa competencia- a diciembre de 2023 hab\u00eda una lista de espera de m\u00e1s de 4.000 personas que estaban a la espera de un donante que salve sus vidas. De ah\u00ed que se hagan necesarias todav\u00eda iniciativas menos institucionalizadas para darle ruedas a algo que salva vidas, que ayuda al bienestar de quienes lo necesitan y que, a todas luces, es un objetivo del Estado.<\/p>\n\n\n\n<figure class=\"wp-block-image size-large\"><img data-recalc-dims=\"1\" loading=\"lazy\" decoding=\"async\" width=\"1024\" height=\"576\" src=\"https:\/\/i0.wp.com\/elcuyabranpost.com\/wp-content\/uploads\/2024\/11\/5-7.png?resize=1024%2C576\" alt=\"\" class=\"wp-image-4509\" srcset=\"https:\/\/i0.wp.com\/elcuyabranpost.com\/wp-content\/uploads\/2024\/11\/5-7.png?resize=1024%2C576&amp;ssl=1 1024w, https:\/\/i0.wp.com\/elcuyabranpost.com\/wp-content\/uploads\/2024\/11\/5-7.png?resize=300%2C169&amp;ssl=1 300w, https:\/\/i0.wp.com\/elcuyabranpost.com\/wp-content\/uploads\/2024\/11\/5-7.png?resize=768%2C432&amp;ssl=1 768w, https:\/\/i0.wp.com\/elcuyabranpost.com\/wp-content\/uploads\/2024\/11\/5-7.png?resize=1536%2C864&amp;ssl=1 1536w, https:\/\/i0.wp.com\/elcuyabranpost.com\/wp-content\/uploads\/2024\/11\/5-7.png?w=1920&amp;ssl=1 1920w\" sizes=\"(max-width: 1000px) 100vw, 1000px\" \/><\/figure>\n\n\n\n<p style=\"font-size:22px\">A\u00fan m\u00e1s malas, las cifras registradas en el departamento: tan solo 12 donantes, aparecen en el registro de la INS en el territorio entre 2018 y lo que va de 2024: 4 de ellos entre los 51 y los 60 a\u00f1os, representando el porcentaje m\u00e1s grueso del total reportado; seguido por el rango etario de entre 31 y 40 a\u00f1os.<\/p>\n\n\n\n<p style=\"font-size:22px\">Por eso nos unimos a la invitaci\u00f3n que el hospital universitario San Juan de Dios, la Universidad del Quind\u00edo y la Gobernaci\u00f3n, hacen extensiva a toda la comunidad, para que participen del primer encuentro nacional de donaci\u00f3n de \u00f3rganos \u2018Luis Esteban Montoya, un Coraz\u00f3n para el Quind\u00edo\u2019, que contar\u00e1 con la participaci\u00f3n de los miembros de la Red Nacional de Donaci\u00f3n y la doctora Juliana Buitrago, cirujana de trasplantes de la cl\u00ednica Somer, de Antioquia.<\/p>\n\n\n\n<div style=\"height:100px\" aria-hidden=\"true\" class=\"wp-block-spacer\"><\/div>\n\n\n\n<figure class=\"wp-block-image size-large\"><img data-recalc-dims=\"1\" loading=\"lazy\" decoding=\"async\" width=\"1024\" height=\"576\" src=\"https:\/\/i0.wp.com\/elcuyabranpost.com\/wp-content\/uploads\/2024\/11\/2-9.png?resize=1024%2C576\" alt=\"\" class=\"wp-image-4506\" srcset=\"https:\/\/i0.wp.com\/elcuyabranpost.com\/wp-content\/uploads\/2024\/11\/2-9.png?resize=1024%2C576&amp;ssl=1 1024w, https:\/\/i0.wp.com\/elcuyabranpost.com\/wp-content\/uploads\/2024\/11\/2-9.png?resize=300%2C169&amp;ssl=1 300w, https:\/\/i0.wp.com\/elcuyabranpost.com\/wp-content\/uploads\/2024\/11\/2-9.png?resize=768%2C432&amp;ssl=1 768w, https:\/\/i0.wp.com\/elcuyabranpost.com\/wp-content\/uploads\/2024\/11\/2-9.png?resize=1536%2C864&amp;ssl=1 1536w, https:\/\/i0.wp.com\/elcuyabranpost.com\/wp-content\/uploads\/2024\/11\/2-9.png?w=1920&amp;ssl=1 1920w\" sizes=\"(max-width: 1000px) 100vw, 1000px\" \/><\/figure>\n\n\n\n<p style=\"font-size:22px\"><strong>De las fr\u00edas cifras a la experiencia encarnada<\/strong><\/p>\n\n\n\n<p style=\"font-size:22px\">Tal vez se les escape el nombre de Luis Esteban Montoya, que est\u00e1 en el nombre del evento. Con 12 a\u00f1os, Luis Esteban era un ni\u00f1o sano, lleno de energ\u00eda y expectativas frente a un futuro que ten\u00eda todas las puertas abiertas. Nadie esperaba que un aneurisma cerebral terminara su vida de manera inesperada hace cerca de medio a\u00f1o.<\/p>\n\n\n\n<p style=\"font-size:22px\">El luto vivido por sus familiares y allegados, especialmente por su padre, Leonardo Montoya Albar\u00e1n, se convirti\u00f3, sin embargo, en un momento de introspecci\u00f3n y luego de descubrimiento de algo m\u00e1s grande que se abr\u00eda: de manera casi simult\u00e1nea, otro ni\u00f1o de una edad similar, se debat\u00eda entre la vida y la muerte en Cali a la espera de un coraz\u00f3n nuevo. Despu\u00e9s de los an\u00e1lisis, Leo se dio cuenta que ambos organismos eran compatibles.<\/p>\n\n\n\n<p style=\"font-size:22px\">Fue as\u00ed como, por azares del destino, Luis Esteban se termin\u00f3 convirtiendo en el primer donante pedi\u00e1trico de coraz\u00f3n del departamento. Pero, adem\u00e1s, en el s\u00edmbolo de una cruzada que ahora su padre, apoyado por la institucionalidad, emprende para crear una cultura de la donaci\u00f3n. Una iniciativa que requiere de acciones como esta, programada para este lunes 2 de diciembre en el Centro Cultural Metropolitano de Convenciones de Armenia desde las 2:00 p.m.<\/p>\n\n\n\n<figure class=\"wp-block-image size-large\"><img data-recalc-dims=\"1\" loading=\"lazy\" decoding=\"async\" width=\"1024\" height=\"576\" src=\"https:\/\/i0.wp.com\/elcuyabranpost.com\/wp-content\/uploads\/2024\/11\/3-10.png?resize=1024%2C576\" alt=\"\" class=\"wp-image-4507\" srcset=\"https:\/\/i0.wp.com\/elcuyabranpost.com\/wp-content\/uploads\/2024\/11\/3-10.png?resize=1024%2C576&amp;ssl=1 1024w, https:\/\/i0.wp.com\/elcuyabranpost.com\/wp-content\/uploads\/2024\/11\/3-10.png?resize=300%2C169&amp;ssl=1 300w, https:\/\/i0.wp.com\/elcuyabranpost.com\/wp-content\/uploads\/2024\/11\/3-10.png?resize=768%2C432&amp;ssl=1 768w, https:\/\/i0.wp.com\/elcuyabranpost.com\/wp-content\/uploads\/2024\/11\/3-10.png?resize=1536%2C864&amp;ssl=1 1536w, https:\/\/i0.wp.com\/elcuyabranpost.com\/wp-content\/uploads\/2024\/11\/3-10.png?w=1920&amp;ssl=1 1920w\" sizes=\"(max-width: 1000px) 100vw, 1000px\" \/><\/figure>\n\n\n\n<p style=\"font-size:22px\">-Supongo que la condici\u00f3n de ser donante en una edad tan temprana es algo poco com\u00fan \u00bfExisten cifras en el Quind\u00edo?- le consulto.<\/p>\n\n\n\n<p style=\"font-size:22px\">-Realmente no hay cifras oficiales porque, como no tenemos una red conformada para la donaci\u00f3n en el departamento, se pierden todos estos \u00f3rganos.&nbsp; Hoy en d\u00eda es complejo conseguir este tipo de donantes; en el caso de mi hijo porque, de acuerdo con las estad\u00edsticas, los aneurismas no se presentan en ni\u00f1os menores de 12 a\u00f1os, sino que son frecuentes en personas mayores de 40 a\u00f1os. Tal vez es m\u00e1s com\u00fan que la situaci\u00f3n se d\u00e9 cuando se presentan traumas craneoencef\u00e1licos severos. Pero hay que tener en cuenta que para esto se depende de la autorizaci\u00f3n de los padres.<\/p>\n\n\n\n<p style=\"font-size:22px\">-Esa falta de institucionalidad que se encargue directamente de este tema me lleva a preguntarle \u00bfqu\u00e9 opini\u00f3n le merece la noticia de que la Corte Constitucional dej\u00f3 sin piso la iniciativa de crear una entidad dedicada exclusivamente a los trasplantes?<\/p>\n\n\n\n<p style=\"font-size:22px\">-Pues\u2026 qued\u00e9 at\u00f3nito porque estamos trabajando un tema tan crucial para el departamento y nos salen con esto. Tenemos que mirar desde lo personal; hacer un frente com\u00fan para lograr que se vuelva una realidad. No podemos dejar que el tema de los trasplantes se quede por norma, sino al rev\u00e9s, que sean las normas las que nos ayuden a potenciar la pol\u00edtica p\u00fablica. De todos modos, este lunes tendremos la presencia del doctor Rub\u00e9n Dar\u00edo Camargo, subdirector de la Red Nacional de Trasplantes y Bancos de Sangre, y creo que nos podr\u00e1 ilustrar desde su perspectiva.<\/p>\n\n\n\n<div style=\"height:100px\" aria-hidden=\"true\" class=\"wp-block-spacer\"><\/div>\n\n\n\n<figure class=\"wp-block-image size-large\"><img data-recalc-dims=\"1\" loading=\"lazy\" decoding=\"async\" width=\"1024\" height=\"576\" src=\"https:\/\/i0.wp.com\/elcuyabranpost.com\/wp-content\/uploads\/2024\/11\/4-6.png?resize=1024%2C576\" alt=\"\" class=\"wp-image-4508\" srcset=\"https:\/\/i0.wp.com\/elcuyabranpost.com\/wp-content\/uploads\/2024\/11\/4-6.png?resize=1024%2C576&amp;ssl=1 1024w, https:\/\/i0.wp.com\/elcuyabranpost.com\/wp-content\/uploads\/2024\/11\/4-6.png?resize=300%2C169&amp;ssl=1 300w, https:\/\/i0.wp.com\/elcuyabranpost.com\/wp-content\/uploads\/2024\/11\/4-6.png?resize=768%2C432&amp;ssl=1 768w, https:\/\/i0.wp.com\/elcuyabranpost.com\/wp-content\/uploads\/2024\/11\/4-6.png?resize=1536%2C864&amp;ssl=1 1536w, https:\/\/i0.wp.com\/elcuyabranpost.com\/wp-content\/uploads\/2024\/11\/4-6.png?w=1920&amp;ssl=1 1920w\" sizes=\"(max-width: 1000px) 100vw, 1000px\" \/><\/figure>\n\n\n\n<p style=\"font-size:22px\"><strong>Una jornada para repensarnos<\/strong><\/p>\n\n\n\n<p style=\"font-size:22px\">Aparte de la agenda acad\u00e9mica, el evento presentar\u00e1 tambi\u00e9n y por primera vez en el Quind\u00edo, la obra \u2018Una Nariz Para Tata\u2019 de la compa\u00f1\u00eda nacional de teatro Escafandra, un colectivo surgido en la Universidad Tecnol\u00f3gica de Pereira \u2013 UTP compuesto exclusivamente por m\u00e9dicos.<\/p>\n\n\n\n<p style=\"font-size:22px\">La pieza teatral se vale del clown para explorar la experiencia del paciente en lista de espera y sus allegados: en un universo habitado por payasos que van desapareciendo una vez se quedan dormidos, el protagonista se ve obligado a conseguir una nueva nariz para salvar la vida de su amiga, que muestra signos de sue\u00f1o. Una aproximaci\u00f3n l\u00fadica a un tema de especial trascendencia y profundidad.<\/p>\n\n\n\n<p style=\"font-size:22px\">As\u00ed mismo, se proyectar\u00e1 el documental \u2018La Pieza Faltante\u2019 de Isabela Botero, quien desde su \u00f3ptica de estudiante de Comunicaci\u00f3n Social de la Universidad del Quind\u00edo, retrata la manera en la que sus dos padres y su hermana, m\u00e9dicos los 3, afrontan la p\u00e9rdida de un paciente, mostrando una faceta humana y sensible de la actividad de los profesionales de la salud cuando no se cumple la expectativa m\u00e1xima impuesta a esta profesi\u00f3n: la de salvar vidas.<\/p>\n\n\n\n<figure class=\"wp-block-image size-large\"><img data-recalc-dims=\"1\" loading=\"lazy\" decoding=\"async\" width=\"1024\" height=\"579\" src=\"https:\/\/i0.wp.com\/elcuyabranpost.com\/wp-content\/uploads\/2024\/11\/Leonardo_Phoenix_a_cinematic_photo_of_a_delicate_crystal_butte_0.jpg?resize=1024%2C579\" alt=\"\" class=\"wp-image-4510\" srcset=\"https:\/\/i0.wp.com\/elcuyabranpost.com\/wp-content\/uploads\/2024\/11\/Leonardo_Phoenix_a_cinematic_photo_of_a_delicate_crystal_butte_0.jpg?resize=1024%2C579&amp;ssl=1 1024w, https:\/\/i0.wp.com\/elcuyabranpost.com\/wp-content\/uploads\/2024\/11\/Leonardo_Phoenix_a_cinematic_photo_of_a_delicate_crystal_butte_0.jpg?resize=300%2C170&amp;ssl=1 300w, https:\/\/i0.wp.com\/elcuyabranpost.com\/wp-content\/uploads\/2024\/11\/Leonardo_Phoenix_a_cinematic_photo_of_a_delicate_crystal_butte_0.jpg?resize=768%2C434&amp;ssl=1 768w, https:\/\/i0.wp.com\/elcuyabranpost.com\/wp-content\/uploads\/2024\/11\/Leonardo_Phoenix_a_cinematic_photo_of_a_delicate_crystal_butte_0.jpg?w=1472&amp;ssl=1 1472w\" sizes=\"(max-width: 1000px) 100vw, 1000px\" \/><\/figure>\n\n\n\n<p style=\"font-size:22px\">Se espera que esta jornada (para la que los interesados pueden inscribirse ac\u00e1) cumpla con su misi\u00f3n de crear conciencia y sensibilizaci\u00f3n sobre las diferentes aristas de una situaci\u00f3n tan compleja y, con la noticia de la sentencia de la Corte, tan desprotegida en el pa\u00eds.<\/p>\n\n\n\n<p style=\"font-size:22px\">-\u00bfAlguna vez ha tenido contacto con el ni\u00f1o que recibi\u00f3 el coraz\u00f3n de Luis Esteban?- me atrevo a preguntarle a Leo\u2026 sabiendo de lo personal que puede llegar a ser el tema.<\/p>\n\n\n\n<p style=\"font-size:22px\">-No puedo. Por temas \u00e9ticos. Pero he tenido contacto constante y activo con el \u00e1rea de trabajo social de la cl\u00ednica que hizo el trasplante, y me cuentan c\u00f3mo ha sido su evoluci\u00f3n, que ya alcanz\u00f3 la edad de mi hijo, que ha reaccionado bien a la cirug\u00eda y que el coraz\u00f3n ha sido bien recepcionado por su organismo. S\u00e9 que est\u00e1 escolarizado, que ya volvi\u00f3 a las aulas de clase\u2026<\/p>\n\n\n\n<p style=\"font-size:22px\">No hay manera adecuada de terminar esta nota. Quisiera hacer una met\u00e1fora bonita sobre lo que representa la donaci\u00f3n en un terreno difuso entre la vida y la muerte. Pero me voy a quedar corto. Lo \u00fanico que queda por decir es que es hora de ponerse a disposici\u00f3n de quien necesite unos a\u00f1os m\u00e1s de vida en el momento en el que el tiempo se nos acabe. Y as\u00ed vincular, con un lazo et\u00e9reo e intangible, la experiencia vital de dos personas unidas en la tragedia, pero tambi\u00e9n en el renacer.<\/p>\n","protected":false},"excerpt":{"rendered":"<p>A veces el marco legal no coincide con las buenas iniciativas. Ejemplo de esto es la decisi\u00f3n de la Corte Constitucional, que decidi\u00f3 no avalar la creaci\u00f3n del Instituto Nacional de Donaci\u00f3n y Trasplante de \u00d3rganos y Tejidos \u2013 INDTOT, iniciativa del Gobierno nacional y que pretend\u00eda entrar a coordinar y operar el Sistema Nacional [&hellip;]<\/p>\n","protected":false},"author":1,"featured_media":4512,"comment_status":"open","ping_status":"open","sticky":false,"template":"","format":"standard","meta":{"om_disable_all_campaigns":false,"_monsterinsights_skip_tracking":false,"_monsterinsights_sitenote_active":false,"_monsterinsights_sitenote_note":"","_monsterinsights_sitenote_category":0,"_uf_show_specific_survey":0,"_uf_disable_surveys":false,"_jetpack_memberships_contains_paid_content":false,"footnotes":""},"categories":[105],"tags":[489,488,68,31],"class_list":["post-4504","post","type-post","status-publish","format-standard","has-post-thumbnail","hentry","category-plataforma","tag-corte-constitucional","tag-donacion-de-organos","tag-medicina","tag-salud"],"aioseo_notices":[],"jetpack_featured_media_url":"https:\/\/i0.wp.com\/elcuyabranpost.com\/wp-content\/uploads\/2024\/11\/Diseno-sin-titulo-32.png?fit=1920%2C1080&ssl=1","jetpack_sharing_enabled":true,"_links":{"self":[{"href":"https:\/\/elcuyabranpost.com\/index.php\/wp-json\/wp\/v2\/posts\/4504"}],"collection":[{"href":"https:\/\/elcuyabranpost.com\/index.php\/wp-json\/wp\/v2\/posts"}],"about":[{"href":"https:\/\/elcuyabranpost.com\/index.php\/wp-json\/wp\/v2\/types\/post"}],"author":[{"embeddable":true,"href":"https:\/\/elcuyabranpost.com\/index.php\/wp-json\/wp\/v2\/users\/1"}],"replies":[{"embeddable":true,"href":"https:\/\/elcuyabranpost.com\/index.php\/wp-json\/wp\/v2\/comments?post=4504"}],"version-history":[{"count":1,"href":"https:\/\/elcuyabranpost.com\/index.php\/wp-json\/wp\/v2\/posts\/4504\/revisions"}],"predecessor-version":[{"id":4511,"href":"https:\/\/elcuyabranpost.com\/index.php\/wp-json\/wp\/v2\/posts\/4504\/revisions\/4511"}],"wp:featuredmedia":[{"embeddable":true,"href":"https:\/\/elcuyabranpost.com\/index.php\/wp-json\/wp\/v2\/media\/4512"}],"wp:attachment":[{"href":"https:\/\/elcuyabranpost.com\/index.php\/wp-json\/wp\/v2\/media?parent=4504"}],"wp:term":[{"taxonomy":"category","embeddable":true,"href":"https:\/\/elcuyabranpost.com\/index.php\/wp-json\/wp\/v2\/categories?post=4504"},{"taxonomy":"post_tag","embeddable":true,"href":"https:\/\/elcuyabranpost.com\/index.php\/wp-json\/wp\/v2\/tags?post=4504"}],"curies":[{"name":"wp","href":"https:\/\/api.w.org\/{rel}","templated":true}]}}