{"id":4573,"date":"2024-12-13T17:48:15","date_gmt":"2024-12-13T22:48:15","guid":{"rendered":"https:\/\/elcuyabranpost.com\/?p=4573"},"modified":"2024-12-14T09:30:46","modified_gmt":"2024-12-14T14:30:46","slug":"y-luego-de-la-entrega-de-la-sae-como-se-estan-configurando-las-casas-solidarias-en-armenia","status":"publish","type":"post","link":"https:\/\/elcuyabranpost.com\/index.php\/2024\/12\/13\/y-luego-de-la-entrega-de-la-sae-como-se-estan-configurando-las-casas-solidarias-en-armenia\/","title":{"rendered":"Y luego de la entrega de la SAE \u00bfC\u00f3mo se est\u00e1n configurando las casas solidarias en Armenia?"},"content":{"rendered":"\n<div style=\"height:100px\" aria-hidden=\"true\" class=\"wp-block-spacer\"><\/div>\n\n\n\n<p style=\"font-size:22px\">\u00bfTal vez La Estrategia del Caracol sea el filme m\u00e1s representativo del cine colombiano? Aunque el tema aguanta el debate, podr\u00edamos decir que la afirmaci\u00f3n s\u00ed est\u00e1 bastante cercana a un consenso. Al final de la pel\u00edcula, luego de casi dos horas de personajes entra\u00f1ables y bien construidos sobre una historia cercana y muy atrapante, llega la escena que genera la catarsis entre el p\u00fablico, que a estas alturas de la narraci\u00f3n, ya est\u00e1 del bando de los inquilinos desplazados: la explosi\u00f3n que derriba el frente de la casa, dejando a la vista el muro del fondo, en donde se lee \u201cAh\u00ed tienen su hijueputa casa pintada\u201d.<\/p>\n\n\n\n<p style=\"font-size:22px\">Me imagino que la frase reson\u00f3 en las cabezas de quienes desmantelaron en una noche, la casa ubicada en la carrera 13 con calle 16 esquina, en Armenia. Un d\u00eda antes de que los funcionarios de la Sociedad de Activos Especiales \u2013 SAE, llegara al inmueble para hacer efectiva la orden de desalojo previa a su entrega en comodato, los inquilinos que la ocupaban (un restaurante y varias oficinas, recuerdo) parecen haber mandado a dejar solo los muros: Arrancaron el cableado el\u00e9ctrico, quitaron partes del suelo entablado, se llevaron tejas, e incluso, en un acto de rabia visceral, le echaron brea al mural que adornaba el patio interno. La ma\u00f1ana les sorprendi\u00f3 en medio de esta empresa; se dice que el personal de la entidad estatal alcanz\u00f3 a descubrirlos, antes de que huyeran con el trabajo incompleto, pero dejando destruida la casa.<\/p>\n\n\n\n<p style=\"font-size:22px\">\u201cDe pronto da\u00f1ar el mural fue su catarsis\u201d, supone Diana Acevedo Mena, de la junta directiva del Mercado Agroecol\u00f3gico del Quind\u00edo \u2013 Magro, y administradora la Casa Magro, que en septiembre de este a\u00f1o recibi\u00f3 la buena noticia de que la edificaci\u00f3n les ser\u00eda entregada sin esperar el reto que a ella y a su grupo les esperaba. \u201cPintamos de amarillo el muro manchado y vamos a tener unas plantas colgantes ah\u00ed. Le estamos dando vida a la casa\u2026 siempre d\u00e1ndole amor a las cosas\u201d, dice. Un acto que adem\u00e1s, lleva en secreto, una funci\u00f3n como de exorcismo: para alejar la corrupci\u00f3n que habit\u00f3 en sus muros desde hace a\u00f1os, apaciguar esos fantasmas clientelistas que la guard\u00f3 durante mucho tiempo, calmar la intempestiva furia de quienes sabiendo que no deb\u00edan invertir all\u00ed quisieron saltarse la Ley, como siempre lo hab\u00edan hecho. S\u00ed se\u00f1ores: estamos hablando de la antigua sede de un movimiento que lideraba una ex alcaldesa muy cuestionada.<\/p>\n\n\n\n<div style=\"height:100px\" aria-hidden=\"true\" class=\"wp-block-spacer\"><\/div>\n\n\n\n<figure class=\"wp-block-image size-large\"><img data-recalc-dims=\"1\" loading=\"lazy\" decoding=\"async\" width=\"1024\" height=\"576\" src=\"https:\/\/i0.wp.com\/elcuyabranpost.com\/wp-content\/uploads\/2024\/12\/2.png?resize=1024%2C576\" alt=\"\" class=\"wp-image-4575\" srcset=\"https:\/\/i0.wp.com\/elcuyabranpost.com\/wp-content\/uploads\/2024\/12\/2.png?resize=1024%2C576&amp;ssl=1 1024w, https:\/\/i0.wp.com\/elcuyabranpost.com\/wp-content\/uploads\/2024\/12\/2.png?resize=300%2C169&amp;ssl=1 300w, https:\/\/i0.wp.com\/elcuyabranpost.com\/wp-content\/uploads\/2024\/12\/2.png?resize=768%2C432&amp;ssl=1 768w, https:\/\/i0.wp.com\/elcuyabranpost.com\/wp-content\/uploads\/2024\/12\/2.png?resize=1536%2C864&amp;ssl=1 1536w, https:\/\/i0.wp.com\/elcuyabranpost.com\/wp-content\/uploads\/2024\/12\/2.png?w=1920&amp;ssl=1 1920w\" sizes=\"(max-width: 1000px) 100vw, 1000px\" \/><figcaption class=\"wp-element-caption\"><em>La foto de la entrega con Mineducaci\u00f3n, Gobernador, Diputada, Alcalde y beneficiarios.<\/em><\/figcaption><\/figure>\n\n\n\n<p style=\"font-size:22px\"><strong>Recibir la casa para levantarla<\/strong><\/p>\n\n\n\n<p style=\"font-size:22px\">La entrega oficial la hizo en septiembre, el ministro de Educaci\u00f3n, Jos\u00e9 Daniel Rojas, que delegado por Presidencia de la Rep\u00fablica, visit\u00f3 al Quind\u00edo para <a href=\"https:\/\/caracol.com.co\/2024\/09\/06\/sae-entrego-en-quindio-de-forma-simbolica-5-predios-para-uso-agricola-paz-y-universitario\/\" title=\"\">la entrega de varios bienes inmuebles<\/a> recuperados por el Estado a trav\u00e9s de la figura de extinci\u00f3n de dominio. En esta ocasi\u00f3n se otorgaron en comodato el edificio Asturias, que ser\u00e1 convertido en residencias estudiantiles por parte del Gobierno del Quind\u00edo; el predio Guadualito a la Asociaci\u00f3n Quindiana de Trabajadores; la finca Babilonia a 6 familias productoras maracuy\u00e1, frijol, ahuyama, banano, pl\u00e1tano y sand\u00eda; y dos inmuebles que ser\u00e1n sede de procesos culturales por parte de organizaciones sociales.<\/p>\n\n\n\n<p style=\"font-size:22px\">Uno de ellos es la Casa Magro. El otro es la Casa de la Paz, ubicada en inmediaciones de Mocawa, sector de Providencia en la capital quindiana y que fue adjudicada al Sindicato Agr\u00edcola del Quind\u00edo. Ambas iniciativas responden a procesos asociativos y solidarios con trayectorias s\u00f3lidas y reconocidas. Sin embargo, la entrada en la ecuaci\u00f3n de una sede f\u00edsica es un desaf\u00edo para estas organizaciones, acostumbradas a otro tipo de din\u00e1micas.<\/p>\n\n\n\n<p style=\"font-size:22px\">\u201cEstamos muy agradecidos con la SAE y con el Gobierno nacional por tenernos en cuenta, porque nosotros ni siquiera nos hab\u00edamos postulado para recibirla. El estado en el que recibimos la casa no es su responsabilidad, fue de las personas que desocuparon y que pensaron que era l\u00f3gico y estaba bien hacer los da\u00f1os, dentro de su \u00e9tica personal. Pero ya queremos dejar todo eso en el pasado y venimos con una invitaci\u00f3n a construir. Queremos que las personas se unan a la minga y que nos visiten, que asistan a la programaci\u00f3n que tenemos y que consuman, porque necesitamos generar recursos para la reparaci\u00f3n, pero tambi\u00e9n para el mantenimiento\u201d, me dice.<\/p>\n\n\n\n<p style=\"font-size:22px\">-La gente piensa que uno recibe un predio de la SAE y todo lo paga el Gobierno- le coment\u00f3.<\/p>\n\n\n\n<p style=\"font-size:22px\">-La verdad es que nos entregaron el inmueble al d\u00eda con los servicios p\u00fablicos, pero de ah\u00ed en adelante nos toca autogestionar todos los gastos. Y estamos hablando de una casa de 532 m2, a la que ya le reconstruimos el cableado el\u00e9ctrico, que es bastante costoso. Ya pintamos un mural externo con la ayuda de Yina, de La Intrusa Editora y la profesora de Artes Visuales de la Universidad del Quind\u00edo, que tambi\u00e9n don\u00f3 unos d\u00edas de trabajo con sus estudiantes para intervenirlo.<\/p>\n\n\n\n<figure class=\"wp-block-image size-large\"><img data-recalc-dims=\"1\" loading=\"lazy\" decoding=\"async\" width=\"1024\" height=\"576\" src=\"https:\/\/i0.wp.com\/elcuyabranpost.com\/wp-content\/uploads\/2024\/12\/4-1.png?resize=1024%2C576\" alt=\"\" class=\"wp-image-4583\" srcset=\"https:\/\/i0.wp.com\/elcuyabranpost.com\/wp-content\/uploads\/2024\/12\/4-1.png?resize=1024%2C576&amp;ssl=1 1024w, https:\/\/i0.wp.com\/elcuyabranpost.com\/wp-content\/uploads\/2024\/12\/4-1.png?resize=300%2C169&amp;ssl=1 300w, https:\/\/i0.wp.com\/elcuyabranpost.com\/wp-content\/uploads\/2024\/12\/4-1.png?resize=768%2C432&amp;ssl=1 768w, https:\/\/i0.wp.com\/elcuyabranpost.com\/wp-content\/uploads\/2024\/12\/4-1.png?resize=1536%2C864&amp;ssl=1 1536w, https:\/\/i0.wp.com\/elcuyabranpost.com\/wp-content\/uploads\/2024\/12\/4-1.png?w=1920&amp;ssl=1 1920w\" sizes=\"(max-width: 1000px) 100vw, 1000px\" \/><\/figure>\n\n\n\n<p style=\"font-size:22px\">Y es que, detr\u00e1s del esfuerzo que representa para estas organizaciones el sostener sus nuevas instalaciones, radica una promesa bastante valiosa, como lo cuenta Carlos Andr\u00e9s Quintana, de Casa de la Paz.<\/p>\n\n\n\n<p style=\"font-size:22px\">-Nosotros no tuvimos los problemas de los compa\u00f1eros de Magro, el inmueble estaba en buenas condiciones. Lo \u00fanico es que antes ac\u00e1 funcionaba un estudio webcam y la hab\u00edan dividido en cub\u00edculos. Nos toc\u00f3 demoler las divisiones para poderlo convertir en la zona com\u00fan de trabajo. Esas adecuaciones corren por cuenta de nosotros porque la figura que se utiliz\u00f3 permite que despu\u00e9s de determinado tiempo pase a titularse a nombre del depositario.<\/p>\n\n\n\n<div style=\"height:100px\" aria-hidden=\"true\" class=\"wp-block-spacer\"><\/div>\n\n\n\n<figure class=\"wp-block-image size-large\"><img data-recalc-dims=\"1\" loading=\"lazy\" decoding=\"async\" width=\"1024\" height=\"576\" src=\"https:\/\/i0.wp.com\/elcuyabranpost.com\/wp-content\/uploads\/2024\/12\/3.png?resize=1024%2C576\" alt=\"\" class=\"wp-image-4576\" srcset=\"https:\/\/i0.wp.com\/elcuyabranpost.com\/wp-content\/uploads\/2024\/12\/3.png?resize=1024%2C576&amp;ssl=1 1024w, https:\/\/i0.wp.com\/elcuyabranpost.com\/wp-content\/uploads\/2024\/12\/3.png?resize=300%2C169&amp;ssl=1 300w, https:\/\/i0.wp.com\/elcuyabranpost.com\/wp-content\/uploads\/2024\/12\/3.png?resize=768%2C432&amp;ssl=1 768w, https:\/\/i0.wp.com\/elcuyabranpost.com\/wp-content\/uploads\/2024\/12\/3.png?resize=1536%2C864&amp;ssl=1 1536w, https:\/\/i0.wp.com\/elcuyabranpost.com\/wp-content\/uploads\/2024\/12\/3.png?w=1920&amp;ssl=1 1920w\" sizes=\"(max-width: 1000px) 100vw, 1000px\" \/><figcaption class=\"wp-element-caption\"><em>As\u00ed qued\u00f3 la casa al momento de pasar a manos de Magro.<\/em><\/figcaption><\/figure>\n\n\n\n<p style=\"font-size:22px\"><strong>A prueba la acci\u00f3n solidaria<\/strong><\/p>\n\n\n\n<p style=\"font-size:22px\">El merequetengue con una casa cultural compartida \u2013lo sabemos por experiencia- no se limita solo a la parte financiera: tambi\u00e9n requiere de acuerdos internos para permitir que la parte administrativa funcione.<\/p>\n\n\n\n<p style=\"font-size:22px\">-Pues <a href=\"https:\/\/elcuyabranpost.com\/index.php\/2023\/08\/21\/custodios-de-semillas-un-acto-politico-de-resistencia-que-atraviesa-a-la-agricultura-y-la-alimentacion\/\" title=\"\">nuestra experiencia es en el mercado<\/a>, pero manejar una casa tiene otras caracter\u00edsticas que han hecho de esta experiencia algo\u2026 retador, es diferente- contin\u00faa Diana -Por ejemplo, yo hago parte de la junta directiva como secretar\u00eda y tenemos una junta, fiscales, hacemos asambleas para que la gente sepa lo que estamos haciendo. Estamos haciendo pedagog\u00eda y eventos al interior, para irla activando mientras montamos la tienda. Es una din\u00e1mica totalmente diferente al mercado.<\/p>\n\n\n\n<p style=\"font-size:22px\">Y es que Magro est\u00e1 en consolidaci\u00f3n del nuevo modelo de negocio, pero las expectativas las tienen claras. Junto con el mercado, ocupan sus instalaciones la ONG Amar es M\u00e1s, La Intrusa Editorial y hace poco, una tienda de derivados naturales. Pero la idea es constituir una tienda que ofrezca permanentemente los productos de 46 asociados y sus aliados y amigos ocasionales, con lo que el universo de productores que estar\u00edan representados all\u00ed podr\u00eda subir a 80. Un portafolio de alimentos org\u00e1nicos, transformados y otros bienes generados bajo los modelos agroecol\u00f3gicos que han caracterizado a su ejercicio a lo largo de 23 a\u00f1os de trayectoria.<\/p>\n\n\n\n<p style=\"font-size:22px\">-Tambi\u00e9n vamos a tener un espacio en el que se comercializar\u00e1, tanto el caf\u00e9 como el cacao de nuestros asociados, talleres y actividades, como un servicio a la comunidad sobre salud, bienestar, alimentaci\u00f3n saludable y consciente orientado al p\u00fablico en general. Sin embargo, el espacio que se logr\u00f3 concertar con la Gobernaci\u00f3n para estar cada primer y tercer s\u00e1bado del mes en el Centro de Convenciones no desaparecer\u00e1, porque este es un escenario que usamos tambi\u00e9n para hacer trueque, para encontrarse con los compa\u00f1eros\u2026 es una especie de ritual para varios de nosotros.<\/p>\n\n\n\n<figure class=\"wp-block-image size-large\"><img data-recalc-dims=\"1\" loading=\"lazy\" decoding=\"async\" width=\"1920\" height=\"1080\" src=\"https:\/\/i0.wp.com\/elcuyabranpost.com\/wp-content\/uploads\/2024\/12\/6.png?resize=1920%2C1080\" alt=\"\" class=\"wp-image-4579\" srcset=\"https:\/\/i0.wp.com\/elcuyabranpost.com\/wp-content\/uploads\/2024\/12\/6.png?resize=1024%2C576&amp;ssl=1 1024w, https:\/\/i0.wp.com\/elcuyabranpost.com\/wp-content\/uploads\/2024\/12\/6.png?resize=300%2C169&amp;ssl=1 300w, https:\/\/i0.wp.com\/elcuyabranpost.com\/wp-content\/uploads\/2024\/12\/6.png?resize=768%2C432&amp;ssl=1 768w, https:\/\/i0.wp.com\/elcuyabranpost.com\/wp-content\/uploads\/2024\/12\/6.png?resize=1536%2C864&amp;ssl=1 1536w, https:\/\/i0.wp.com\/elcuyabranpost.com\/wp-content\/uploads\/2024\/12\/6.png?w=1920&amp;ssl=1 1920w\" sizes=\"(max-width: 1000px) 100vw, 1000px\" \/><figcaption class=\"wp-element-caption\"><em>Las acciones de recuperaci\u00f3n del inmueble no han terminado, pero ya se ve el amor.<\/em><\/figcaption><\/figure>\n\n\n\n<p style=\"font-size:22px\">En cuanto a la Casa de la Paz, sus ocupantes tambi\u00e9n se encuentran en un estado de constante ajuste organizacional para ir d\u00e1ndole respuesta a las necesidades que vayan saliendo, como me lo cuenta Quintana.<\/p>\n\n\n\n<p style=\"font-size:22px\">-\u00bfQu\u00e9 organizaciones se han unido para habitarla?<\/p>\n\n\n\n<p style=\"font-size:22px\">-El comodato qued\u00f3 en manos del Sindicato Agr\u00edcola del Quind\u00edo, que a su vez acoge al Taller Popular de Artes. Pero adem\u00e1s est\u00e1 la YMCA y la <a href=\"https:\/\/elcuyabranpost.com\/index.php\/2024\/09\/03\/la-busqueda-de-los-desaparecidos-tiene-cara-de-mujer\/\" title=\"\">Fundaci\u00f3n Supervivientes Man\u00e1 \u2013 Fundaman\u00e1<\/a>.<\/p>\n\n\n\n<p style=\"font-size:22px\">-Y c\u00f3mo se est\u00e1n ajustando para la toma de decisiones, los asuntos financieros, la convivencia\u2026<\/p>\n\n\n\n<p style=\"font-size:22px\">-Cada organizaci\u00f3n tiene su oficina, en la que se desarrollan las actividades propias, pero se ha determinado que el espacio com\u00fan entre ellas sea, en s\u00ed la Casa de la Paz, una iniciativa que proviene de varios procesos que se han hecho a nivel nacional y se quiere replicar en cierta medida, centrada en derechos humanos, memoria hist\u00f3rica y el marco de los Acuerdos de Paz de La Habana. Para poder articularnos en el trabajo com\u00fan, hemos venido construyendo una metodolog\u00eda que permita administrar el espacio seg\u00fan las necesidades de cada organizaci\u00f3n, y as\u00ed ha sido la distribuci\u00f3n en el pago de los servicios.<\/p>\n\n\n\n<figure class=\"wp-block-image size-large\"><img data-recalc-dims=\"1\" loading=\"lazy\" decoding=\"async\" width=\"1024\" height=\"576\" src=\"https:\/\/i0.wp.com\/elcuyabranpost.com\/wp-content\/uploads\/2024\/12\/5.png?resize=1024%2C576\" alt=\"\" class=\"wp-image-4578\" srcset=\"https:\/\/i0.wp.com\/elcuyabranpost.com\/wp-content\/uploads\/2024\/12\/5.png?resize=1024%2C576&amp;ssl=1 1024w, https:\/\/i0.wp.com\/elcuyabranpost.com\/wp-content\/uploads\/2024\/12\/5.png?resize=300%2C169&amp;ssl=1 300w, https:\/\/i0.wp.com\/elcuyabranpost.com\/wp-content\/uploads\/2024\/12\/5.png?resize=768%2C432&amp;ssl=1 768w, https:\/\/i0.wp.com\/elcuyabranpost.com\/wp-content\/uploads\/2024\/12\/5.png?resize=1536%2C864&amp;ssl=1 1536w, https:\/\/i0.wp.com\/elcuyabranpost.com\/wp-content\/uploads\/2024\/12\/5.png?w=1920&amp;ssl=1 1920w\" sizes=\"(max-width: 1000px) 100vw, 1000px\" \/><figcaption class=\"wp-element-caption\"><em>En cada casa hay presencia de verdaderos estandartes de la acci\u00f3n solidaria en el Quind\u00edo: a la izquierda, Antonio Arbel\u00e1ez, de la Red de Familias de Custodios de Semillas, y a la derecha, Libia Ospina Criollo, de la fundaci\u00f3n Supervivientes Man\u00e1.<\/em><\/figcaption><\/figure>\n\n\n\n<p style=\"font-size:22px\">A\u00f1ade que se ha desistido inicialmente de hablar de \u2018arriendos\u2019, cambiando al concepto a acuerdos mutuos en los que se van cubriendo los gastos.<\/p>\n\n\n\n<p style=\"font-size:22px\">-Hemos creado una especie de coadministraci\u00f3n en la que hay un representante por cada organizaci\u00f3n y que se re\u00fane para afrontar las eventuales dificultades. La Casa de la Paz apenas est\u00e1 empezando como proyecto, y por el momento no nos hemos encontrado con muchos problemas en el manejo del espacio, pero trabajamos en pro de que todos podamos beneficiarnos del espacio com\u00fan y respetando las actividades de cada organizaci\u00f3n. La idea es que pronto podamos empezar a articular estrategias que integren a las 3 organizaciones.<\/p>\n\n\n\n<p style=\"font-size:22px\">Es decir, la Casa de la Paz avanza en un proceso embrionario antes de abrir las puertas a la comunidad. A diferencia de la Casa Magro, a la que su particular historia le oblig\u00f3 a arrancar con una programaci\u00f3n constante que busca recaudar fondos y que puede ser consultada en la <a href=\"http:\/\/instagram.com\/magro.quindio\" title=\"\">cuenta de Instagram de la organizaci\u00f3n<\/a>.<\/p>\n\n\n\n<p style=\"font-size:22px\">\u201cSomos como los hijos de don Antonio Arbel\u00e1ez, el custodio de semillas que arranc\u00f3 con todo esto hace m\u00e1s de dos d\u00e9cadas. La constancia es lo que lo ha mantenido en ejercicio, sumando personas e iniciativas, y convirti\u00e9ndonos en una familia. Lo que nos deja es esta historia y el proceso que se ha creado. En \u00faltimas, somos referente de resistencia y autonom\u00eda\u201d, afirma Diana. Y vi\u00e9ndolo bien, este es solo una prueba m\u00e1s para demostrarnos de la madera de la que est\u00e1n hechos. Ahora est\u00e1 en nosotros entrar a fortalecer estos dos espacios que llegan a fortalecer debates como la sostenibilidad, la sana alimentaci\u00f3n y la recuperaci\u00f3n de los saberes ancestrales, por un lado, y los derechos humanos, la memoria hist\u00f3rica y la paz por el otro. Desde El Cuyabran Post, nos ponemos a la orden ya \u00bfQu\u00e9 hay para hacer?<\/p>\n","protected":false},"excerpt":{"rendered":"<p>\u00bfTal vez La Estrategia del Caracol sea el filme m\u00e1s representativo del cine colombiano? Aunque el tema aguanta el debate, podr\u00edamos decir que la afirmaci\u00f3n s\u00ed est\u00e1 bastante cercana a un consenso. Al final de la pel\u00edcula, luego de casi dos horas de personajes entra\u00f1ables y bien construidos sobre una historia cercana y muy atrapante, [&hellip;]<\/p>\n","protected":false},"author":1,"featured_media":4582,"comment_status":"open","ping_status":"open","sticky":false,"template":"","format":"standard","meta":{"om_disable_all_campaigns":false,"_monsterinsights_skip_tracking":false,"_monsterinsights_sitenote_active":false,"_monsterinsights_sitenote_note":"","_monsterinsights_sitenote_category":0,"_uf_show_specific_survey":0,"_uf_disable_surveys":false,"_jetpack_memberships_contains_paid_content":false,"footnotes":""},"categories":[16],"tags":[507,14,508,506,505,504],"class_list":["post-4573","post","type-post","status-publish","format-standard","has-post-thumbnail","hentry","category-elpostreporta","tag-accion-solidaria","tag-armenia","tag-casas-culturales","tag-fundamana","tag-magro","tag-sae"],"aioseo_notices":[],"jetpack_featured_media_url":"https:\/\/i0.wp.com\/elcuyabranpost.com\/wp-content\/uploads\/2024\/12\/1-1.png?fit=1920%2C1080&ssl=1","jetpack_sharing_enabled":true,"_links":{"self":[{"href":"https:\/\/elcuyabranpost.com\/index.php\/wp-json\/wp\/v2\/posts\/4573"}],"collection":[{"href":"https:\/\/elcuyabranpost.com\/index.php\/wp-json\/wp\/v2\/posts"}],"about":[{"href":"https:\/\/elcuyabranpost.com\/index.php\/wp-json\/wp\/v2\/types\/post"}],"author":[{"embeddable":true,"href":"https:\/\/elcuyabranpost.com\/index.php\/wp-json\/wp\/v2\/users\/1"}],"replies":[{"embeddable":true,"href":"https:\/\/elcuyabranpost.com\/index.php\/wp-json\/wp\/v2\/comments?post=4573"}],"version-history":[{"count":1,"href":"https:\/\/elcuyabranpost.com\/index.php\/wp-json\/wp\/v2\/posts\/4573\/revisions"}],"predecessor-version":[{"id":4584,"href":"https:\/\/elcuyabranpost.com\/index.php\/wp-json\/wp\/v2\/posts\/4573\/revisions\/4584"}],"wp:featuredmedia":[{"embeddable":true,"href":"https:\/\/elcuyabranpost.com\/index.php\/wp-json\/wp\/v2\/media\/4582"}],"wp:attachment":[{"href":"https:\/\/elcuyabranpost.com\/index.php\/wp-json\/wp\/v2\/media?parent=4573"}],"wp:term":[{"taxonomy":"category","embeddable":true,"href":"https:\/\/elcuyabranpost.com\/index.php\/wp-json\/wp\/v2\/categories?post=4573"},{"taxonomy":"post_tag","embeddable":true,"href":"https:\/\/elcuyabranpost.com\/index.php\/wp-json\/wp\/v2\/tags?post=4573"}],"curies":[{"name":"wp","href":"https:\/\/api.w.org\/{rel}","templated":true}]}}