{"id":4602,"date":"2024-12-10T14:59:55","date_gmt":"2024-12-10T19:59:55","guid":{"rendered":"https:\/\/elcuyabranpost.com\/?p=4602"},"modified":"2024-12-16T23:48:36","modified_gmt":"2024-12-17T04:48:36","slug":"tarapaca-la-via-que-transformara-la-conectividad-del-quindio","status":"publish","type":"post","link":"https:\/\/elcuyabranpost.com\/index.php\/2024\/12\/10\/tarapaca-la-via-que-transformara-la-conectividad-del-quindio\/","title":{"rendered":"Tarapac\u00e1: la v\u00eda que transformar\u00e1 la conectividad del Quind\u00edo"},"content":{"rendered":"\n<div style=\"height:100px\" aria-hidden=\"true\" class=\"wp-block-spacer\"><\/div>\n\n\n\n<p style=\"font-size:22px\">En un hito crucial para el desarrollo del departamento, el gobernador Juan Miguel Galvis Bedoya, ha dado un paso decisivo al impulsar la ejecuci\u00f3n del contrato de consultor\u00eda 006 de 2024, un proyecto que marcar\u00e1 un antes y un despu\u00e9s en la conectividad y el progreso de la regi\u00f3n. La obra consistir\u00e1 en el dise\u00f1o y estudio de una v\u00eda que conectar\u00e1 el aeropuerto El Ed\u00e9n con la zona cordillerana sur, pasando por el sector Tarapac\u00e1, uniendo al Quind\u00edo con nuevos horizontes de desarrollo.<\/p>\n\n\n\n<p style=\"font-size:22px\">Este ambicioso proyecto no solo revolucionar\u00e1 la infraestructura vial, sino que tambi\u00e9n potenciar\u00e1 la competitividad econ\u00f3mica y social del departamento. El pasado 8 de noviembre comenz\u00f3 la ejecuci\u00f3n del contrato, con un plazo de cinco meses para definir los detalles t\u00e9cnicos de la obra. El gobernador, con su enfoque visionario, ha garantizado que el financiamiento provenga de diversas fuentes, asegurando la viabilidad del proyecto sin comprometer la estabilidad de las finanzas p\u00fablicas.<\/p>\n\n\n\n<p style=\"font-size:22px\">La nueva v\u00eda ser\u00e1 motor de un paquete de inversiones viales que cambiar\u00e1n el rostro del Quind\u00edo, beneficiando directamente a La Tebaida, Buenavista; Barcelona (corregimiento de Calarc\u00e1) y Armenia; y a toda la regi\u00f3n por los alcances de la obra. Este proyecto cuenta con una fuerte participaci\u00f3n de la comunidad, que tiene voz en todas las etapas, desde la planificaci\u00f3n hasta la ejecuci\u00f3n. Las socializaciones han permitido escuchar a las comunidades, lo que fortalece la propuesta adapt\u00e1ndola a sus necesidades y expectativas.<\/p>\n\n\n\n<p style=\"font-size:22px\">Uno de los aspectos m\u00e1s destacados es el impacto econ\u00f3mico y tur\u00edstico que esta v\u00eda traer\u00e1, no solo para el Quind\u00edo, sino para el pa\u00eds. La conexi\u00f3n directa con el aeropuerto El Ed\u00e9n impulsar\u00e1 el turismo y el comercio, abriendo nuevas oportunidades para los emprendedores locales y posicionando a la regi\u00f3n como un referente nacional e internacional.<\/p>\n\n\n\n<p style=\"font-size:22px\">Un gesto de solidaridad sin precedentes ha sido la disposici\u00f3n de los propietarios de los terrenos por los que pasar\u00e1 la v\u00eda, quienes entre el 70% y el 80% han ofrecido sus tierras sin costo alguno para la v\u00eda, una muestra de la unidad y el compromiso con el desarrollo regional. Adem\u00e1s, la consultor\u00eda asegurar\u00e1 que el dise\u00f1o minimice el impacto ambiental, respetando el valioso entorno natural del Quind\u00edo.<\/p>\n\n\n\n<p style=\"font-size:22px\">Este proyecto se integra al Plan Maestro del aeropuerto El Ed\u00e9n, optimizando la infraestructura y maximizando sus beneficios. Gracias al liderazgo del gobernador Juan Miguel Galvis y al trabajo conjunto de entidades como la Empresa para el Desarrollo Territorial y Proyecta, Tarapac\u00e1 ser\u00e1 el epicentro de una transformaci\u00f3n hist\u00f3rica para el Quind\u00edo.<\/p>\n\n\n\n<p style=\"font-size:22px\">El futuro ya est\u00e1 en marcha. Con cada paso, esta v\u00eda no solo promete mejorar la movilidad, sino tambi\u00e9n abrir un camino hacia un futuro m\u00e1s pr\u00f3spero para todos los quindianos. La historia del Quind\u00edo est\u00e1 cambiando, y Tarapac\u00e1 ser\u00e1 el motor de esa transformaci\u00f3n.<\/p>\n","protected":false},"excerpt":{"rendered":"<p>En un hito crucial para el desarrollo del departamento, el gobernador Juan Miguel Galvis Bedoya, ha dado un paso decisivo al impulsar la ejecuci\u00f3n del contrato de consultor\u00eda 006 de 2024, un proyecto que marcar\u00e1 un antes y un despu\u00e9s en la conectividad y el progreso de la regi\u00f3n. La obra consistir\u00e1 en el dise\u00f1o [&hellip;]<\/p>\n","protected":false},"author":1,"featured_media":4603,"comment_status":"open","ping_status":"open","sticky":false,"template":"","format":"standard","meta":{"om_disable_all_campaigns":false,"_monsterinsights_skip_tracking":false,"_monsterinsights_sitenote_active":false,"_monsterinsights_sitenote_note":"","_monsterinsights_sitenote_category":0,"_uf_show_specific_survey":0,"_uf_disable_surveys":false,"_jetpack_memberships_contains_paid_content":false,"footnotes":""},"categories":[150],"tags":[286,412,123],"class_list":["post-4602","post","type-post","status-publish","format-standard","has-post-thumbnail","hentry","category-publirreportaje","tag-juan-miguel-galvis","tag-tarapaca","tag-vias"],"aioseo_notices":[],"jetpack_featured_media_url":"https:\/\/i0.wp.com\/elcuyabranpost.com\/wp-content\/uploads\/2024\/12\/WhatsApp-Image-2024-12-15-at-8.30.53-AM.jpeg?fit=1599%2C899&ssl=1","jetpack_sharing_enabled":true,"_links":{"self":[{"href":"https:\/\/elcuyabranpost.com\/index.php\/wp-json\/wp\/v2\/posts\/4602"}],"collection":[{"href":"https:\/\/elcuyabranpost.com\/index.php\/wp-json\/wp\/v2\/posts"}],"about":[{"href":"https:\/\/elcuyabranpost.com\/index.php\/wp-json\/wp\/v2\/types\/post"}],"author":[{"embeddable":true,"href":"https:\/\/elcuyabranpost.com\/index.php\/wp-json\/wp\/v2\/users\/1"}],"replies":[{"embeddable":true,"href":"https:\/\/elcuyabranpost.com\/index.php\/wp-json\/wp\/v2\/comments?post=4602"}],"version-history":[{"count":1,"href":"https:\/\/elcuyabranpost.com\/index.php\/wp-json\/wp\/v2\/posts\/4602\/revisions"}],"predecessor-version":[{"id":4604,"href":"https:\/\/elcuyabranpost.com\/index.php\/wp-json\/wp\/v2\/posts\/4602\/revisions\/4604"}],"wp:featuredmedia":[{"embeddable":true,"href":"https:\/\/elcuyabranpost.com\/index.php\/wp-json\/wp\/v2\/media\/4603"}],"wp:attachment":[{"href":"https:\/\/elcuyabranpost.com\/index.php\/wp-json\/wp\/v2\/media?parent=4602"}],"wp:term":[{"taxonomy":"category","embeddable":true,"href":"https:\/\/elcuyabranpost.com\/index.php\/wp-json\/wp\/v2\/categories?post=4602"},{"taxonomy":"post_tag","embeddable":true,"href":"https:\/\/elcuyabranpost.com\/index.php\/wp-json\/wp\/v2\/tags?post=4602"}],"curies":[{"name":"wp","href":"https:\/\/api.w.org\/{rel}","templated":true}]}}