{"id":4606,"date":"2024-12-16T23:37:07","date_gmt":"2024-12-17T04:37:07","guid":{"rendered":"https:\/\/elcuyabranpost.com\/?p=4606"},"modified":"2024-12-16T23:38:43","modified_gmt":"2024-12-17T04:38:43","slug":"convenios-solidarios-impulsados-por-el-gobierno-del-quindio-son-ratificados-como-ejemplo-nacional-por-la-organizacion-comunal-en-colombia","status":"publish","type":"post","link":"https:\/\/elcuyabranpost.com\/index.php\/2024\/12\/16\/convenios-solidarios-impulsados-por-el-gobierno-del-quindio-son-ratificados-como-ejemplo-nacional-por-la-organizacion-comunal-en-colombia\/","title":{"rendered":"Convenios solidarios impulsados por el Gobierno del Quind\u00edo, son ratificados como ejemplo nacional por la organizaci\u00f3n comunal en Colombia"},"content":{"rendered":"\n<div style=\"height:100px\" aria-hidden=\"true\" class=\"wp-block-spacer\"><\/div>\n\n\n\n<p style=\"font-size:22px\">Durante el encuentro sostenido entre el gobierno del presidente Gustavo Petro, con el mandatario a la cabeza, y la Confederaci\u00f3n Nacional de Acci\u00f3n Comunal de Colombia, el modelo \u201cconvenios solidarios\u201d que viene desarrollando en el Quind\u00edo la administraci\u00f3n departamental que lidera Juan Miguel Galvis Bedoya, fue puesto como ejemplo para la dinamizaci\u00f3n de esa figura, que representa diversos beneficios para las comunidades y para el accionar administrativo del estado.<\/p>\n\n\n\n<p style=\"font-size:22px\">Guillermo Cardona Moreno presidente de la Confederaci\u00f3n, expuso lo realizado por el gobierno del Quind\u00edo como una clara y efectiva muestra de dicha figura, al poner como ejemplo que, hacer un kil\u00f3metro de v\u00eda bajo este modelo, puede hacer rendir hasta tres veces los recursos dispuestos con relaci\u00f3n a la contrataci\u00f3n que tradicionalmente se desarrolla bajo el modelo tradicional. El dirigente comunitario colombiano, se\u00f1al\u00f3 que hoy se ha demostrado que el recurso p\u00fablico bajo el manejo de los comunales, demuestra c\u00f3mo el Estado puede llegar de manera m\u00e1s expedita y pr\u00e1ctica a qui\u00e9n lo necesita.<\/p>\n\n\n\n<figure class=\"wp-block-image size-large\"><img data-recalc-dims=\"1\" loading=\"lazy\" decoding=\"async\" width=\"1024\" height=\"683\" src=\"https:\/\/i0.wp.com\/elcuyabranpost.com\/wp-content\/uploads\/2024\/12\/convenios-solidarios-3-1024x683.jpg?resize=1024%2C683&#038;ssl=1\" alt=\"\" class=\"wp-image-4607\" srcset=\"https:\/\/i0.wp.com\/elcuyabranpost.com\/wp-content\/uploads\/2024\/12\/convenios-solidarios-3-scaled.jpg?resize=1024%2C683&amp;ssl=1 1024w, https:\/\/i0.wp.com\/elcuyabranpost.com\/wp-content\/uploads\/2024\/12\/convenios-solidarios-3-scaled.jpg?resize=300%2C200&amp;ssl=1 300w, https:\/\/i0.wp.com\/elcuyabranpost.com\/wp-content\/uploads\/2024\/12\/convenios-solidarios-3-scaled.jpg?resize=768%2C512&amp;ssl=1 768w, https:\/\/i0.wp.com\/elcuyabranpost.com\/wp-content\/uploads\/2024\/12\/convenios-solidarios-3-scaled.jpg?resize=1536%2C1024&amp;ssl=1 1536w, https:\/\/i0.wp.com\/elcuyabranpost.com\/wp-content\/uploads\/2024\/12\/convenios-solidarios-3-scaled.jpg?resize=2048%2C1366&amp;ssl=1 2048w\" sizes=\"(max-width: 1000px) 100vw, 1000px\" \/><\/figure>\n\n\n\n<p style=\"font-size:22px\">Por su parte y luego del encuentro en la Casa de Nari\u00f1o, Alexander L\u00f3pez Maya director de Planeaci\u00f3n Nacional, indic\u00f3 que estos convenios, entre otros sectores poblacionales, con madres comunitarias y asociaciones de padres de familia, posibilitan avanzar en frentes como v\u00edas, e infraestructura de salud y deportiva, y que adem\u00e1s son una respuesta a la articulaci\u00f3n de esfuerzos que solicitaron los comunales de Colombia, dentro del trabajo que buscan desarrollar con el gobierno nacional. <\/p>\n\n\n\n<p style=\"font-size:22px\">Desde Armenia, el gobernador Juan Miguel Galvis Bedoya se\u00f1al\u00f3 que su administraci\u00f3n no se equivoc\u00f3, y que hoy durante su primer a\u00f1o de gobierno, con escasos recursos, se han logrado intervenir 96 kil\u00f3metros de v\u00edas terciarias, a trav\u00e9s de la suscripci\u00f3n de 18 convenio solidarios para mantenimiento vial, lo que ha garantizado que estos carreteables se mantengan en \u00f3ptimas condiciones promoviendo la seguridad en las carreteras, y facilitando la movilidad, adem\u00e1s de generar empleo a grupos poblacionales necesitados, en un proceso que tambi\u00e9n ha permitido la construcci\u00f3n de cinta huella en 4.12 kil\u00f3metros del departamento.<\/p>\n","protected":false},"excerpt":{"rendered":"<p>Durante el encuentro sostenido entre el gobierno del presidente Gustavo Petro, con el mandatario a la cabeza, y la Confederaci\u00f3n Nacional de Acci\u00f3n Comunal de Colombia, el modelo \u201cconvenios solidarios\u201d que viene desarrollando en el Quind\u00edo la administraci\u00f3n departamental que lidera Juan Miguel Galvis Bedoya, fue puesto como ejemplo para la dinamizaci\u00f3n de esa figura, [&hellip;]<\/p>\n","protected":false},"author":1,"featured_media":4610,"comment_status":"open","ping_status":"open","sticky":false,"template":"","format":"standard","meta":{"om_disable_all_campaigns":false,"_monsterinsights_skip_tracking":false,"_monsterinsights_sitenote_active":false,"_monsterinsights_sitenote_note":"","_monsterinsights_sitenote_category":0,"_uf_show_specific_survey":0,"_uf_disable_surveys":false,"_jetpack_memberships_contains_paid_content":false,"footnotes":""},"categories":[150],"tags":[286,511,123],"class_list":["post-4606","post","type-post","status-publish","format-standard","has-post-thumbnail","hentry","category-publirreportaje","tag-juan-miguel-galvis","tag-juntas-de-accion-comunal","tag-vias"],"aioseo_notices":[],"jetpack_featured_media_url":"https:\/\/i0.wp.com\/elcuyabranpost.com\/wp-content\/uploads\/2024\/12\/placa-huella-paradera-alta-calarca.jpg?fit=1280%2C852&ssl=1","jetpack_sharing_enabled":true,"_links":{"self":[{"href":"https:\/\/elcuyabranpost.com\/index.php\/wp-json\/wp\/v2\/posts\/4606"}],"collection":[{"href":"https:\/\/elcuyabranpost.com\/index.php\/wp-json\/wp\/v2\/posts"}],"about":[{"href":"https:\/\/elcuyabranpost.com\/index.php\/wp-json\/wp\/v2\/types\/post"}],"author":[{"embeddable":true,"href":"https:\/\/elcuyabranpost.com\/index.php\/wp-json\/wp\/v2\/users\/1"}],"replies":[{"embeddable":true,"href":"https:\/\/elcuyabranpost.com\/index.php\/wp-json\/wp\/v2\/comments?post=4606"}],"version-history":[{"count":1,"href":"https:\/\/elcuyabranpost.com\/index.php\/wp-json\/wp\/v2\/posts\/4606\/revisions"}],"predecessor-version":[{"id":4611,"href":"https:\/\/elcuyabranpost.com\/index.php\/wp-json\/wp\/v2\/posts\/4606\/revisions\/4611"}],"wp:featuredmedia":[{"embeddable":true,"href":"https:\/\/elcuyabranpost.com\/index.php\/wp-json\/wp\/v2\/media\/4610"}],"wp:attachment":[{"href":"https:\/\/elcuyabranpost.com\/index.php\/wp-json\/wp\/v2\/media?parent=4606"}],"wp:term":[{"taxonomy":"category","embeddable":true,"href":"https:\/\/elcuyabranpost.com\/index.php\/wp-json\/wp\/v2\/categories?post=4606"},{"taxonomy":"post_tag","embeddable":true,"href":"https:\/\/elcuyabranpost.com\/index.php\/wp-json\/wp\/v2\/tags?post=4606"}],"curies":[{"name":"wp","href":"https:\/\/api.w.org\/{rel}","templated":true}]}}