{"id":4733,"date":"2025-01-28T05:21:32","date_gmt":"2025-01-28T10:21:32","guid":{"rendered":"https:\/\/elcuyabranpost.com\/?p=4733"},"modified":"2025-01-28T05:35:29","modified_gmt":"2025-01-28T10:35:29","slug":"el-ano-de-acomodar-las-fichas","status":"publish","type":"post","link":"https:\/\/elcuyabranpost.com\/index.php\/2025\/01\/28\/el-ano-de-acomodar-las-fichas\/","title":{"rendered":"El a\u00f1o de acomodar las fichas"},"content":{"rendered":"\n<div style=\"height:100px\" aria-hidden=\"true\" class=\"wp-block-spacer\"><\/div>\n\n\n\n<p style=\"font-size:22px\">Tengo que reconocer que me agarr\u00f3 por sorpresa la visita del senador por el Pacto Hist\u00f3rico, Carlos Alberto Benavides Mora a Armenia. Y era de esperarse: su agenda, a lo largo del Eje Cafetero, se centr\u00f3 en reuniones con las autoridades de Caldas, Risaralda y Quind\u00edo para echarle ojo a la ejecuci\u00f3n de los programas y proyectos inscritos en el Plan de Desarrollo nacional, con un alto sentido de reflexi\u00f3n y autocr\u00edtica que demuestra una intenci\u00f3n por hacer las cosas bien.<\/p>\n\n\n\n<p style=\"font-size:22px\">\u201cEstamos honrando la palabra, porque a veces la gente piensa que el Gobierno nacional como que no se siente, y estamos demostrando que s\u00ed hay una serie de acciones, pero todav\u00eda falta contundencia\u201d, me cuenta el antrop\u00f3logo, en medio de la tos. Lleva hablando toda la ma\u00f1ana, y aun as\u00ed se dispone a darme la entrevista, en un rinconcito de la Casa Paz, que la Sociedad de Activos Especiales \u2013 SAE, les otorg\u00f3 a varias organizaciones populares para gestar acciones en favor de la paz. Luego de aclarar la garganta con un vaso de agua, contin\u00faa.<\/p>\n\n\n\n<p style=\"font-size:22px\">-Vengo para llevarme la voz de la gente y las organizaciones a Bogot\u00e1, para seguir exigiendo que esta regi\u00f3n necesita estar en el coraz\u00f3n del Gobierno, que este se fije en ella, y que est\u00e9 dentro de sus prioridades, porque tambi\u00e9n hay una serie de reclamos justos- a\u00f1ade.<\/p>\n\n\n\n<p style=\"font-size:22px\">-Le pregunto esto como miembro de la comisi\u00f3n de presupuesto\u2026<\/p>\n\n\n\n<p style=\"font-size:22px\">-Fui de la comisi\u00f3n de presupuesto hasta junio. Ahora estoy en la legislativa.<\/p>\n\n\n\n<p style=\"font-size:22px\">Paso saliva.<\/p>\n\n\n\n<p style=\"font-size:22px\">-\u00bf\u2026c\u00f3mo definir este tercer a\u00f1o del Gobierno nacional?<\/p>\n\n\n\n<p style=\"font-size:22px\">-Los dos primeros a\u00f1os fueron de planeaci\u00f3n y formulaci\u00f3n de proyectos, frente a una normatividad y una inercia proyectiva del Estado que proven\u00eda de m\u00e1s de 3 d\u00e9cadas, y no logramos la sinton\u00eda que necesit\u00e1bamos. Pero pienso que desde el a\u00f1o pasado la Naci\u00f3n ha empezado a sacar decretos, hay un proceso de planificaci\u00f3n ministerial y se han ejecutado los presupuestos, contrario a lo que la oposici\u00f3n dice. Creo que 2025 ser\u00e1 muy importante en materia de ejecuci\u00f3n, mucho m\u00e1s ajustado a nuestro Plan de Desarrollo y a los elementos estrat\u00e9gicos del mismo.<\/p>\n\n\n\n<figure class=\"wp-block-image size-large\"><img data-recalc-dims=\"1\" loading=\"lazy\" decoding=\"async\" width=\"1024\" height=\"576\" src=\"https:\/\/i0.wp.com\/elcuyabranpost.com\/wp-content\/uploads\/2025\/01\/1-5.png?resize=1024%2C576\" alt=\"\" class=\"wp-image-4734\" srcset=\"https:\/\/i0.wp.com\/elcuyabranpost.com\/wp-content\/uploads\/2025\/01\/1-5.png?resize=1024%2C576&amp;ssl=1 1024w, https:\/\/i0.wp.com\/elcuyabranpost.com\/wp-content\/uploads\/2025\/01\/1-5.png?resize=300%2C169&amp;ssl=1 300w, https:\/\/i0.wp.com\/elcuyabranpost.com\/wp-content\/uploads\/2025\/01\/1-5.png?resize=768%2C432&amp;ssl=1 768w, https:\/\/i0.wp.com\/elcuyabranpost.com\/wp-content\/uploads\/2025\/01\/1-5.png?resize=1536%2C864&amp;ssl=1 1536w, https:\/\/i0.wp.com\/elcuyabranpost.com\/wp-content\/uploads\/2025\/01\/1-5.png?w=1920&amp;ssl=1 1920w\" sizes=\"(max-width: 1000px) 100vw, 1000px\" \/><\/figure>\n\n\n\n<p style=\"font-size:22px\">El parlamentario se detiene a hablar de estas grandes l\u00edneas. Por lo menos de las que fueron el eje central de su visita a la regi\u00f3n:<\/p>\n\n\n\n<ol class=\"wp-block-list\">\n<li style=\"font-size:22px\">La transici\u00f3n energ\u00e9tica hacia fuentes limpias. \u201cEstamos viendo que posibilidades y proyectos se est\u00e1n desarrollando alrededor de las comunidades energ\u00e9ticas, as\u00ed como las propuestas de la ciudadan\u00eda y los pobladores en distintos lugares\u201d, se\u00f1ala.<\/li>\n\n\n\n<li style=\"font-size:22px\">La producci\u00f3n de alimentos. \u201cAc\u00e1 hay experiencias de agroecolog\u00eda y oportunidades de generar alianzas productivas, de procesos de beneficio al caf\u00e9 o a las frutas, que permitan valores agregados importantes.<\/li>\n\n\n\n<li style=\"font-size:22px\">El agua. \u201cLa producci\u00f3n ecosist\u00e9mica de la cordillera Central y las cuencas que se dirigen hacia el r\u00edo Cauca, en donde estamos viendo c\u00f3mo se plantean algunas propuestas de ordenamiento territorial alrededor del recurso h\u00eddrico y del cuidado de estas cuencas.<\/li>\n\n\n\n<li style=\"font-size:22px\">Las alternativas de que las 3 capitales se fortalezcan en ciudades universitarias \u201cincluso con el establecimiento de centros de innovaci\u00f3n y tecnol\u00f3gicos que est\u00e1n en el Plan de Desarrollo, que se auspicien procesos de investigaci\u00f3n situada y que se mejoren las capacidades de investigaci\u00f3n o propuestas de desarrollo investigativo\u201d.<\/li>\n<\/ol>\n\n\n\n<p style=\"font-size:22px\">-Los temas de ordenamiento territorial, transici\u00f3n energ\u00e9tica, reconversi\u00f3n productiva, derecho humano a la alimentaci\u00f3n, sumados a la justicia social y la seguridad humana, son los puntos que podr\u00edamos mencionar como los m\u00e1s estrat\u00e9gicos y hac\u00eda eso estamos direccionando las ejecuciones de este a\u00f1o- reitera.<\/p>\n\n\n\n<div style=\"height:100px\" aria-hidden=\"true\" class=\"wp-block-spacer\"><\/div>\n\n\n\n<figure class=\"wp-block-image size-large\"><img data-recalc-dims=\"1\" loading=\"lazy\" decoding=\"async\" width=\"1024\" height=\"576\" src=\"https:\/\/i0.wp.com\/elcuyabranpost.com\/wp-content\/uploads\/2025\/01\/2-6.png?resize=1024%2C576\" alt=\"\" class=\"wp-image-4735\" srcset=\"https:\/\/i0.wp.com\/elcuyabranpost.com\/wp-content\/uploads\/2025\/01\/2-6.png?resize=1024%2C576&amp;ssl=1 1024w, https:\/\/i0.wp.com\/elcuyabranpost.com\/wp-content\/uploads\/2025\/01\/2-6.png?resize=300%2C169&amp;ssl=1 300w, https:\/\/i0.wp.com\/elcuyabranpost.com\/wp-content\/uploads\/2025\/01\/2-6.png?resize=768%2C432&amp;ssl=1 768w, https:\/\/i0.wp.com\/elcuyabranpost.com\/wp-content\/uploads\/2025\/01\/2-6.png?resize=1536%2C864&amp;ssl=1 1536w, https:\/\/i0.wp.com\/elcuyabranpost.com\/wp-content\/uploads\/2025\/01\/2-6.png?w=1920&amp;ssl=1 1920w\" sizes=\"(max-width: 1000px) 100vw, 1000px\" \/><\/figure>\n\n\n\n<p style=\"font-size:22px\"><strong>Su posici\u00f3n sobre la oposici\u00f3n parlamentaria<\/strong><\/p>\n\n\n\n<p style=\"font-size:22px\">Benavides habla de un recurso para la inversi\u00f3n de cerca de 65 billones de pesos. Una cifra inferior a la que se esperaban, y que se cay\u00f3 cuando no se aprob\u00f3 en el Congreso la Ley de Financiamiento.<\/p>\n\n\n\n<p style=\"font-size:22px\">-Sin embargo, hay una gran posibilidad de que se inviertan, no solo en las destinaciones habituales, sino en proyectos estrat\u00e9gicos, por lo menos en estos puntos que ya mencion\u00e9 a lo largo del pa\u00eds.<\/p>\n\n\n\n<p style=\"font-size:22px\">-Luego de que no pasara el proyecto de Ley lleg\u00f3 por ac\u00e1 al Quind\u00edo un representante a la C\u00e1mara del departamento, de Cambio Radical, inflando pecho que porque hab\u00eda votado negativo y que hab\u00eda salvado el pa\u00eds, que le deb\u00edamos las gracias\u2026<\/p>\n\n\n\n<p style=\"font-size:22px\">-Necesit\u00e1bamos 12 billones de pesos que iban para temas que necesita el Quind\u00edo. Estaban destinados a fortalecer v\u00edas terciarias y secundarias, por ejemplo; en el Quind\u00edo se han desarrollado varias muy importantes, pero sigue habiendo un d\u00e9ficit y las requerimos para incentivar la capacidad de las vidas campesinas en t\u00e9rminos comerciales. Pero tambi\u00e9n hab\u00eda iniciativas encaminadas a mejorar la log\u00edstica hospitalaria y educativa, o procesos alrededor de la reforma agraria. Haber votado contra la Ley de Financiamiento fue votar contra la inversi\u00f3n para proveer acceso a derechos de los colombianos.<\/p>\n\n\n\n<figure class=\"wp-block-image size-large\"><img data-recalc-dims=\"1\" loading=\"lazy\" decoding=\"async\" width=\"1024\" height=\"576\" src=\"https:\/\/i0.wp.com\/elcuyabranpost.com\/wp-content\/uploads\/2025\/01\/3-6.png?resize=1024%2C576\" alt=\"\" class=\"wp-image-4736\" srcset=\"https:\/\/i0.wp.com\/elcuyabranpost.com\/wp-content\/uploads\/2025\/01\/3-6.png?resize=1024%2C576&amp;ssl=1 1024w, https:\/\/i0.wp.com\/elcuyabranpost.com\/wp-content\/uploads\/2025\/01\/3-6.png?resize=300%2C169&amp;ssl=1 300w, https:\/\/i0.wp.com\/elcuyabranpost.com\/wp-content\/uploads\/2025\/01\/3-6.png?resize=768%2C432&amp;ssl=1 768w, https:\/\/i0.wp.com\/elcuyabranpost.com\/wp-content\/uploads\/2025\/01\/3-6.png?resize=1536%2C864&amp;ssl=1 1536w, https:\/\/i0.wp.com\/elcuyabranpost.com\/wp-content\/uploads\/2025\/01\/3-6.png?w=1920&amp;ssl=1 1920w\" sizes=\"(max-width: 1000px) 100vw, 1000px\" \/><\/figure>\n\n\n\n<p style=\"font-size:22px\">Es inevitable entonces, preguntarle sobre un evento, a\u00fan m\u00e1s reciente, con otra representante quindiana a la C\u00e1mara, que demand\u00f3 la conformaci\u00f3n de una Zona de Reserva Campesina en el departamento. El senador se pone enf\u00e1tico.<\/p>\n\n\n\n<p style=\"font-size:22px\">-Lo de demandar la consolidaci\u00f3n de una Zona de Reserva Campesina la veo como una cuesti\u00f3n de ignorancia, porque una ZRC lo que implica es un proceso de delimitaci\u00f3n: no es una sustracci\u00f3n y se da en un sector en donde ya existen procesos productivos, territoriales, organizativos y sociales campesinos, para darles m\u00e1s orden y que cumplan una serie de posibilidades de resguardo de ese territorio, pero tambi\u00e9n una serie de usos como proveer alimento y protegerla ecosist\u00e9micamente. Si a eso le aderezas elementos sobreideologizados o lecturas ignorantes de la historia, y piensas que es una herramienta, pues lee la Ley 160 de 1994: es una cuesti\u00f3n legal, precisa, acotada hace 30 a\u00f1os. Es una l\u00e1stima que sea una demanda en contra de algo que viene a ayudar a organizar el territorio, la producci\u00f3n y que los campesinos tengan derechos.<\/p>\n\n\n\n<p style=\"font-size:22px\">-El argumento es que los alcaldes quedaban sin poder de decisi\u00f3n frente a otro tipo de ordenamiento territorial.<\/p>\n\n\n\n<p style=\"font-size:22px\">-No es una herramienta de ordenamiento territorial sino una figura de ordenamiento y protecci\u00f3n de la vida campesina. Incluso, no tiene potestades administrativas como lo puede tener un municipio, ni siquiera como un resguardo o un consejo comunitario.<\/p>\n\n\n\n<div style=\"height:100px\" aria-hidden=\"true\" class=\"wp-block-spacer\"><\/div>\n\n\n\n<figure class=\"wp-block-image size-large\"><img data-recalc-dims=\"1\" loading=\"lazy\" decoding=\"async\" width=\"1024\" height=\"576\" src=\"https:\/\/i0.wp.com\/elcuyabranpost.com\/wp-content\/uploads\/2025\/01\/4-4.png?resize=1024%2C576\" alt=\"\" class=\"wp-image-4737\" srcset=\"https:\/\/i0.wp.com\/elcuyabranpost.com\/wp-content\/uploads\/2025\/01\/4-4.png?resize=1024%2C576&amp;ssl=1 1024w, https:\/\/i0.wp.com\/elcuyabranpost.com\/wp-content\/uploads\/2025\/01\/4-4.png?resize=300%2C169&amp;ssl=1 300w, https:\/\/i0.wp.com\/elcuyabranpost.com\/wp-content\/uploads\/2025\/01\/4-4.png?resize=768%2C432&amp;ssl=1 768w, https:\/\/i0.wp.com\/elcuyabranpost.com\/wp-content\/uploads\/2025\/01\/4-4.png?resize=1536%2C864&amp;ssl=1 1536w, https:\/\/i0.wp.com\/elcuyabranpost.com\/wp-content\/uploads\/2025\/01\/4-4.png?w=1920&amp;ssl=1 1920w\" sizes=\"(max-width: 1000px) 100vw, 1000px\" \/><\/figure>\n\n\n\n<p style=\"font-size:22px\"><strong>Se cocinan las pr\u00f3ximas elecciones<\/strong><\/p>\n\n\n\n<p style=\"font-size:22px\">-\u00bfC\u00f3mo se ve desde la bancada del Pacto Hist\u00f3rico la situaci\u00f3n de seguridad? Hace poco saltaron de nuevo las alarmas en el Quind\u00edo con la presunta llegada de las disidencias de las Farc al territorio\u2026<\/p>\n\n\n\n<p style=\"font-size:22px\">&#8211; Hay una alerta general. Hemos dicho que hay que apoyar al Presidente con una serie de medidas que est\u00e1 tomando, porque tenemos que insistir en la Paz Total, y una forma es que se ejecuten los planes de inversi\u00f3n para evitar que se reproduzcan las circunstancias en las que esos grupos armados pueden seguir adquiriendo fuerza, as\u00ed como una alerta humanitaria porque est\u00e1n las condiciones de preocupaci\u00f3n extrema, pero hay que mantener la intencionalidad de la paz. Es importante enmarcarlo en un el marco jur\u00eddico, porque las salidas militares (se ha comprobado una y otra vez) no son la salida humanitaria ni pac\u00edfica que logre unas mejores convivencias.<\/p>\n\n\n\n<p style=\"font-size:22px\">No obstante, agrega, no descarta que este tipo de manifestaciones puedan usarse para originar un estado de zozobra e inseguridad en la poblaci\u00f3n, con fines pol\u00edticos.<\/p>\n\n\n\n<p style=\"font-size:22px\">-Ah\u00ed el Ej\u00e9rcito y el ministerio de Defensa deben aclarar si se est\u00e1 dando realmente esta situaci\u00f3n, o si es uno de esos corrillos que la gente utiliza para generar estados de incertidumbre. Pero tambi\u00e9n tenemos que hacer un llamado a los grupos armados que est\u00e1n interesados en el proceso de paz, de que tienen que generar manifestaciones y hechos que demuestren una voluntad pol\u00edtica orientada hacia la paz.<\/p>\n\n\n\n<figure class=\"wp-block-image size-large\"><img data-recalc-dims=\"1\" loading=\"lazy\" decoding=\"async\" width=\"1024\" height=\"576\" src=\"https:\/\/i0.wp.com\/elcuyabranpost.com\/wp-content\/uploads\/2025\/01\/5-3.png?resize=1024%2C576\" alt=\"\" class=\"wp-image-4738\" srcset=\"https:\/\/i0.wp.com\/elcuyabranpost.com\/wp-content\/uploads\/2025\/01\/5-3.png?resize=1024%2C576&amp;ssl=1 1024w, https:\/\/i0.wp.com\/elcuyabranpost.com\/wp-content\/uploads\/2025\/01\/5-3.png?resize=300%2C169&amp;ssl=1 300w, https:\/\/i0.wp.com\/elcuyabranpost.com\/wp-content\/uploads\/2025\/01\/5-3.png?resize=768%2C432&amp;ssl=1 768w, https:\/\/i0.wp.com\/elcuyabranpost.com\/wp-content\/uploads\/2025\/01\/5-3.png?resize=1536%2C864&amp;ssl=1 1536w, https:\/\/i0.wp.com\/elcuyabranpost.com\/wp-content\/uploads\/2025\/01\/5-3.png?w=1920&amp;ssl=1 1920w\" sizes=\"(max-width: 1000px) 100vw, 1000px\" \/><\/figure>\n\n\n\n<p style=\"font-size:22px\">Obviamente, en su visita al Eje Cafetero el senador se reuni\u00f3 con las bases de los colectivos que componen la coalici\u00f3n que llev\u00f3 a Gustavo Petro a la Presidencia de la Rep\u00fablica. Todo con un horizonte claro, en el que los diferentes partidos y movimientos que trabajaron en unidad bajo la sombrilla del Pacto Hist\u00f3rico se preparan para unirse bajo una \u00fanica personer\u00eda jur\u00eddica.<\/p>\n\n\n\n<p style=\"font-size:22px\">-Somos los de mejor opini\u00f3n y m\u00e1s apoyo ciudadano, y tenemos que generar los principios, el programa y las garant\u00edas democr\u00e1ticas para que esa opini\u00f3n favorable se mantenga, nos fortalezca y seamos la votaci\u00f3n m\u00e1s grande al Congreso. Hoy somos 20 senadores de 100, y entre 30 y 35 representantes a la C\u00e1mara de un total de 180, por lo que nuestras capacidades legislativas se ven limitadas por eso en el prop\u00f3sito de generar los cambios en democracia que tienen que ver con fortalecer el estado social de derecho y garantizar una mayor dignidad y soberan\u00eda a la poblaci\u00f3n. Por eso estamos organiz\u00e1ndonos, al igual que para lograr la Presidencia, convocando a un gran frente amplio por la transformaci\u00f3n de Colombia; somos optimistas, creemos en la voluntad popular y de la ciudadan\u00eda, y pensamos que estamos reuniendo las condiciones para que estas nos acompa\u00f1en en el derrotero program\u00e1tico y pol\u00edtico que queremos proponer en 2026.<\/p>\n","protected":false},"excerpt":{"rendered":"<p>Tengo que reconocer que me agarr\u00f3 por sorpresa la visita del senador por el Pacto Hist\u00f3rico, Carlos Alberto Benavides Mora a Armenia. Y era de esperarse: su agenda, a lo largo del Eje Cafetero, se centr\u00f3 en reuniones con las autoridades de Caldas, Risaralda y Quind\u00edo para echarle ojo a la ejecuci\u00f3n de los programas [&hellip;]<\/p>\n","protected":false},"author":1,"featured_media":4740,"comment_status":"open","ping_status":"open","sticky":false,"template":"","format":"standard","meta":{"om_disable_all_campaigns":false,"_monsterinsights_skip_tracking":false,"_monsterinsights_sitenote_active":false,"_monsterinsights_sitenote_note":"","_monsterinsights_sitenote_category":0,"_uf_show_specific_survey":0,"_uf_disable_surveys":false,"_jetpack_memberships_contains_paid_content":false,"footnotes":""},"categories":[105],"tags":[526,530,269,529,135,15,527,528],"class_list":["post-4733","post","type-post","status-publish","format-standard","has-post-thumbnail","hentry","category-plataforma","tag-carlos-alberto-benavides","tag-casa-paz","tag-gustavo-petro","tag-ley-de-financiamiento","tag-pacto-historico","tag-quindio","tag-senador","tag-zonas-de-reserva-campesina"],"aioseo_notices":[],"jetpack_featured_media_url":"https:\/\/i0.wp.com\/elcuyabranpost.com\/wp-content\/uploads\/2025\/01\/A-veces-la-gente-piensa-que-el-Gobierno-nacional-como-que-no-se-siente.png?fit=1920%2C1080&ssl=1","jetpack_sharing_enabled":true,"_links":{"self":[{"href":"https:\/\/elcuyabranpost.com\/index.php\/wp-json\/wp\/v2\/posts\/4733"}],"collection":[{"href":"https:\/\/elcuyabranpost.com\/index.php\/wp-json\/wp\/v2\/posts"}],"about":[{"href":"https:\/\/elcuyabranpost.com\/index.php\/wp-json\/wp\/v2\/types\/post"}],"author":[{"embeddable":true,"href":"https:\/\/elcuyabranpost.com\/index.php\/wp-json\/wp\/v2\/users\/1"}],"replies":[{"embeddable":true,"href":"https:\/\/elcuyabranpost.com\/index.php\/wp-json\/wp\/v2\/comments?post=4733"}],"version-history":[{"count":1,"href":"https:\/\/elcuyabranpost.com\/index.php\/wp-json\/wp\/v2\/posts\/4733\/revisions"}],"predecessor-version":[{"id":4741,"href":"https:\/\/elcuyabranpost.com\/index.php\/wp-json\/wp\/v2\/posts\/4733\/revisions\/4741"}],"wp:featuredmedia":[{"embeddable":true,"href":"https:\/\/elcuyabranpost.com\/index.php\/wp-json\/wp\/v2\/media\/4740"}],"wp:attachment":[{"href":"https:\/\/elcuyabranpost.com\/index.php\/wp-json\/wp\/v2\/media?parent=4733"}],"wp:term":[{"taxonomy":"category","embeddable":true,"href":"https:\/\/elcuyabranpost.com\/index.php\/wp-json\/wp\/v2\/categories?post=4733"},{"taxonomy":"post_tag","embeddable":true,"href":"https:\/\/elcuyabranpost.com\/index.php\/wp-json\/wp\/v2\/tags?post=4733"}],"curies":[{"name":"wp","href":"https:\/\/api.w.org\/{rel}","templated":true}]}}